{"id":560766,"date":"2025-11-26T20:47:10","date_gmt":"2025-11-26T20:47:10","guid":{"rendered":"https:\/\/www.europesays.com\/fr\/560766\/"},"modified":"2025-11-26T20:47:10","modified_gmt":"2025-11-26T20:47:10","slug":"en-seine-maritime-pourquoi-ce-golf-est-il-temporairement-ferme","status":"publish","type":"post","link":"https:\/\/www.europesays.com\/fr\/560766\/","title":{"rendered":"En Seine-Maritime, pourquoi ce golf est-il temporairement ferm\u00e9\u00a0?"},"content":{"rendered":"<p>                    Par<br \/>\n        <strong><br \/>\n            <a href=\"https:\/\/actu.fr\/auteur\/p-defoix\" title=\"Consulter tous les articles de Pauline Defoix\" target=\"_blank\" rel=\"noopener\">Pauline Defoix<\/a><br \/>\n                    <\/strong><\/p>\n<p>        Publi\u00e9 le<\/p>\n<p>            26 nov. 2025 \u00e0 19h16        <\/p>\n<p>Dans les rues de <a href=\"https:\/\/actu.fr\/normandie\/saint-saens_76648\" target=\"_blank\" rel=\"noopener\">Saint-Sa\u00ebns<\/a>, la nouvelle n\u2019a pas mis longtemps \u00e0 se r\u00e9pandre\u2026 <b>le Golf<\/b>, situ\u00e9 au Vaudichon, comprenant un service d\u2019h\u00f4tellerie, restauration, bar et la pratique du golf a ferm\u00e9 ses portes ou presque, comme en t\u00e9moigne la disparition des panneaux indiquant sa pr\u00e9sence sur l\u2019axe routier.<\/p>\n<p>Recentrer ses activit\u00e9s sur le site de Forges-les-Eaux\u00a0<\/p>\n<p class=\" wall-content\">Depuis le 31\u00a0octobre, en effet \u00ab l\u2019exploitation du Golf de Saint-Sa\u00ebns a \u00e9t\u00e9 arr\u00eat\u00e9e et la soci\u00e9t\u00e9 Forges thermal (groupe Partouche) qui en est propri\u00e9taire l\u2019a mis en vente \u00bb, font-ils savoir. La raison :<\/p>\n<blockquote class=\"ac-article-quote wall-content\">\n<p>\u00ab La SA Forges thermal a d\u00e9cid\u00e9 de se recentrer sur ses activit\u00e9s sur le territoire de la ville de Forges-les-Eaux. \u00bb<\/p>\n<\/blockquote>\n<p class=\" wall-content\">Une nouvelle qui n\u2019est pas sans inqui\u00e9ter les Saint-sa\u00ebnnais, qu\u2019ils soient \u00e9lus, commer\u00e7ants ou habitants. \u00ab On souhaite qu\u2019il y ait une suite pour ce lieu, qui est un atout touristique mais \u00e9conomique pour la ville \u00bb, lance Pascal Tacconi, adjoint \u00e0 la mairie de Saint-Sa\u00ebns. \u00ab Cela serait vraiment dommage que son exploitation s\u2019arr\u00eate d\u00e9finitivement \u00bb.<\/p>\n<p>Le golf le plus populaire du r\u00e9seau LeClub golf<\/p>\n<p>Vous souvenez-vous ? Le golf de Saint-Sa\u00ebns a d\u00e9croch\u00e9 en 2024 la seconde place au concours \u00ab Le Best Golfer&rsquo;s Choice \u00bb. Le but de ce dernier : \u00eatre \u00e9lu le golf le plus populaire du r\u00e9seau LeClub Golf, \u00e0 l&rsquo;initiative de ce concours. Une place dont le site n&rsquo;\u00e9tait pas peu fier.<\/p>\n<p class=\" wall-content\">Un avis rejoint par d\u2019autres \u00e9lus, tels que le maire de Saint-Sa\u00ebns, <a href=\"https:\/\/actu.fr\/normandie\/saint-saens_76648\/un-nouveau-maire-a-quelques-mois-seulement-des-municipale-dans-cette-commune-de-seine-maritime_63452634.html\" target=\"_blank\" rel=\"noopener\">Gilles Frelaut<\/a> et la conseill\u00e8re municipale, <a href=\"https:\/\/actu.fr\/normandie\/saint-saens_76648\/a-saint-saens-une-troisieme-candidate-sest-declaree-pour-les-elections-municipales-de-2026_63230812.html\" target=\"_blank\" rel=\"noopener\">Armelle Mousse<\/a>. \u00ab Cela serait vraiment pr\u00e9judiciable pour la ville. C\u2019est un lieu qui attire <b>les golfeurs, les locaux et des touristes \u00e9trangers<\/b>. Ces derniers profitant de leur venue pour faire leurs achats dans les commerces de la ville. C\u2019est aussi un lieu privil\u00e9gi\u00e9 pour les \u00e9v\u00e9nements priv\u00e9s, les rendez-vous d\u2019affaires \u00bb, glissent-ils.<\/p>\n<p>Un repreneur pour le site du Golf de Saint-Sa\u00ebns<\/p>\n<p class=\" wall-content\">Actuellement, \u00ab les lieux sont toujours entretenus \u00bb, indique l\u2019\u00e9dile de la commune \u00ab et les golfeurs ainsi que l\u2019\u00e9quipe de footgolf ont toujours acc\u00e8s aux greens \u00bb affirme la municipalit\u00e9.<\/p>\n<p class=\" wall-content\">Mais y aura-t-il un repreneur ? Le site va-t-il \u00e0 nouveau ouvrir ses portes \u00e0 l\u2019ensemble du public et revivre de plus belle ? Qu\u2019en est-il des salari\u00e9s du site ? Des questions qui sont sur toutes les l\u00e8vres. Mais \u00e0 l\u2019heure o\u00f9 cet article est \u00e9crit, aucune information suppl\u00e9mentaire n\u2019a \u00e9t\u00e9 communiqu\u00e9e par le groupe. Une affaire \u00e0 suivre\u2026<\/p>\n<p class=\" wall-content\">Personnalisez votre actualit\u00e9 en ajoutant vos villes et m\u00e9dias en favori avec <a href=\"https:\/\/moncompte.actu.fr\" title=\"D\u00e9couvez Mon Actu\" rel=\"nofollow noopener\" data-trk=\"{&quot;cta&quot;:{&quot;action&quot;:&quot;https:\\\/\\\/moncompte.actu.fr&quot;,&quot;category&quot;:&quot;mon compte&quot;,&quot;from&quot;:&quot;article footer&quot;,&quot;name&quot;:&quot;Mon actu&quot;,&quot;type&quot;:&quot;cta&quot;}}\" target=\"_blank\">Mon Actu<\/a>.<\/p>\n","protected":false},"excerpt":{"rendered":"Par Pauline Defoix Publi\u00e9 le 26 nov. 2025 \u00e0 19h16 Dans les rues de Saint-Sa\u00ebns, la nouvelle n\u2019a&hellip;\n","protected":false},"author":2,"featured_media":560767,"comment_status":"","ping_status":"","sticky":false,"template":"","format":"standard","meta":{"footnotes":""},"categories":[1418],"tags":[1011,27,1472,10175,104,60],"class_list":{"0":"post-560766","1":"post","2":"type-post","3":"status-publish","4":"format-standard","5":"has-post-thumbnail","7":"category-golf","8":"tag-fr","9":"tag-france","10":"tag-golf","11":"tag-pays-de-bray","12":"tag-societe","13":"tag-sports"},"share_on_mastodon":{"url":"https:\/\/pubeurope.com\/@fr\/115617965181977631","error":""},"_links":{"self":[{"href":"https:\/\/www.europesays.com\/fr\/wp-json\/wp\/v2\/posts\/560766","targetHints":{"allow":["GET"]}}],"collection":[{"href":"https:\/\/www.europesays.com\/fr\/wp-json\/wp\/v2\/posts"}],"about":[{"href":"https:\/\/www.europesays.com\/fr\/wp-json\/wp\/v2\/types\/post"}],"author":[{"embeddable":true,"href":"https:\/\/www.europesays.com\/fr\/wp-json\/wp\/v2\/users\/2"}],"replies":[{"embeddable":true,"href":"https:\/\/www.europesays.com\/fr\/wp-json\/wp\/v2\/comments?post=560766"}],"version-history":[{"count":0,"href":"https:\/\/www.europesays.com\/fr\/wp-json\/wp\/v2\/posts\/560766\/revisions"}],"wp:featuredmedia":[{"embeddable":true,"href":"https:\/\/www.europesays.com\/fr\/wp-json\/wp\/v2\/media\/560767"}],"wp:attachment":[{"href":"https:\/\/www.europesays.com\/fr\/wp-json\/wp\/v2\/media?parent=560766"}],"wp:term":[{"taxonomy":"category","embeddable":true,"href":"https:\/\/www.europesays.com\/fr\/wp-json\/wp\/v2\/categories?post=560766"},{"taxonomy":"post_tag","embeddable":true,"href":"https:\/\/www.europesays.com\/fr\/wp-json\/wp\/v2\/tags?post=560766"}],"curies":[{"name":"wp","href":"https:\/\/api.w.org\/{rel}","templated":true}]}}