{"id":56077,"date":"2025-04-27T05:24:07","date_gmt":"2025-04-27T05:24:07","guid":{"rendered":"https:\/\/www.europesays.com\/fr\/56077\/"},"modified":"2025-04-27T05:24:07","modified_gmt":"2025-04-27T05:24:07","slug":"saint-aignan-de-grandlieu-le-conseil-des-enfants-a-thungersheim","status":"publish","type":"post","link":"https:\/\/www.europesays.com\/fr\/56077\/","title":{"rendered":"Saint-Aignan-de-Grandlieu. Le conseil des enfants \u00e0 Th\u00fcngersheim"},"content":{"rendered":"<p>Pour la premi\u00e8re fois, le Conseil municipal des enfants (CME), dans le cadre du 30e anniversaire du jumelage avec la ville allemande Th\u00fcngersheim, fait partie de la d\u00e9l\u00e9gation s\u2019y rendant du 30\u00a0avril au 4\u00a0mai. \u00a0C\u2019est une belle opportunit\u00e9 pour nous d\u2019\u00e9changer avec nos homologues Allemands tout en repr\u00e9sentant les enfants aignanais\u00a0\u00bb, commentent les jeunes \u00e9lus, ravis de ce voyage o\u00f9 en plus des rencontres et d\u00e9couvertes culturelles, ils pourront tisser des liens. \u00a0L\u2019amiti\u00e9 qui unit nos communes est forte et pr\u00e9cieuse. Cette initiative vise \u00e0 les sensibiliser \u00e0 l\u2019importance des relations internationales et du dialogue interculturel. Ils en reviendront plus ouverts, inspir\u00e9s des \u00e9changes et visites v\u00e9cus\u00a0, souhaite H\u00e9l\u00e8ne Hazlewood, adjointe d\u00e9l\u00e9gu\u00e9e.<\/p>\n<p>Ce projet s\u2019inscrit dans la volont\u00e9 de faire participer les jeunes \u00e0 la vie communale, pour qu\u2019ils deviennent des citoyens responsables et ouverts sur le monde. \u00a0Les enfants du CME participent \u00e0 l\u2019accueil de nos amis allemands, s\u2019inscrivant dans ce jumelage. Il est normal qu\u2019ils d\u00e9couvrent Th\u00fcngersheim\u00a0 remarque Isabelle Batard, pr\u00e9sidente du comit\u00e9 de jumelage.<\/p>\n<p>\u00a0<\/p>\n","protected":false},"excerpt":{"rendered":"Pour la premi\u00e8re fois, le Conseil municipal des enfants (CME), dans le cadre du 30e anniversaire du jumelage&hellip;\n","protected":false},"author":2,"featured_media":56078,"comment_status":"","ping_status":"","sticky":false,"template":"","format":"standard","meta":{"footnotes":""},"categories":[2818],"tags":[1111,11,7516,1719,1777,674,1011,27,766,12,2636,25,15126,15127],"class_list":{"0":"post-56077","1":"post","2":"type-post","3":"status-publish","4":"format-standard","5":"has-post-thumbnail","7":"category-nantes","8":"tag-actu","9":"tag-actualites","10":"tag-conseil","11":"tag-enfants","12":"tag-eu","13":"tag-europe","14":"tag-fr","15":"tag-france","16":"tag-nantes","17":"tag-news","18":"tag-pays-de-la-loire","19":"tag-republique-francaise","20":"tag-saint-aignan-de-grandlieu","21":"tag-thungersheim"},"share_on_mastodon":{"url":"https:\/\/pubeurope.com\/@fr\/114408263787681373","error":""},"_links":{"self":[{"href":"https:\/\/www.europesays.com\/fr\/wp-json\/wp\/v2\/posts\/56077","targetHints":{"allow":["GET"]}}],"collection":[{"href":"https:\/\/www.europesays.com\/fr\/wp-json\/wp\/v2\/posts"}],"about":[{"href":"https:\/\/www.europesays.com\/fr\/wp-json\/wp\/v2\/types\/post"}],"author":[{"embeddable":true,"href":"https:\/\/www.europesays.com\/fr\/wp-json\/wp\/v2\/users\/2"}],"replies":[{"embeddable":true,"href":"https:\/\/www.europesays.com\/fr\/wp-json\/wp\/v2\/comments?post=56077"}],"version-history":[{"count":0,"href":"https:\/\/www.europesays.com\/fr\/wp-json\/wp\/v2\/posts\/56077\/revisions"}],"wp:featuredmedia":[{"embeddable":true,"href":"https:\/\/www.europesays.com\/fr\/wp-json\/wp\/v2\/media\/56078"}],"wp:attachment":[{"href":"https:\/\/www.europesays.com\/fr\/wp-json\/wp\/v2\/media?parent=56077"}],"wp:term":[{"taxonomy":"category","embeddable":true,"href":"https:\/\/www.europesays.com\/fr\/wp-json\/wp\/v2\/categories?post=56077"},{"taxonomy":"post_tag","embeddable":true,"href":"https:\/\/www.europesays.com\/fr\/wp-json\/wp\/v2\/tags?post=56077"}],"curies":[{"name":"wp","href":"https:\/\/api.w.org\/{rel}","templated":true}]}}