{"id":560777,"date":"2025-11-26T20:57:27","date_gmt":"2025-11-26T20:57:27","guid":{"rendered":"https:\/\/www.europesays.com\/fr\/560777\/"},"modified":"2025-11-26T20:57:27","modified_gmt":"2025-11-26T20:57:27","slug":"architecture-au-chateau-de-pau-les-murs-ont-une-histoire","status":"publish","type":"post","link":"https:\/\/www.europesays.com\/fr\/560777\/","title":{"rendered":"Architecture au ch\u00e2teau de Pau: les murs ont une histoire"},"content":{"rendered":"<p>Un casse-t\u00eate pour ceux qui veillent \u00e0 la conservation du ch\u00e2teau et devront s\u2019accommoder des contraintes, mais aussi une source d\u2019inspiration. Ce sont les al\u00e9as de cette \u00ab\u00a0vie quotidienne\u00a0\u00bb li\u00e9e \u00e0 l\u2019accueil&#8230;<\/p>\n<p>Un casse-t\u00eate pour ceux qui veillent \u00e0 la conservation du ch\u00e2teau et devront s\u2019accommoder des contraintes, mais aussi une source d\u2019inspiration. Ce sont les al\u00e9as de cette \u00ab\u00a0vie quotidienne\u00a0\u00bb li\u00e9e \u00e0 l\u2019accueil du public, \u00e0 la restauration, \u00e0 l\u2019int\u00e9gration des normes qui ont fait \u00e9merger l\u2019id\u00e9e de la nouvelle exposition \u00ab\u00a0Projets et merveilles &#8211; Architecture et dessin d\u2019architecte (vers 1820\u20131920)\u00bb propos\u00e9e par le ch\u00e2teau de Pau, explique Paul Mironneau.<\/p>\n<p>        <img decoding=\"async\" id=\"26836581\" src=\"https:\/\/www.europesays.com\/fr\/wp-content\/uploads\/2025\/11\/8-p-2004-1-1-1.jpg\" alt=\" Le ch\u00e2teau de Pau a aussi \u00e9t\u00e9 transfigur\u00e9 par les artistes.\" itemprop=\"contentURL\"\/><\/p>\n<p>     Le ch\u00e2teau de Pau a aussi \u00e9t\u00e9 transfigur\u00e9 par les artistes.<\/p>\n<p>Pernot Fran\u00e7ois Alexandre (1793-1865)<\/p>\n<p>    La r\u00e9daction vous conseille<\/p>\n<p>                        <a href=\"https:\/\/www.larepubliquedespyrenees.fr\/culture-et-loisirs\/selection-sorties\/bernard-arbus-le-passeur-d-ame-26590473.php\" title=\"Bernard Arbus, le passeur d\u2019\u00e2me\" target=\"_blank\" rel=\"noopener\"><br \/>\n                            <img decoding=\"async\" src=\"https:\/\/www.europesays.com\/fr\/wp-content\/uploads\/2025\/11\/bernard-arbus.jpg\" alt=\"Bernard Arbus, le passeur d\u2019\u00e2me\"\/><br \/>\n                        <\/a><\/p>\n<p>                    <a href=\"https:\/\/www.larepubliquedespyrenees.fr\/culture-et-loisirs\/selection-sorties\/bernard-arbus-le-passeur-d-ame-26590473.php\" title=\"Bernard Arbus, le passeur d\u2019\u00e2me\" target=\"_blank\" rel=\"noopener\"><\/p>\n<p>\n                            Bernard Arbus, le passeur d\u2019\u00e2me\n                        <\/p>\n<p>                    <\/a><\/p>\n<p>\n                        Le pianiste et conf\u00e9rencier install\u00e9 en vall\u00e9e d\u2019Ossau ressuscite la musique de compositeurs oubli\u00e9s et joue de toute la gamme pour montrer son importance dans la religion, la peinture\u2026 et le cerveau.\n                    <\/p>\n<p>Il en est l\u2019un des trois commissaires, avec Rachel Boustta, cheffe du service maintenance et travaux du Mus\u00e9e national et domaine du ch\u00e2teau de Pau et Claude Menges-Mironneau, conservatrice des Antiquit\u00e9s et Objets d\u2019art des Pyr\u00e9n\u00e9es-Atlantiques, et charg\u00e9e de mission au Mus\u00e9e national et domaine du ch\u00e2teau de Pau.<\/p>\n<p>\u00ab\u00a0Une histoire culturelle\u00a0\u00bb<\/p>\n<p>Depuis le samedi 22\u00a0novembre et jusqu\u2019au dimanche 22\u00a0f\u00e9vrier 2026, cette exposition \u00e9claire le travail des architectes, envoy\u00e9s au chevet du ch\u00e2teau de Pau pour le restaurer. La visite de Napol\u00e9on Ier en 1808 dans ce ch\u00e2teau d\u00e9labr\u00e9, marquera le coup d\u2019envoi des restaurations, dont l\u2019exposition replace les projets dans un contexte plus large. Il m\u00eale message et symbolique politiques, sociologie de la ville de Pau, imp\u00e9ratifs \u00e9conomiques, \u00e9volution critique de l\u2019histoire, encadrement plus rigoureux et scientifique de la restauration, et m\u00eame tendances de la mode architecturale\u2026 \u00ab\u00a0C\u2019est une histoire culturelle, une histoire de la sensibilit\u00e9\u00a0\u00bb, r\u00e9sume Paul Mironneau, qui insiste\u00a0: \u00ab\u00a0L\u2019architecture est un moyen de faire passer un sens\u00a0!\u00a0\u00bb<\/p>\n<p>        <img decoding=\"async\" id=\"26836608\" src=\"https:\/\/www.europesays.com\/fr\/wp-content\/uploads\/2025\/11\/3-p-454-jyc.jpg\" alt=\"Pour Louis-Philippe, le ch\u00e2teau de Pau devait affirmer son lien direct avec les Bourbons.\" itemprop=\"contentURL\"\/><\/p>\n<p>    Pour Louis-Philippe, le ch\u00e2teau de Pau devait affirmer son lien direct avec les Bourbons.<\/p>\n<p>Jean-Yves Chermeux\/Buste de Louis-Philippe, d\u2019apr\u00e8s Jean-Jacques, dit James, Pradier<\/p>\n<p>Les bustes de Louis-Philippe et de Napol\u00e9on III illustrent ses propos. Le premier voulait affirmer qu\u2019il descendait en ligne directe d\u2019Henri IV, et le ch\u00e2teau de Pau devenait un objet de propagande. La proximit\u00e9 avec l\u2019Espagne lui permettait ainsi \u00ab\u00a0de montrer sa politique ext\u00e9rieure dynamique\u00a0\u00bb, continue Paul Mironneau. Durant le r\u00e8gne du second, des travaux spectaculaires continuent.<\/p>\n<p>Escalier \u00e0 double r\u00e9volution<\/p>\n<p>Au fil des ans et des remous politiques, des architectes bard\u00e9s de prix se succ\u00e8dent avec des projets plus ou moins \u00ab\u00a0d\u00e9lirants\u00a0\u00bb, avant que ne s\u2019instaure une \u00ab\u00a0approche plus conservatoire au XXe et XXIe\u00a0si\u00e8cle\u00a0\u00bb. Les trois commissaires de l\u2019exposition ont sorti des dessins d\u2019architectes des archives, et les ont confront\u00e9s \u00e0 ceux d\u2019amateurs et d\u2019artistes. \u00ab\u00a0Projets et merveilles\u00a0\u00bb se d\u00e9ploie aussi en volume, avec des moulages de chapiteaux, r\u00e9alis\u00e9s en pl\u00e2tre et r\u00e9sine entre 1820 et 1870, \u00e0 partir de dessins.<\/p>\n<p>Ces objets et dessins racontent de quelle fa\u00e7on \u00ab\u00a0les architectes sur le terrain se sont confront\u00e9s \u00e0 la r\u00e9alit\u00e9\u2026 Celle qu\u2019ils voient ou celle qu\u2019ils voulaient voir\u00a0\u00bb, d\u00e9montrant qu\u2019aucune repr\u00e9sentation n\u2019est neutre. Les uns sont travers\u00e9s par l\u2019influence romantique du \u00ab\u00a0ch\u00e2teau myst\u00e9rieux\u00a0\u00bb, d\u2019autres par une volont\u00e9 de mise en ordre et de lisibilit\u00e9 du b\u00e2ti. Ce dessin de 1824, par exemple, de la main d\u2019un architecte aur\u00e9ol\u00e9 du Grand prix de Rome. Venu \u00e0 Pau \u00e9galement en 1808 et 1920, ce passionn\u00e9 d\u2019architecture italienne avait pour projet de donner au ch\u00e2teau de Pau des allures de Palais-villa florentin, avec entr\u00e9e majestueuse et colonnades. Sur son dessin, le donjon a disparu. \u00ab\u00a0Dynamit\u00e9\u00a0!\u00a0\u00bb Le co\u00fbt pharaonique du chantier a permis au ch\u00e2teau d\u2019\u00e9chapper \u00e0 cette catastrophe.<\/p>\n<p>        <img decoding=\"async\" id=\"26836416\" src=\"https:\/\/www.europesays.com\/fr\/wp-content\/uploads\/2025\/11\/23-dp-54-2-3-jyc.jpg\" alt=\"Un escalier \u00e0 double r\u00e9volution dans ce projet de restauration de la fa\u00e7ade ouest... \" itemprop=\"contentURL\"\/><\/p>\n<p>    Un escalier \u00e0 double r\u00e9volution dans ce projet de restauration de la fa\u00e7ade ouest&#8230; <\/p>\n<p>Jean-Yves Chermeux\/(Aquarelle sur papier calque D\u00e9p\u00f4t de la M\u00e9diath\u00e8que du Patrimoine et de la Photographie au Mus\u00e9e national et domaine du ch\u00e2teau de Pau)<\/p>\n<p>Dans un autre dessin, l\u2019entr\u00e9e du c\u00f4t\u00e9 ouest \u00e9tait m\u00e9tamorphos\u00e9e\u00a0: elle proposait un monumental escalier \u00e0 double r\u00e9volution, et une niche pour accueillir une statue, ou bien une fontaine. Le but \u00e9tait d\u2019orienter la vue vers la partie bois\u00e9e du domaine. L\u00e0, c\u2019est la transformation de Pau en lieu chic de vill\u00e9giature des Anglais qui a eu raison de ce projet\u00a0: le point de vue avait chang\u00e9, et regarder vers la ville devenait tendance.<\/p>\n<p>\u00ab\u00a0Une vie de chantier\u00a0\u00bb<\/p>\n<p>L\u2019un des architectes s\u2019affiche en peinture\u00a0: Vincent Latapie, l\u2019enfant du Pays, natif de Juran\u00e7on, \u00ab\u00a0qui a surv\u00e9cu un peu \u00e0 tous les r\u00e9gimes\u2026\u00a0\u00bb Tout dans son portrait est symbolique depuis son tire-ligne \u00e0 la main droite, jusqu\u2019\u00e0 la vue du ch\u00e2teau de Pau apr\u00e8s restauration, en passant \u00e9videmment par le carnet o\u00f9 il a croqu\u00e9 le ch\u00e2teau \u00ab\u00a0avant restauration\u00a0\u00bb\u2026 <\/p>\n<p>L\u2019une des plus embl\u00e9matique est celle du portique d\u2019entr\u00e9e, \u00e9rig\u00e9 en 1862 apr\u00e8s la d\u00e9molition de \u00ab\u00a0l\u2019aile de la Chancellerie des rois de Navarre\u00a0\u00bb. C\u2019est aussi \u00ab\u00a0une vie de chantier\u00a0\u00bb que l\u2019exposition met au jour\u00a0: Rachel Boustta a ainsi retrouv\u00e9 les factures de pharmacie des ouvriers bless\u00e9s sur ce chantier.<\/p>\n<p>Les diff\u00e9rents travaux sont pass\u00e9s au tamis de l\u2019\u00e9volution historique. Raymond Ritter, qui incarne \u00ab\u00a0l\u2019expression de l\u2019histoire critique du XXe\u00a0si\u00e8cle\u00a0\u00bb n\u2019h\u00e9site pas \u00e0 parler de \u00ab\u00a0vandalisme\u00a0!\u00a0\u00bb lorsqu\u2019il juge certains d\u2019entre eux. Et dans son beau livre \u00e0 vis\u00e9e populaire intitul\u00e9 \u00ab\u00a0Le ch\u00e2teau de Pau. Histoire et description sur les travaux du ch\u00e2teau de Pau\u00a0\u00bb, publi\u00e9 \u00e0 la fin de la p\u00e9riode charni\u00e8re du XIXe\u00a0si\u00e8cle, l\u2019architecte Auguste Lafollys se d\u00e9sole\u00a0: \u00ab\u00a0Henri IV aurait beaucoup de mal \u00e0 reconna\u00eetre sa chambre s\u2019il revenait\u2026\u00a0\u00bb<\/p>\n<p>La restauration se veut aujourd\u2019hui \u00ab\u00a0plus participative\u00a0\u00bb, soucieuse du \u00ab\u00a0dialogue avec les visiteurs, les partenaires, l\u2019environnement\u00a0\u00bb. Un \u00e9l\u00e9ment demeure immuable: le ch\u00e2teau reste indissociable de Pau. \u00ab\u00a0Quand on touche une ardoise, on touche \u00e0 la ville\u2026\u00a0\u00bb exag\u00e8re \u00e0 peine Paul Mironneau. Il y a parfois de quoi en faire\u2026 toute une histoire.<\/p>\n<p>    Pratique<br \/>\nExposition \u00ab\u00a0Projets et merveilles, Architecture &amp; dessin au ch\u00e2teau de Pau (vers 1820-1920)\u00a0\u00bb depuis le 22\u00a0novembre 2025 au 22\u00a0f\u00e9vrier 2026 au Mus\u00e9e national et domaine du ch\u00e2teau de Pau. Tous les jours de 9\u00a0h\u00a030 \u00e0 11\u00a0h\u00a045 et de 14\u00a0heures \u00e0 17\u00a0heures. Gratuit. Peut \u00eatre visit\u00e9e ind\u00e9pendamment de la visite avec un billet sp\u00e9cifique.<br \/>Pau B\u00e9arn Habitat est partenaire de cette exposition.<br \/>Visite libre du ch\u00e2teau et de l\u2019exposition. La pr\u00e9sentation succincte de l\u2019exposition fait suite au parcours de visite comment\u00e9e des collections permanentes (sans suppl\u00e9ment tarifaire), la visite en autonomie est ensuite possible. Tarif\u00a0: 7\u00a0euros en plein tarif.<br \/>\u00ab\u00a0Zoom sur\u00a0\u00bb\u00a0: vendredi 28\u00a0novembre\u00a0: dessins d\u2019architectes, destin d\u2019architecte\u00a0: Joseph Auguste Lafollye. Pr\u00e9sent\u00e9 par la biblioth\u00e9caire du Mus\u00e9e national et domaine du ch\u00e2teau de Pau et la commissaire de l\u2019exposition.<br \/>Un regard sur l\u2019exposition\u00a0: lundi 1er\u00a0d\u00e9cembre et jeudi 11\u00a0d\u00e9cembre\u00a0: \u00ab\u00a0Projets et Merveilles\u00a0\u00bb. Une approche d\u00e9taill\u00e9e de l\u2019exposition avec une conf\u00e9renci\u00e8re du Grand Palais \u2013 RMN.<br \/>Visite \u00e0 deux voix\u00a0: vendredi 12\u00a0d\u00e9cembre, vendredi 9\u00a0janvier 2026 et vendredi 6\u00a0f\u00e9vrier 2026\u00a0: Des architectes pour un ch\u00e2teau\u00a0! Mise en regard des \u0153uvres et des livres pr\u00e9sent\u00e9s par la biblioth\u00e9caire et la conf\u00e9renci\u00e8re Grand Palais-Rmn.<br \/>Les mercredis de l\u2019exposition\u00a0: mercredi 21\u00a0janvier 2026\u00a0: Le Ch\u00e2teau de Pau et le r\u00eave des architectes au XIXe\u00a0si\u00e8cle.<br \/>Mercredi 18\u00a0f\u00e9vrier 2026\u00a0: Le go\u00fbt ou la folie du ch\u00e2teau de Pau chez les artistes et les amateurs de la fin du XVIIIe au XIXe\u00a0si\u00e8cle. Visite privil\u00e8ge accompagn\u00e9e des commissaires de l\u2019exposition.<\/p>\n","protected":false},"excerpt":{"rendered":"Un casse-t\u00eate pour ceux qui veillent \u00e0 la conservation du ch\u00e2teau et devront s\u2019accommoder des contraintes, mais aussi&hellip;\n","protected":false},"author":2,"featured_media":560778,"comment_status":"","ping_status":"","sticky":false,"template":"","format":"standard","meta":{"footnotes":""},"categories":[1358],"tags":[1348,1384,1385,1386,58,59,1011,27],"class_list":{"0":"post-560777","1":"post","2":"type-post","3":"status-publish","4":"format-standard","5":"has-post-thumbnail","7":"category-arts-et-design","8":"tag-arts","9":"tag-arts-and-design","10":"tag-arts-et-design","11":"tag-design","12":"tag-divertissement","13":"tag-entertainment","14":"tag-fr","15":"tag-france"},"share_on_mastodon":{"url":"https:\/\/pubeurope.com\/@fr\/115618006228398942","error":""},"_links":{"self":[{"href":"https:\/\/www.europesays.com\/fr\/wp-json\/wp\/v2\/posts\/560777","targetHints":{"allow":["GET"]}}],"collection":[{"href":"https:\/\/www.europesays.com\/fr\/wp-json\/wp\/v2\/posts"}],"about":[{"href":"https:\/\/www.europesays.com\/fr\/wp-json\/wp\/v2\/types\/post"}],"author":[{"embeddable":true,"href":"https:\/\/www.europesays.com\/fr\/wp-json\/wp\/v2\/users\/2"}],"replies":[{"embeddable":true,"href":"https:\/\/www.europesays.com\/fr\/wp-json\/wp\/v2\/comments?post=560777"}],"version-history":[{"count":0,"href":"https:\/\/www.europesays.com\/fr\/wp-json\/wp\/v2\/posts\/560777\/revisions"}],"wp:featuredmedia":[{"embeddable":true,"href":"https:\/\/www.europesays.com\/fr\/wp-json\/wp\/v2\/media\/560778"}],"wp:attachment":[{"href":"https:\/\/www.europesays.com\/fr\/wp-json\/wp\/v2\/media?parent=560777"}],"wp:term":[{"taxonomy":"category","embeddable":true,"href":"https:\/\/www.europesays.com\/fr\/wp-json\/wp\/v2\/categories?post=560777"},{"taxonomy":"post_tag","embeddable":true,"href":"https:\/\/www.europesays.com\/fr\/wp-json\/wp\/v2\/tags?post=560777"}],"curies":[{"name":"wp","href":"https:\/\/api.w.org\/{rel}","templated":true}]}}