{"id":560785,"date":"2025-11-26T21:03:14","date_gmt":"2025-11-26T21:03:14","guid":{"rendered":"https:\/\/www.europesays.com\/fr\/560785\/"},"modified":"2025-11-26T21:03:14","modified_gmt":"2025-11-26T21:03:14","slug":"podcast-a-quelle-frequence-dois-je-aller-voir-mon-medecin","status":"publish","type":"post","link":"https:\/\/www.europesays.com\/fr\/560785\/","title":{"rendered":"Podcast &#8211; \u00c0 quelle fr\u00e9quence dois-je aller voir mon m\u00e9decin?"},"content":{"rendered":"<p>Contrairement aux id\u00e9es re\u00e7ues, il n&rsquo;est pas n\u00e9cessaire de faire un bilan de sant\u00e9 annuel si l&rsquo;on est en bonne sant\u00e9. Quelles sont les recommandations?<\/p>\n<p>\u00ab\u00a0Le check-up annuel, c&rsquo;est une fausse croyance. Pour quelqu&rsquo;un de jeune, en bonne sant\u00e9, qui n&rsquo;a pas un profil \u00e0 risque, il suffit de voir tous les trois ans, \u00e0 peu pr\u00e8s, son m\u00e9decin pour d\u00e9pister des maladies comme l&rsquo;hypertension art\u00e9rielle, le diab\u00e8te ou l&rsquo;hypercholest\u00e9rol\u00e9mie\u00a0\u00bb, explique dans Le Point J Omar Kherad, m\u00e9decin-chef du service de m\u00e9decine interne \u00e0 l&rsquo;H\u00f4pital de la Tour \u00e0 Gen\u00e8ve.<\/p>\n<p>\u00ab\u00a0Les check-ups trop fr\u00e9quents comportent m\u00eame des risques, notamment de faux positifs qui peuvent g\u00e9n\u00e9rer de l&rsquo;angoisse et des examens suppl\u00e9mentaires inutiles\u00a0\u00bb, souligne le m\u00e9decin, qui est \u00e9galement membre de l\u2019assembl\u00e9e \u00ab\u00a0smarter medicine\u00a0\u00bb, organisation \u00e0 but non lucratif contre les traitements m\u00e9dicaux excessifs ou inappropri\u00e9s.<\/p>\n<p>Ainsi, le bilan m\u00e9dical ne se fait pas n\u00e9cessairement chaque ann\u00e9e. Il est indiqu\u00e9 \u00ab\u00a0surtout si l\u2019on pr\u00e9sente certains facteurs de risque, et cela d\u00e9pend du questionnaire d\u2019\u00e9valuation que votre m\u00e9decin r\u00e9alise lors du premier entretien\u00a0\u00bb.<\/p>\n<blockquote class=\"rts-quote quote\">\n<p class=\"q-text\">Les tests ne sont jamais performants \u00e0 100%. Il y a toujours un risque de faux positif, \u00e9galement de faux n\u00e9gatif. On rassure ainsi \u00e0 tort un patient alors qu&rsquo;il est en train de souffrir d&rsquo;une maladie.<\/p>\n<p>  Omar Kherad, m\u00e9decin-chef du service de m\u00e9decine interne \u00e0 l&rsquo;H\u00f4pital de la Tour \u00e0 Gen\u00e8ve <\/p><\/blockquote>\n<p>Omar Kherad met en garde contre les bilans de sant\u00e9 exhaustifs et \u00ab\u00a0sur mesure\u00a0\u00bb propos\u00e9s par certaines cliniques priv\u00e9es, incluant des examens avanc\u00e9s de radiologie ou de cardiologie, parfois des IRM, mais dont l&rsquo;int\u00e9r\u00eat est surtout lucratif.<\/p>\n<p>Le m\u00e9decin recommande de suivre les recommandations annuelles d&rsquo;<a href=\"https:\/\/www.unisante.ch\/fr\/consultations-medicales\/professionnels-sante\/recommandations-eviprev\/tableau-eviprev\" class=\"inline-link\" title=\"Tableau EviPrev | Unisant\u00e9\" data-item-id=\"richtext_link\" target=\"_blank\" rel=\"noopener\">Eviprev<\/a>, le programme national de pr\u00e9vention clinique. Le m\u00e9decin rappelle l&rsquo;importance d&rsquo;\u00e9couter son corps et ses sympt\u00f4mes. En cas de doute, le m\u00e9decin de famille reste l&rsquo;interlocuteur privil\u00e9gi\u00e9 pour orienter le patient.<\/p>\n<p>Quelles sont les recommandations concernant les d\u00e9pistages? Et si on a des ant\u00e9c\u00e9dents familiaux?<\/p>\n<p> &gt;&gt; Ecouter l&rsquo;\u00e9pisode du Point J\u00a0:    \u00c0 quelle fr\u00e9quence dois-je aller voir mon m\u00e9decin ? \/ Le Point J \/ 13 min. \/ aujourd&rsquo;hui \u00e0 17:00 <\/p>\n<p class=\"sources\">Juliane Roncoroni et l&rsquo;\u00e9quipe du Point J<\/p>\n","protected":false},"excerpt":{"rendered":"Contrairement aux id\u00e9es re\u00e7ues, il n&rsquo;est pas n\u00e9cessaire de faire un bilan de sant\u00e9 annuel si l&rsquo;on est&hellip;\n","protected":false},"author":2,"featured_media":560786,"comment_status":"","ping_status":"","sticky":false,"template":"","format":"standard","meta":{"footnotes":""},"categories":[10],"tags":[67749,1011,27,72,67750,226,33202,6339,67751,9532,3725,4510,71,374,18603],"class_list":{"0":"post-560785","1":"post","2":"type-post","3":"status-publish","4":"format-standard","5":"has-post-thumbnail","7":"category-sante","8":"tag-bilan-de-sante","9":"tag-fr","10":"tag-france","11":"tag-health","12":"tag-hopital-de-la-tour","13":"tag-maladie","14":"tag-maladies-et-etat-de-sante","15":"tag-medecin","16":"tag-medecine-interne","17":"tag-patient","18":"tag-podcast","19":"tag-risque","20":"tag-sante","21":"tag-test","22":"tag-traitements"},"share_on_mastodon":{"url":"https:\/\/pubeurope.com\/@fr\/115618028193028123","error":""},"_links":{"self":[{"href":"https:\/\/www.europesays.com\/fr\/wp-json\/wp\/v2\/posts\/560785","targetHints":{"allow":["GET"]}}],"collection":[{"href":"https:\/\/www.europesays.com\/fr\/wp-json\/wp\/v2\/posts"}],"about":[{"href":"https:\/\/www.europesays.com\/fr\/wp-json\/wp\/v2\/types\/post"}],"author":[{"embeddable":true,"href":"https:\/\/www.europesays.com\/fr\/wp-json\/wp\/v2\/users\/2"}],"replies":[{"embeddable":true,"href":"https:\/\/www.europesays.com\/fr\/wp-json\/wp\/v2\/comments?post=560785"}],"version-history":[{"count":0,"href":"https:\/\/www.europesays.com\/fr\/wp-json\/wp\/v2\/posts\/560785\/revisions"}],"wp:featuredmedia":[{"embeddable":true,"href":"https:\/\/www.europesays.com\/fr\/wp-json\/wp\/v2\/media\/560786"}],"wp:attachment":[{"href":"https:\/\/www.europesays.com\/fr\/wp-json\/wp\/v2\/media?parent=560785"}],"wp:term":[{"taxonomy":"category","embeddable":true,"href":"https:\/\/www.europesays.com\/fr\/wp-json\/wp\/v2\/categories?post=560785"},{"taxonomy":"post_tag","embeddable":true,"href":"https:\/\/www.europesays.com\/fr\/wp-json\/wp\/v2\/tags?post=560785"}],"curies":[{"name":"wp","href":"https:\/\/api.w.org\/{rel}","templated":true}]}}