{"id":560790,"date":"2025-11-26T21:06:17","date_gmt":"2025-11-26T21:06:17","guid":{"rendered":"https:\/\/www.europesays.com\/fr\/560790\/"},"modified":"2025-11-26T21:06:17","modified_gmt":"2025-11-26T21:06:17","slug":"un-vrai-moment-eureka-des-chercheurs-francais-ont-detecte-des-eclairs-sur-mars","status":"publish","type":"post","link":"https:\/\/www.europesays.com\/fr\/560790\/","title":{"rendered":"\u00abUn vrai moment eur\u00eaka\u00a0!\u00bb\u00a0:\u00a0des chercheurs fran\u00e7ais ont d\u00e9tect\u00e9 des \u00e9clairs sur Mars"},"content":{"rendered":"<p>\n    <strong>D\u00c9CRYPTAGE<\/strong> &#8211; Les d\u00e9charges \u00e9lectriques ont \u00e9t\u00e9 d\u00e9tect\u00e9es gr\u00e2ce au microphone du rover Perseverance. Elles seraient tr\u00e8s fr\u00e9quentes et pourraient expliquer diff\u00e9rents myst\u00e8res de la chimie martienne.<\/p>\n<p class=\"fig-paragraph\">En 1996, l\u2019astrophysicien et c\u00e9l\u00e8bre passeur de sciences Carl Sagan milite activement aupr\u00e8s de la Nasa pour que l\u2019agence installe un micro sur son prochain atterrisseur martien. \u00ab\u00a0M\u00eame si cette premi\u00e8re exp\u00e9rience ne permet d\u2019enregistrer que quelques minutes de sons martiens, l\u2019int\u00e9r\u00eat du public sera consid\u00e9rable et cela offrira une v\u00e9ritable occasion d\u2019exploration scientifique\u00a0\u00bb, argumentait-il dans une p\u00e9tition. Il sera ainsi \u00e0 l\u2019origine du premier microphone martien. Malheureusement, le Mars Polar Lander qui l\u2019emportait s\u2019est crash\u00e9 sur la plan\u00e8te en 1999 et il faudra finalement\u00a0<a href=\"https:\/\/video.lefigaro.fr\/figaro\/international\/montez-le-son-perseverence-nous-permet-dentendre-pour-la-premiere-fois-une-bourrasque-de-vent-sur-mars-20210223\" target=\"_blank\" data-fig-type=\"Video\" rel=\"sponsored noopener\" data-gtm-custom-categorie=\"navigation\" data-gtm-custom-action=\"crossclick\" data-gtm-custom-label=\"Contextuel\" data-gtm-event=\"customEventSPE\" data-fig-domain=\"LEFIGARO\">attendre 2021 pour qu\u2019un premier micro fonctionnel soit d\u00e9ploy\u00e9 sur Mars<\/a>, \u00e0 bord du rover Perseverance. Et cocorico, c\u2019est \u00e0 une \u00e9quipe fran\u00e7aise que l\u2019on doit cette r\u00e9alisation, int\u00e9gr\u00e9e\u00a0<a href=\"https:\/\/www.lefigaro.fr\/sciences\/2016\/04\/27\/01008-20160427ARTFIG00248-l-oeil-du-futur-rover-martien-de-la-nasa-sera-francais.php\" data-fig-type=\"Article\" data-gtm-custom-categorie=\"navigation\" data-gtm-custom-action=\"crossclick\" data-gtm-custom-label=\"Contextuel\" data-gtm-event=\"customEventSPE\" data-fig-domain=\"LEFIGARO\" target=\"_blank\" rel=\"noopener\">\u00e0 l\u2019instrument SuperCam, d\u00e9velopp\u00e9 \u00e0 l\u2019Irap<\/a>\u00a0(Institut de recherche en astrophysique et plan\u00e9tologie), \u00e0 Toulouse, qui constitue la \u00ab\u00a0t\u00eate\u00a0\u00bb iconique du laboratoire roulant de la Nasa, et lui conf\u00e8re ce petit look<\/p>\n<p class=\"fig-premium-paywall__infos\">\n        Cet article est r\u00e9serv\u00e9 aux abonn\u00e9s.        Il vous reste 86% \u00e0 d\u00e9couvrir.\n    <\/p>\n<p>                <img  data- alt=\"Le Figaro\" class=\"fig-img--complete fig-img\"\/><\/p>\n<p class=\"fig-premium-paywall__title\">Black Friday<\/p>\n<p class=\"fig-premium-paywall__subtitle\">-70% sur l&rsquo;abonnement num\u00e9rique<\/p>\n<p class=\"fig-premium-paywall__connect\">\n                D\u00e9j\u00e0 abonn\u00e9\u00a0?                <a class=\"fig-premium-paywall__connect-link\" href=\"https:\/\/connect.lefigaro.fr\/login?client=horizon_web&amp;type=main&amp;redirect_uri=https%3A%2F%2Fwww.lefigaro.fr%2Fsciences%2Fun-vrai-moment-eureka-des-chercheurs-francais-ont-detecte-des-eclairs-sur-mars-20251126\" data-js-gtm=\"{&quot;customCategorie&quot;: &quot;conversion&quot;, &quot;customAction&quot;: &quot;before_Landing_Connexion_paywall_auto&quot;, &quot;customLabel&quot;: &quot;bGVmaWdhcm8uZnJfXzFmMGNhYWFjLWZkZTMtNjI2Mi1hYWIzLTY1ZDIxZTBmZTAyYV9fQXJ0aWNsZQ==_\u00abUn vrai moment eur\u00eaka\u00a0!\u00bb\u00a0:\u00a0des chercheurs fran\u00e7ais ont d\u00e9tect\u00e9 des \u00e9clairs sur Mars_1000&quot;, &quot;customIDSPE&quot;: &quot;bGVmaWdhcm8uZnJfXzFmMGNhYWFjLWZkZTMtNjI2Mi1hYWIzLTY1ZDIxZTBmZTAyYV9fQXJ0aWNsZQ==&quot;, &quot;event&quot;: &quot;customEventSPE&quot;}\" target=\"_blank\" rel=\"noopener\"><br \/>\n                    Connectez-vous<br \/>\n                <\/a>\n            <\/p>\n","protected":false},"excerpt":{"rendered":"D\u00c9CRYPTAGE &#8211; Les d\u00e9charges \u00e9lectriques ont \u00e9t\u00e9 d\u00e9tect\u00e9es gr\u00e2ce au microphone du rover Perseverance. Elles seraient tr\u00e8s fr\u00e9quentes&hellip;\n","protected":false},"author":2,"featured_media":560791,"comment_status":"","ping_status":"","sticky":false,"template":"","format":"standard","meta":{"footnotes":""},"categories":[7],"tags":[48,386,1011,27,918,43,40,41,39,42,44],"class_list":{"0":"post-560790","1":"post","2":"type-post","3":"status-publish","4":"format-standard","5":"has-post-thumbnail","7":"category-sciences-et-technologies","8":"tag-astronomie","9":"tag-espace","10":"tag-fr","11":"tag-france","12":"tag-mars","13":"tag-science","14":"tag-science-and-technology","15":"tag-sciences","16":"tag-sciences-et-technologies","17":"tag-technologies","18":"tag-technology"},"share_on_mastodon":{"url":"https:\/\/pubeurope.com\/@fr\/115618040071388403","error":""},"_links":{"self":[{"href":"https:\/\/www.europesays.com\/fr\/wp-json\/wp\/v2\/posts\/560790","targetHints":{"allow":["GET"]}}],"collection":[{"href":"https:\/\/www.europesays.com\/fr\/wp-json\/wp\/v2\/posts"}],"about":[{"href":"https:\/\/www.europesays.com\/fr\/wp-json\/wp\/v2\/types\/post"}],"author":[{"embeddable":true,"href":"https:\/\/www.europesays.com\/fr\/wp-json\/wp\/v2\/users\/2"}],"replies":[{"embeddable":true,"href":"https:\/\/www.europesays.com\/fr\/wp-json\/wp\/v2\/comments?post=560790"}],"version-history":[{"count":0,"href":"https:\/\/www.europesays.com\/fr\/wp-json\/wp\/v2\/posts\/560790\/revisions"}],"wp:featuredmedia":[{"embeddable":true,"href":"https:\/\/www.europesays.com\/fr\/wp-json\/wp\/v2\/media\/560791"}],"wp:attachment":[{"href":"https:\/\/www.europesays.com\/fr\/wp-json\/wp\/v2\/media?parent=560790"}],"wp:term":[{"taxonomy":"category","embeddable":true,"href":"https:\/\/www.europesays.com\/fr\/wp-json\/wp\/v2\/categories?post=560790"},{"taxonomy":"post_tag","embeddable":true,"href":"https:\/\/www.europesays.com\/fr\/wp-json\/wp\/v2\/tags?post=560790"}],"curies":[{"name":"wp","href":"https:\/\/api.w.org\/{rel}","templated":true}]}}