{"id":560794,"date":"2025-11-26T21:08:17","date_gmt":"2025-11-26T21:08:17","guid":{"rendered":"https:\/\/www.europesays.com\/fr\/560794\/"},"modified":"2025-11-26T21:08:17","modified_gmt":"2025-11-26T21:08:17","slug":"donald-trump-insulte-le-new-york-times-et-sa-journaliste-katie-rogers-apres-un-article-sur-son-age-et-sa-sante","status":"publish","type":"post","link":"https:\/\/www.europesays.com\/fr\/560794\/","title":{"rendered":"Donald Trump insulte le \u00ab\u00a0New York Times\u00a0\u00bb et sa journaliste Katie Rogers apr\u00e8s un article sur son \u00e2ge et sa sant\u00e9"},"content":{"rendered":"<p>                      <img loading=\"lazy\" decoding=\"async\" src=\"https:\/\/www.europesays.com\/fr\/wp-content\/uploads\/2025\/11\/7fa9ffc_ftp-import-images-1-cocl48hfmoun-5499588-01-06.jpg\" alt=\"Donald Trump r\u00e9pondant \u00e0 des journalistes \u00e0 la Maison Blanche, le 22\u00a0novembre 2025.\"   width=\"664\" height=\"443\"\/>    Donald Trump r\u00e9pondant \u00e0 des journalistes \u00e0 la Maison Blanche, le 22\u00a0novembre 2025.  ALEX WROBLEWSKI \/ AFP                          <\/p>\n<p class=\"article__paragraph  \">Lorsque <a href=\"https:\/\/www.lemonde.fr\/ameriques\/article\/2017\/01\/21\/lors-de-son-investiture-donald-trump-promet-l-amerique-d-abord_5066455_3222.html\" target=\"_blank\" rel=\"noopener\">Donald Trump est devenu le 45e pr\u00e9sident des Etats-Unis<\/a>, le <a href=\"https:\/\/www.lemonde.fr\/elections-americaines\/live\/2017\/01\/20\/suivez-en-direct-l-investiture-de-donald-trump_5066112_829254.html\" target=\"_blank\" rel=\"noopener\">20\u00a0janvier\u00a02017<\/a>, il \u00e9tait, \u00e0 70\u00a0ans, le plus \u00e2g\u00e9 \u00e0 pr\u00eater serment. <a href=\"https:\/\/www.lemonde.fr\/international\/article\/2021\/01\/21\/investiture-de-joe-biden-a-washington-une-journee-marquee-par-l-emotion-et-les-appels-a-l-unite_6067017_3210.html\" target=\"_blank\" rel=\"noopener\">Joe Biden a battu ce record<\/a> lorsqu\u2019il a pr\u00eat\u00e9 serment, le 21\u00a0janvier\u00a02021, \u00e0 78\u00a0ans et 61\u00a0jours. Quatre ans plus tard, <a href=\"https:\/\/www.lemonde.fr\/international\/article\/2025\/01\/21\/investiture-de-donald-trump-le-nouveau-president-promet-aux-americains-de-leur-rendre-leur-foi-leur-richesse-leur-democratie-et-meme-leur-liberte_6507810_3210.html\" target=\"_blank\" rel=\"noopener\">Donald Trump<\/a> lui a repris le titre lorsqu\u2019il est devenu le <a href=\"https:\/\/www.lemonde.fr\/international\/live\/2025\/01\/22\/en-direct-investiture-de-donald-trump-les-pays-europeens-vont-etre-soumis-a-des-droits-de-douane-aux-etats-unis-annonce-le-president_6506664_3210.html\" target=\"_blank\" rel=\"noopener\">47e pr\u00e9sident<\/a>\u00a0: il avait 78\u00a0ans, 7 mois et 6 jours.<\/p>\n<p class=\"article__paragraph  \">Pendant la campagne de 2024, la question de l\u2019\u00e2ge est devenue un enjeu majeur, pour Joe Biden. Affaibli par sa prestation calamiteuse lors du d\u00e9bat t\u00e9l\u00e9vis\u00e9 face \u00e0 Donald Trump, l\u00e2ch\u00e9 progressivement par le camp d\u00e9mocrate, il a fini par jeter l\u2019\u00e9ponge, <a href=\"https:\/\/www.lemonde.fr\/international\/article\/2024\/07\/21\/joe-biden-le-combat-de-trop_6254914_3210.html\" target=\"_blank\" rel=\"noopener\">le 21\u00a0juillet\u00a02024<\/a>. Mais Donald Trump est lui aussi finalement rattrap\u00e9 par son \u00e2ge.<\/p>\n<p class=\"article__paragraph  \">Fumasse, le pr\u00e9sident r\u00e9publicain s\u2019en est pris, mercredi 26\u00a0novembre, au New York Times et \u00e0 Katie Rogers, correspondante du quotidien \u00e0 la Maison Blanche, apr\u00e8s la publication d\u2019un article sur <a href=\"https:\/\/www.nytimes.com\/2025\/11\/25\/us\/politics\/trump-age-health.html\" target=\"_blank\" rel=\"noopener\" title=\"Nouvelle fen\u00eatre\">le pr\u00e9sident le jugeant confront\u00e9 \u00ab\u00a0aux r\u00e9alit\u00e9s du vieillissement au pouvoir<\/a>\u00a0\u00bb.<\/p>\n<p class=\"article__paragraph  \">\u00ab\u00a0Ce TORCHON bon march\u00e9 est vraiment un ENNEMI DU PEUPLE. Katie Rogers (\u2026) est une journaliste de seconde zone qui est laide ext\u00e9rieurement comme int\u00e9rieurement\u00a0\u00bb, a fulmin\u00e9 le pr\u00e9sident am\u00e9ricain, aujourd\u2019hui \u00e2g\u00e9 de 79\u00a0ans, sur son r\u00e9seau Truth Social. \u00ab\u00a0Le New York Times a publi\u00e9 une attaque disant que je suis peut-\u00eatre moins \u00e9nergique alors que les faits montrent le contraire\u00a0\u00bb, s\u2019est indign\u00e9 Donald Trump.<\/p>\n<p>                                       Lire aussi |  <a href=\"https:\/\/www.lemonde.fr\/international\/article\/2025\/07\/18\/donald-trump-souffre-d-insuffisance-veineuse-apres-avoir-fait-etat-de-jambes-enflees_6621807_3210.html\" class=\"js-article-read-also catcher--favoris__link\" data-premium=\"\" id=\"article-title-3431982\" target=\"_blank\" rel=\"noopener\">Donald Trump souffre d\u2019insuffisance veineuse, annonce la Maison Blanche, apr\u00e8s des photos montrant ses jambes enfl\u00e9es<\/a>    <\/p>\n<p>   Lire plus tard  <\/p>\n<p>                          Assoupi lors d\u2019une r\u00e9union \u00e0 la Maison Blanche                    <\/p>\n<p class=\"article__paragraph  \">Dans l\u2019article en question, publi\u00e9 mardi, le <a href=\"https:\/\/www.nytimes.com\/2025\/11\/25\/us\/politics\/trump-age-health.html\" target=\"_blank\" rel=\"noopener\" title=\"Nouvelle fen\u00eatre\">New York Times<\/a> rel\u00e8ve que le nombre d\u2019apparitions publiques de Donald Trump entre son investiture le 20\u00a0janvier et le 25\u00a0novembre est en baisse de 39\u00a0% par rapport \u00e0 la m\u00eame p\u00e9riode de son premier mandat (2017-2021). Le quotidien ajoute que ses journ\u00e9es officielles commencent plus tard et qu\u2019il a fait moins de d\u00e9placements aux Etats-Unis, mais plus \u00e0 l\u2019international.<\/p>\n<p class=\"article__paragraph  \">Le pr\u00e9sident et ses alli\u00e9s insistent sur sa vitalit\u00e9 pour le distinguer de Joe Biden, dont l\u2019\u00e9nergie a d\u00e9clin\u00e9 \u00e0 la fin de son mandat et qui, \u00e0 l\u2019inverse de lui, fuyait les journalistes. Le dirigeant r\u00e9publicain fait n\u00e9anmoins face \u00e0 des questions sur sa sant\u00e9, apr\u00e8s avoir \u00e9t\u00e9 vu en public avec un h\u00e9matome sur le dos de la main et des chevilles enfl\u00e9es. Il a aussi donn\u00e9 l\u2019impression de s\u2019assoupir bri\u00e8vement pendant un r\u00e9cent \u00e9v\u00e9nement dans le bureau Ovale.<\/p>\n<p class=\"article__paragraph  \">Son dernier bilan de sant\u00e9, d\u00e9but octobre, affirme que le pr\u00e9sident am\u00e9ricain jouit d\u2019une sant\u00e9 \u00ab\u00a0exceptionnelle\u00a0\u00bb. Donald Trump a toutefois suscit\u00e9 des interrogations en r\u00e9v\u00e9lant avoir pass\u00e9 une IRM, une proc\u00e9dure d\u2019imagerie inhabituelle pour une visite m\u00e9dicale de routine.<\/p>\n<p>                                       Lire aussi |  Article r\u00e9serv\u00e9 \u00e0 nos abonn\u00e9s  <a href=\"https:\/\/www.lemonde.fr\/international\/article\/2025\/09\/03\/donald-trump-balaie-les-rumeurs-sur-sa-sante-apres-une-semaine-d-absence_6638511_3210.html\" class=\"js-article-read-also catcher--favoris__link\" data-premium=\"1\" id=\"article-title-3436256\" target=\"_blank\" rel=\"noopener\">Donald Trump balaie les rumeurs sur sa sant\u00e9, apr\u00e8s une semaine d\u2019absence<\/a>    <\/p>\n<p>   Lire plus tard  <\/p>\n<p>                          Particuli\u00e8rement agressif envers des femmes journalistes                    <\/p>\n<p class=\"article__paragraph  \">Donald Trump multiplie depuis janvier les attaques verbales contre les journalistes repr\u00e9sentant des m\u00e9dias qu\u2019il juge hostiles. Avant de s\u2019en prendre \u00e0 l\u2019apparence physique de Katie Rogers, Donald Trump s\u2019est montr\u00e9 tr\u00e8s agressif envers des femmes journalistes.<\/p>\n<p> Le Monde M\u00e9morable  <\/p>\n<p> <a href=\"https:\/\/www.lemonde.fr\/memorable\/?rfextension=inread\" class=\"inread__link js-services-inread-link\" target=\"_blank\" rel=\"noopener\">  <\/p>\n<p>Testez votre culture g\u00e9n\u00e9rale avec la r\u00e9daction du \u00ab Monde \u00bb<\/p>\n<p>Testez votre culture g\u00e9n\u00e9rale avec la r\u00e9daction du \u00ab Monde \u00bb<\/p>\n<p>D\u00e9couvrir<\/p>\n<p> <\/a>      <\/p>\n<p> Newsletter  <\/p>\n<p> <a href=\"https:\/\/www.lemonde.fr\/newsletters\/a-la-une\/\" class=\"inread__link js-services-inread-link\" target=\"_blank\" rel=\"noopener\">  <\/p>\n<p>\u00ab A la une \u00bb<\/p>\n<p>Chaque matin, parcourez l&rsquo;essentiel de l&rsquo;actualit\u00e9 du jour avec les derniers titres du \u00ab Monde \u00bb<\/p>\n<p>S&rsquo;inscrire<\/p>\n<p> <\/a>          <\/p>\n<p> Le Monde Application  <\/p>\n<p> <a href=\"https:\/\/lamatinale.onelink.me\/gKMy\/ahw2ubr3\" class=\"inread__link js-services-inread-link\" target=\"_blank\" rel=\"noopener\">  <\/p>\n<p>La Matinale du Monde<\/p>\n<p>Chaque matin, retrouvez notre s\u00e9lection de 20 articles \u00e0 ne pas manquer <\/p>\n<p>T\u00e9l\u00e9charger l&rsquo;application<\/p>\n<p> <\/a>      <\/p>\n<p> Newsletter abonn\u00e9s  <\/p>\n<p> <a href=\"https:\/\/www.lemonde.fr\/newsletters\/international\/\" class=\"inread__link js-services-inread-link\" target=\"_blank\" rel=\"noopener\">  <\/p>\n<p>\u00ab International \u00bb<\/p>\n<p>L\u2019essentiel de l\u2019actualit\u00e9 internationale de la semaine<\/p>\n<p>S&rsquo;inscrire<\/p>\n<p> <\/a>             <\/p>\n<p class=\"article__paragraph  \">Alors qu\u2019il recevait dans le bureau Ovale le prince h\u00e9ritier saoudien, Mohammed Ben Salman, Mary Bruce, d\u2019ABC News, lui a pos\u00e9 des questions sur de possibles conflits d\u2019int\u00e9r\u00eats en Arabie saoudite sur le scandale Jeffrey Epstein, avant d\u2019\u00e9voquer l\u2019assassinat du journaliste Jamal Khashoggi. \u00ab\u00a0Vous \u00eates une personne horrible\u00a0\u00bb, a ass\u00e9n\u00e9 Donald Trump, qualifiant sa cha\u00eene de \u00ab\u00a0fake news\u00a0\u00bb et estimant que le m\u00e9dia devrait \u00eatre priv\u00e9 de licence.<\/p>\n<p class=\"article__paragraph  \">Il s\u2019en est aussi pris \u00e0 Catherine Lucey, une reporter de l\u2019agence Bloomberg qui le relan\u00e7ait sur l\u2019affaire Epstein, \u00e0 bord d\u2019Air Force One, en la traitant de \u00ab\u00a0truie\u00a0\u00bb (\u00ab\u00a0piggy\u00a0\u00bb).<\/p>\n<p class=\"article__paragraph  \">Le New York Times est une cible fr\u00e9quente du milliardaire, qui exerce une forte pression sur les m\u00e9dias jug\u00e9s hostiles, par des insultes et des poursuites judiciaires. Le journal a d\u00e9nonc\u00e9 ces \u00ab\u00a0injures et insultes personnelles\u00a0\u00bb dans une d\u00e9claration publi\u00e9e sur X, en affirmant que ses journalistes ne tiendraient pas compte de ces \u00ab\u00a0tactiques d\u2019intimidation.\u00a0\u00bb<\/p>\n<p>                                       Lire aussi |  Article r\u00e9serv\u00e9 \u00e0 nos abonn\u00e9s  <a href=\"https:\/\/www.lemonde.fr\/international\/article\/2024\/07\/20\/presidentielle-americaine-2024-la-sante-des-presidents-des-etats-unis-un-secret-bien-garde_6253217_3210.html\" class=\"js-article-read-also catcher--favoris__link\" data-premium=\"1\" id=\"article-title-3382878\" target=\"_blank\" rel=\"noopener\">Pr\u00e9sidentielle am\u00e9ricaine 2024\u00a0: la sant\u00e9 des pr\u00e9sidents des Etats-Unis, un secret bien gard\u00e9<\/a>    <\/p>\n<p>   Lire plus tard  <\/p>\n<p class=\"author__detail\">  Le Monde avec AFP  <\/p>\n<p>                <a href=\"https:\/\/www.lemonde.fr\/syndication\/\" class=\"reuse__content\" title=\"R\u00e9utiliser ce contenu\" target=\"_blank\" rel=\"noopener\">R\u00e9utiliser ce contenu<\/a>      <\/p>\n","protected":false},"excerpt":{"rendered":"Donald Trump r\u00e9pondant \u00e0 des journalistes \u00e0 la Maison Blanche, le 22\u00a0novembre 2025. ALEX WROBLEWSKI \/ AFP Lorsque&hellip;\n","protected":false},"author":2,"featured_media":560795,"comment_status":"","ping_status":"","sticky":false,"template":"","format":"standard","meta":{"footnotes":""},"categories":[5],"tags":[11,1011,27,14,12,28],"class_list":{"0":"post-560794","1":"post","2":"type-post","3":"status-publish","4":"format-standard","5":"has-post-thumbnail","7":"category-international","8":"tag-actualites","9":"tag-fr","10":"tag-france","11":"tag-international","12":"tag-news","13":"tag-world"},"share_on_mastodon":{"url":"https:\/\/pubeurope.com\/@fr\/115618048904655486","error":""},"_links":{"self":[{"href":"https:\/\/www.europesays.com\/fr\/wp-json\/wp\/v2\/posts\/560794","targetHints":{"allow":["GET"]}}],"collection":[{"href":"https:\/\/www.europesays.com\/fr\/wp-json\/wp\/v2\/posts"}],"about":[{"href":"https:\/\/www.europesays.com\/fr\/wp-json\/wp\/v2\/types\/post"}],"author":[{"embeddable":true,"href":"https:\/\/www.europesays.com\/fr\/wp-json\/wp\/v2\/users\/2"}],"replies":[{"embeddable":true,"href":"https:\/\/www.europesays.com\/fr\/wp-json\/wp\/v2\/comments?post=560794"}],"version-history":[{"count":0,"href":"https:\/\/www.europesays.com\/fr\/wp-json\/wp\/v2\/posts\/560794\/revisions"}],"wp:featuredmedia":[{"embeddable":true,"href":"https:\/\/www.europesays.com\/fr\/wp-json\/wp\/v2\/media\/560795"}],"wp:attachment":[{"href":"https:\/\/www.europesays.com\/fr\/wp-json\/wp\/v2\/media?parent=560794"}],"wp:term":[{"taxonomy":"category","embeddable":true,"href":"https:\/\/www.europesays.com\/fr\/wp-json\/wp\/v2\/categories?post=560794"},{"taxonomy":"post_tag","embeddable":true,"href":"https:\/\/www.europesays.com\/fr\/wp-json\/wp\/v2\/tags?post=560794"}],"curies":[{"name":"wp","href":"https:\/\/api.w.org\/{rel}","templated":true}]}}