{"id":560806,"date":"2025-11-26T21:14:16","date_gmt":"2025-11-26T21:14:16","guid":{"rendered":"https:\/\/www.europesays.com\/fr\/560806\/"},"modified":"2025-11-26T21:14:16","modified_gmt":"2025-11-26T21:14:16","slug":"direct-vandoeuvre-nancy-remporte-le-match-aller-face-a-lisbonne","status":"publish","type":"post","link":"https:\/\/www.europesays.com\/fr\/560806\/","title":{"rendered":"Direct. Vandoeuvre Nancy remporte le match aller face \u00e0 Lisbonne"},"content":{"rendered":"<p>Il est l&rsquo;heure d&rsquo;ouvrir la parenth\u00e8se coupe d&rsquo;Europe pour le VNVB, <a href=\"https:\/\/www.estrepublicain.fr\/sport\/2025\/11\/26\/le-vnvb-remonte-sur-la-scene-europeenne-pour-defier-le-sporting-lisbonne\" target=\"_blank\" rel=\"noopener\">qui re\u00e7oit le Sporting Lisbonne<\/a>, ce mercredi soir (\u00e0 19h30), \u00e0 l&rsquo;occasion des 16es de finale aller de la CEV Cup.<\/p>\n<p>Le match retour aura lieu \u00e0 Lisbonne, mercredi prochain. Mais chaque chose en son temps. L&rsquo;\u00e9quipe dirig\u00e9e par Nicola Vettori va d&rsquo;abord tenter de remporter la premi\u00e8re manche, face \u00e0 une formation portugaise emmen\u00e9e par la passeuse turque Ozge Kirdar Kinasts, qui a f\u00eat\u00e9 ses&#8230; 40 ans.<\/p>\n<p>Une rencontre dont vous allez pouvoir suivre l&rsquo;\u00e9volution du score en direct sur notre site.\u00a0<\/p>\n<p>Ce contenu est bloqu\u00e9 car vous n&rsquo;avez pas accept\u00e9 les cookies et autres traceurs.<\/p>\n<p>En cliquant sur \u00ab J\u2019accepte \u00bb, les cookies et autres traceurs seront d\u00e9pos\u00e9s et vous pourrez visualiser les contenus  (<a href=\"\" class=\"consentModule_policy\" target=\"_blank\" title=\"Consulter la politique de protection des donn\u00e9es du fournisseur\">plus d&rsquo;informations<\/a>).<\/p>\n<p>En cliquant sur \u00ab J\u2019accepte tous les cookies \u00bb, vous autorisez des d\u00e9p\u00f4ts de cookies et autres traceurs pour le stockage de vos donn\u00e9es sur nos sites et applications \u00e0 des fins de personnalisation et de ciblage publicitaire.<\/p>\n<p class=\"consentModule_secondaryText\">Vous gardez la possibilit\u00e9 de retirer votre consentement \u00e0 tout moment en consultant notre <a href=\"https:\/\/www.estrepublicain.fr\/protection-des-donnees\" target=\"_blank\" title=\"Consulter notre politique de protection des donn\u00e9es\" rel=\"noopener\">politique de protection des donn\u00e9es<\/a>. <br \/>&#13;<br \/>\n            <a href=\"https:\/\/www.estrepublicain.fr\/sport\/2025\/11\/26\/javascript:Didomi.notice.show()\" class=\"consentModule_cmp\" target=\"_blank\" rel=\"noopener\">G\u00e9rer mes choix<\/a>&#13;\n        <\/p>\n<p>&#13;<br \/>\n                        J&rsquo;accepte&#13;<br \/>\n            J&rsquo;accepte tous les cookies&#13;\n        <\/p>\n","protected":false},"excerpt":{"rendered":"Il est l&rsquo;heure d&rsquo;ouvrir la parenth\u00e8se coupe d&rsquo;Europe pour le VNVB, qui re\u00e7oit le Sporting Lisbonne, ce mercredi&hellip;\n","protected":false},"author":2,"featured_media":560807,"comment_status":"","ping_status":"","sticky":false,"template":"","format":"standard","meta":{"footnotes":""},"categories":[9635],"tags":[1111,11,3545,1704,1777,674,1701,1795,1011,27,775,3457,1702,12,25,517,1700,5711,1750,1632],"class_list":{"0":"post-560806","1":"post","2":"type-post","3":"status-publish","4":"format-standard","5":"has-post-thumbnail","7":"category-nancy","8":"tag-actu","9":"tag-actualites","10":"tag-direct-sport","11":"tag-edition-nancy-et-agglomeration","12":"tag-eu","13":"tag-europe","14":"tag-fil-info-sport","15":"tag-fil-web","16":"tag-fr","17":"tag-france","18":"tag-grand-est","19":"tag-meurthe-et-moselle","20":"tag-nancy","21":"tag-news","22":"tag-republique-francaise","23":"tag-sport","24":"tag-sport-lorrain","25":"tag-vandoeuvre-les-nancy","26":"tag-vnvb","27":"tag-volley-ball"},"share_on_mastodon":{"url":"https:\/\/pubeurope.com\/@fr\/115618071536322547","error":""},"_links":{"self":[{"href":"https:\/\/www.europesays.com\/fr\/wp-json\/wp\/v2\/posts\/560806","targetHints":{"allow":["GET"]}}],"collection":[{"href":"https:\/\/www.europesays.com\/fr\/wp-json\/wp\/v2\/posts"}],"about":[{"href":"https:\/\/www.europesays.com\/fr\/wp-json\/wp\/v2\/types\/post"}],"author":[{"embeddable":true,"href":"https:\/\/www.europesays.com\/fr\/wp-json\/wp\/v2\/users\/2"}],"replies":[{"embeddable":true,"href":"https:\/\/www.europesays.com\/fr\/wp-json\/wp\/v2\/comments?post=560806"}],"version-history":[{"count":0,"href":"https:\/\/www.europesays.com\/fr\/wp-json\/wp\/v2\/posts\/560806\/revisions"}],"wp:featuredmedia":[{"embeddable":true,"href":"https:\/\/www.europesays.com\/fr\/wp-json\/wp\/v2\/media\/560807"}],"wp:attachment":[{"href":"https:\/\/www.europesays.com\/fr\/wp-json\/wp\/v2\/media?parent=560806"}],"wp:term":[{"taxonomy":"category","embeddable":true,"href":"https:\/\/www.europesays.com\/fr\/wp-json\/wp\/v2\/categories?post=560806"},{"taxonomy":"post_tag","embeddable":true,"href":"https:\/\/www.europesays.com\/fr\/wp-json\/wp\/v2\/tags?post=560806"}],"curies":[{"name":"wp","href":"https:\/\/api.w.org\/{rel}","templated":true}]}}