{"id":560815,"date":"2025-11-26T21:20:34","date_gmt":"2025-11-26T21:20:34","guid":{"rendered":"https:\/\/www.europesays.com\/fr\/560815\/"},"modified":"2025-11-26T21:20:34","modified_gmt":"2025-11-26T21:20:34","slug":"mathilda-clennell-cheffe-de-projet-pour-transition","status":"publish","type":"post","link":"https:\/\/www.europesays.com\/fr\/560815\/","title":{"rendered":"Mathilda Clennell, cheffe de projet pour TRANSITION"},"content":{"rendered":"<p>Publi\u00e9 le 25\/11\/2025<\/p>\n<ul>\n<li><strong>Pr\u00e9sentez-vous ! Quel est votre r\u00f4le au sein de l\u2019universit\u00e9 de Rouen Normandie ?<\/strong><\/li>\n<\/ul>\n<p>Je m\u2019appelle Mathilda Clennell, je suis cheffe de projet pour TRANSITION. J\u2019ai un r\u00f4le de coordination pour garantir la r\u00e9alisation des objectifs du projet. Je suis responsable de l\u2019\u00e9quipe recrut\u00e9e sur le projet et je fais en sorte que chacun et chacune puisse mener ses missions dans de bonnes conditions. Je m\u2019occupe \u00e9galement du suivi budg\u00e9taire et du reporting aupr\u00e8s de l\u2019ANR, en lien avec le gestionnaire administratif du projet et les quatre autres partenaires.<\/p>\n<p>\u00a0<\/p>\n<ul>\n<li><strong>Le projet TRANSITION fait partie des grands projets structurants de l\u2019\u00e9tablissement. Pouvez-vous nous en dire plus sur lui\u00a0? <\/strong><\/li>\n<\/ul>\n<p>Le projet TRANSITION (ANR-23-EXES-0013) a \u00e9t\u00e9 remport\u00e9 dans le cadre de l\u2019appel \u00e0 projet France 2030 ExcellencES. Avec un financement de 5,4 M\u20ac, l\u2019URN s\u2019associe avec quatre partenaires : l\u2019INSA Rouen Normandie, l\u2019\u00c9cole Nationale Sup\u00e9rieure d\u2019Architecture de Normandie, le CNRS et le CHU de Rouen. De fa\u00e7on op\u00e9rationnelle, le projet est adoss\u00e9 \u00e0 l\u2019Institut des transitions (ou Institut T.URN) de l\u2019Universit\u00e9. L\u2019\u00e9quipe sera constitu\u00e9e \u00e0 terme de neuf personnes qui viendront renforcer les p\u00f4les \u00ab formation \u00bb et \u00ab recherche \u00bb de l\u2019institut.<\/p>\n<p>De mani\u00e8re tr\u00e8s simplifi\u00e9e, le projet vise \u00e0 amplifier la formation sur les transitions socio-\u00e9cologiques aupr\u00e8s des \u00e9tudiants, du personnel et des enseignants-chercheurs, et \u00e0 d\u00e9velopper une recherche pluridisciplinaire sur les multirisques li\u00e9s au changement climatique. Le projet est ancr\u00e9 sur le territoire normand et plus particuli\u00e8rement sur la vall\u00e9e de la Seine.<\/p>\n<p>\u00a0<\/p>\n<ul>\n<li><strong>Concr\u00e8tement, qu\u2019est-ce qui a \u00e9t\u00e9 mis en place depuis le lancement de ce projet\u00a0? <\/strong><\/li>\n<\/ul>\n<p>Plusieurs actions ont d\u00e9j\u00e0 vu le jour. \u00c0 titre d\u2019exemple, c\u00f4t\u00e9 formation, 30 heures d\u2019enseignement sur la transition \u00e9cologique pour un d\u00e9veloppement soutenable (TEDS) ont \u00e9t\u00e9 mises en place en licence (10h en L1 et 20h en L2). C\u00f4t\u00e9 recherche, par exemple, le Centre d\u2019expertise scientifique sur le multirisques (CESM) a \u00e9t\u00e9 mis en ligne. La premi\u00e8re ann\u00e9e a \u00e9galement permis de mettre en place la comitologie. Nous avons organis\u00e9 notamment les premiers comit\u00e9s pour la formation et pour la recherche avec les partenaires afin de partager les enjeux sur chaque axe.<\/p>\n<p>\u00a0<\/p>\n<ul>\n<li><strong>Les premi\u00e8res rencontres du multirisques viennent de se terminer. Que retirez-vous de cette exp\u00e9rience et de cet \u00e9v\u00e9nement\u00a0? <\/strong><\/li>\n<\/ul>\n<p>Cette premi\u00e8re \u00e9dition a montr\u00e9 toute l\u2019importance d\u2019\u00e9tudier les risques et les multirisques de fa\u00e7on d\u00e9cloisonn\u00e9e\u00a0: que ce soit au sein de l\u2019Universit\u00e9 avec la recherche pluridisciplinaire, et au-del\u00e0 avec les partenaires du projet, mais aussi en travaillant avec les acteurs socio-\u00e9conomiques.<\/p>\n<p>Ces rencontres ont \u00e9galement repr\u00e9sent\u00e9 un moment f\u00e9d\u00e9rateur, au sein de l\u2019\u00e9quipe et avec les intervenants et participants. Nous commen\u00e7ons d\u00e9j\u00e0 \u00e0 r\u00e9fl\u00e9chir \u00e0 la prochaine \u00e9dition.<\/p>\n<p>\u00a0<\/p>\n<ul>\n<li><strong>Quels sont les prochains \u00e9v\u00e9nements organis\u00e9s autour du projet TRANSITION\u00a0? <\/strong><\/li>\n<\/ul>\n<p>D\u00e8s le mois de janvier nous organisons une rencontre pour les doctorants dont les th\u00e8ses portent sur des sujets li\u00e9s au projet. Nous r\u00e9fl\u00e9chissons \u00e0 un \u00e9v\u00e8nement qui aurait lieu au printemps, et bien s\u00fbr nous aurons les Rencontres climat et multirisques \u00e0 l\u2019automne 2026.<\/p>\n<p>\u00a0<\/p>\n<ul>\n<li><strong>\u00c0 titre personnel, que pr\u00e9f\u00e9rez-vous dans ce travail autour des transitions socio-environnementales\u00a0?<\/strong><\/li>\n<\/ul>\n<p>Pour moi, travailler dans ce domaine me permet d\u2019\u00eatre align\u00e9e avec mes valeurs et de donner un sens au quotidien. Ce que je pr\u00e9f\u00e8re par-dessus tout c\u2019est le travail en \u00e9quipe au sein de l\u2019institut T.URN. Nous ne sommes jamais seuls face \u00e0 certaines situations frustrantes, et \u00e9changer sur les missions tr\u00e8s vari\u00e9es des coll\u00e8gues est tr\u00e8s enrichissant et motivant.<\/p>\n<p>\u00a0<\/p>\n<ul>\n<li><strong>Pourquoi est-ce aussi important de faire un travail quotidien de sensibilisation \u00e0 ces transitions aupr\u00e8s de la communaut\u00e9 universitaire\u00a0? <\/strong><\/li>\n<\/ul>\n<p>L\u2019Universit\u00e9 a un r\u00f4le essentiel \u00e0 jouer, que ce soit pour la formation ou pour la recherche. Pour cela, toute la communaut\u00e9 universitaire doit \u00eatre embarqu\u00e9e, afin que chacun et chacune s\u2019approprie les enjeux des transitions socio-\u00e9cologiques et y trouve du sens. Ainsi, plusieurs actions, \u00e0 diff\u00e9rentes \u00e9chelles, sont n\u00e9cessaires\u00a0: de la sensibilisation g\u00e9n\u00e9rale \u00e0 la recherche pointue, en passant par la formation initiale et continue.<\/p>\n","protected":false},"excerpt":{"rendered":"Publi\u00e9 le 25\/11\/2025 Pr\u00e9sentez-vous ! Quel est votre r\u00f4le au sein de l\u2019universit\u00e9 de Rouen Normandie ? Je&hellip;\n","protected":false},"author":2,"featured_media":560816,"comment_status":"","ping_status":"","sticky":false,"template":"","format":"standard","meta":{"footnotes":""},"categories":[9587],"tags":[1111,11,1777,674,1011,27,12,5161,25,9590],"class_list":{"0":"post-560815","1":"post","2":"type-post","3":"status-publish","4":"format-standard","5":"has-post-thumbnail","7":"category-rouen","8":"tag-actu","9":"tag-actualites","10":"tag-eu","11":"tag-europe","12":"tag-fr","13":"tag-france","14":"tag-news","15":"tag-normandie","16":"tag-republique-francaise","17":"tag-rouen"},"share_on_mastodon":{"url":"https:\/\/pubeurope.com\/@fr\/115618095177559770","error":""},"_links":{"self":[{"href":"https:\/\/www.europesays.com\/fr\/wp-json\/wp\/v2\/posts\/560815","targetHints":{"allow":["GET"]}}],"collection":[{"href":"https:\/\/www.europesays.com\/fr\/wp-json\/wp\/v2\/posts"}],"about":[{"href":"https:\/\/www.europesays.com\/fr\/wp-json\/wp\/v2\/types\/post"}],"author":[{"embeddable":true,"href":"https:\/\/www.europesays.com\/fr\/wp-json\/wp\/v2\/users\/2"}],"replies":[{"embeddable":true,"href":"https:\/\/www.europesays.com\/fr\/wp-json\/wp\/v2\/comments?post=560815"}],"version-history":[{"count":0,"href":"https:\/\/www.europesays.com\/fr\/wp-json\/wp\/v2\/posts\/560815\/revisions"}],"wp:featuredmedia":[{"embeddable":true,"href":"https:\/\/www.europesays.com\/fr\/wp-json\/wp\/v2\/media\/560816"}],"wp:attachment":[{"href":"https:\/\/www.europesays.com\/fr\/wp-json\/wp\/v2\/media?parent=560815"}],"wp:term":[{"taxonomy":"category","embeddable":true,"href":"https:\/\/www.europesays.com\/fr\/wp-json\/wp\/v2\/categories?post=560815"},{"taxonomy":"post_tag","embeddable":true,"href":"https:\/\/www.europesays.com\/fr\/wp-json\/wp\/v2\/tags?post=560815"}],"curies":[{"name":"wp","href":"https:\/\/api.w.org\/{rel}","templated":true}]}}