{"id":560817,"date":"2025-11-26T21:21:39","date_gmt":"2025-11-26T21:21:39","guid":{"rendered":"https:\/\/www.europesays.com\/fr\/560817\/"},"modified":"2025-11-26T21:21:39","modified_gmt":"2025-11-26T21:21:39","slug":"municipales-2026-portrait-de-binome-chef%c2%b7fes-de-file-rouen","status":"publish","type":"post","link":"https:\/\/www.europesays.com\/fr\/560817\/","title":{"rendered":"municipales 2026 -Portrait de bin\u00f4me chef\u00b7fes de file : rouen"},"content":{"rendered":"<p>Chaque mois pendant les \u00e9lections municipales, le Journal de l\u2019insoumission, en partenariat avec le R\u00e9seau des \u00e9lu\u00b7es insoumis\u00b7es et citoyen\u00b7nes, vous propose de d\u00e9couvrir des bin\u00f4mes chef\u00b7fes de file insoumis\u00b7es aux \u00e9lections municipales de 2026. Ils r\u00e9pondront \u00e0\u00a0des questions pour se pr\u00e9senter, parler de leurs villes et dire quelques mots sur le programme qu\u2019ils porteront en mars 2026. Cet article est paru dans le journal de l\u2019insoumission du mois de juillet 2025. Bonne lecture\u00a0!<\/p>\n<p data-prosemirror-content-type=\"node\" data-prosemirror-node-name=\"paragraph\" data-prosemirror-node-block=\"true\" data-pm-slice=\"1 1 []\"><strong data-prosemirror-content-type=\"mark\" data-prosemirror-mark-name=\"strong\">Qui \u00eates-vous et pour quelle ville avez-vous \u00e9t\u00e9 d\u00e9sign\u00e9\u00b7es chef\u00b7fes de\u00a0file\u00a0?<\/strong><\/p>\n<p data-prosemirror-content-type=\"node\" data-prosemirror-node-name=\"paragraph\" data-prosemirror-node-block=\"true\">Maxime Da Silva et Elsa Moutet, chef\u00b7fes de file de la ville de Rouen. Maxime est pr\u00e9sident du R\u00e9seau national des \u00e9lu\u00b7es insoumis\u00b7es, ancien candidat aux \u00e9lections l\u00e9gislatives et europ\u00e9ennes pour la France insoumise. Elsa est syndicaliste CGT et dans la fonction publique sur les sujets am\u00e9nagement-climat.<\/p>\n<p data-prosemirror-content-type=\"node\" data-prosemirror-node-name=\"paragraph\" data-prosemirror-node-block=\"true\"><strong data-prosemirror-content-type=\"mark\" data-prosemirror-mark-name=\"strong\">Quelle est la situation politique actuelle sur la\u00a0ville\u00a0?<\/strong><\/p>\n<p data-prosemirror-content-type=\"node\" data-prosemirror-node-name=\"paragraph\" data-prosemirror-node-block=\"true\">C\u2019est une ville-m\u00e9tropole gouvern\u00e9e par une majorit\u00e9 de gauche compos\u00e9e du PS, d\u2019EELV et du PCF, avec des listes concurrentes au 1er tour de l\u2019\u00e9lection en 2020. Leur bilan est mitig\u00e9 sur la M\u00e9tropole, comme \u00e0\u00a0Rouen. Ils ont mis en place la gratuit\u00e9 des transports le samedi, mais ont augment\u00e9 les tarifs le reste de la semaine par exemple. Le financement excessif de l\u2019\u00e9cole priv\u00e9e rouennaise, le fait qu\u2019ils ont impos\u00e9 la ZFE avant m\u00eame que les macronistes la mettent en place \u00e0\u00a0l\u2019\u00e9chelle nationale, l\u2019abandon des quartiers populaires\u2026 Plein de raisons pour l\u2019\u00e9lectorat de gauche \u00e0\u00a0Rouen de se tourner vers la France insoumise. On y\u00a0a fait de tr\u00e8s beaux scores\u00a0: M\u00e9lenchon en t\u00eate en 2022, circonscription perdue \u00e0\u00a060 voix en 2022 avec 52,9% \u00e0\u00a0Rouen, 17,55% aux europ\u00e9ennes \u2013 soit 3\u00a0fois le score de 2019. Pour 2026, les discussions sont ouvertes avec les Verts et le PCF. Certains appellent \u00e0\u00a0un accord \u201cNFP\u201d impossible et non souhaitable avec Nicolas MAYER-ROSSIGNOL et ce qu\u2019il repr\u00e9sente \u2013 notamment sur les positions anti-LFI \u2013 au sein du PS. On est pr\u00eats s\u2019il le faut \u00e0\u00a0partir seuls, on a\u00a0la force pour faire plusieurs listes\u00a0!<\/p>\n<p data-prosemirror-content-type=\"node\" data-prosemirror-node-name=\"paragraph\" data-prosemirror-node-block=\"true\"><strong data-prosemirror-content-type=\"mark\" data-prosemirror-mark-name=\"strong\">Comment avez-vous commenc\u00e9 \u00e0\u00a0vous mettre en mouvement pour la campagne\u00a0?<\/strong><\/p>\n<p data-prosemirror-content-type=\"node\" data-prosemirror-node-name=\"paragraph\" data-prosemirror-node-block=\"true\">Nous avons initi\u00e9 le travail \u00e0\u00a0l\u2019\u00e9chelle m\u00e9tropolitaine. On a\u00a0organis\u00e9 4\u00a0r\u00e9unions m\u00e9tropolitaines, plusieurs sur la journ\u00e9e enti\u00e8re, pour travailler le programme, l\u2019adaptation \u00e0\u00a0la bo\u00eete \u00e0\u00a0outils nationale, un questionnaire m\u00e9tropolitain, des formations militantes sur les questions municipales, des auditions populaires d\u2019associations, collectifs, syndicats\u2026<br data-prosemirror-content-type=\"node\" data-prosemirror-node-name=\"hardBreak\" data-prosemirror-node-inline=\"true\"\/>\u00c0 l\u2019\u00e9chelle de Rouen, on se r\u00e9unit chaque semaine et on a\u00a0commenc\u00e9 les actions de terrain, tourn\u00e9es vers les municipales, fin juin\u00a0! On a\u00a0eu la chance d\u2019avoir un \u00e9v\u00e9nement marquant pour dynamiser le pr\u00e9-lancement de campagne\u00a0: un grand meeting avec Jean-Luc M\u00e9lenchon \u00e0\u00a0Rouen<br data-prosemirror-content-type=\"node\" data-prosemirror-node-name=\"hardBreak\" data-prosemirror-node-inline=\"true\"\/>le 11\u00a0juin\u00a0!<\/p>\n<p data-prosemirror-content-type=\"node\" data-prosemirror-node-name=\"paragraph\" data-prosemirror-node-block=\"true\"><strong data-prosemirror-content-type=\"mark\" data-prosemirror-mark-name=\"strong\">Si vous deviez choisir 1\u00a0seule mesure pour votre ville, laquelle serait-elle\u00a0?<\/strong><\/p>\n<p data-prosemirror-content-type=\"node\" data-prosemirror-node-name=\"paragraph\" data-prosemirror-node-block=\"true\">L\u2019instauration du RIC municipal. La d\u00e9mocratie locale car Rouen en a\u00a0terriblement besoin\u00a0! Parce que le bilan du Maire sortant en la mati\u00e8re se r\u00e9sume \u00e0\u00a0un sondage sur l\u2019emplacement d\u2019une statue. Parce que toute une partie de la population est laiss\u00e9e \u00e0\u00a0l\u2019abandon, notamment dans les quartiers populaires d\u00e9laiss\u00e9s par une concentration sur le centre historique de la ville. Parce qu\u2019il y\u00a0a plein d\u2019enjeux sur la s\u00e9curit\u00e9 industrielle (Rouen et son agglom\u00e9ration ont \u00e9t\u00e9 victimes de l\u2019accident Lubrizol en 2019), sur la planification \u00e9cologique locale, le logement\u2026 Les Rouennais\u00b7es ont besoin de donner leur avis et de prendre la parole. Notre liste sera un outil \u00e0\u00a0leur disposition pour le\u00a0faire\u00a0!<\/p>\n<p data-prosemirror-content-type=\"node\" data-prosemirror-node-name=\"paragraph\" data-prosemirror-node-block=\"true\">Pour retrouver d\u2019autres portraits de bin\u00f4mes, des infos insoumises et supporter le journal de l\u2019insoumission, <a href=\"https:\/\/www.leji.fr\/abonnement-mensuel-xml-352_355-971.html\" rel=\"nofollow noopener\" target=\"_blank\">abonnez vous\u00a0!<\/a><\/p>\n","protected":false},"excerpt":{"rendered":"Chaque mois pendant les \u00e9lections municipales, le Journal de l\u2019insoumission, en partenariat avec le R\u00e9seau des \u00e9lu\u00b7es insoumis\u00b7es&hellip;\n","protected":false},"author":2,"featured_media":560818,"comment_status":"","ping_status":"","sticky":false,"template":"","format":"standard","meta":{"footnotes":""},"categories":[9587],"tags":[1111,11,1777,674,1011,27,12,5161,25,9590],"class_list":{"0":"post-560817","1":"post","2":"type-post","3":"status-publish","4":"format-standard","5":"has-post-thumbnail","7":"category-rouen","8":"tag-actu","9":"tag-actualites","10":"tag-eu","11":"tag-europe","12":"tag-fr","13":"tag-france","14":"tag-news","15":"tag-normandie","16":"tag-republique-francaise","17":"tag-rouen"},"share_on_mastodon":{"url":"https:\/\/pubeurope.com\/@fr\/115618099047303752","error":""},"_links":{"self":[{"href":"https:\/\/www.europesays.com\/fr\/wp-json\/wp\/v2\/posts\/560817","targetHints":{"allow":["GET"]}}],"collection":[{"href":"https:\/\/www.europesays.com\/fr\/wp-json\/wp\/v2\/posts"}],"about":[{"href":"https:\/\/www.europesays.com\/fr\/wp-json\/wp\/v2\/types\/post"}],"author":[{"embeddable":true,"href":"https:\/\/www.europesays.com\/fr\/wp-json\/wp\/v2\/users\/2"}],"replies":[{"embeddable":true,"href":"https:\/\/www.europesays.com\/fr\/wp-json\/wp\/v2\/comments?post=560817"}],"version-history":[{"count":0,"href":"https:\/\/www.europesays.com\/fr\/wp-json\/wp\/v2\/posts\/560817\/revisions"}],"wp:featuredmedia":[{"embeddable":true,"href":"https:\/\/www.europesays.com\/fr\/wp-json\/wp\/v2\/media\/560818"}],"wp:attachment":[{"href":"https:\/\/www.europesays.com\/fr\/wp-json\/wp\/v2\/media?parent=560817"}],"wp:term":[{"taxonomy":"category","embeddable":true,"href":"https:\/\/www.europesays.com\/fr\/wp-json\/wp\/v2\/categories?post=560817"},{"taxonomy":"post_tag","embeddable":true,"href":"https:\/\/www.europesays.com\/fr\/wp-json\/wp\/v2\/tags?post=560817"}],"curies":[{"name":"wp","href":"https:\/\/api.w.org\/{rel}","templated":true}]}}