{"id":560819,"date":"2025-11-26T21:22:43","date_gmt":"2025-11-26T21:22:43","guid":{"rendered":"https:\/\/www.europesays.com\/fr\/560819\/"},"modified":"2025-11-26T21:22:43","modified_gmt":"2025-11-26T21:22:43","slug":"marche-de-noel-de-saint-martin-duriage","status":"publish","type":"post","link":"https:\/\/www.europesays.com\/fr\/560819\/","title":{"rendered":"March\u00e9 de No\u00ebl de Saint-Martin-d\u2019Uriage"},"content":{"rendered":"<p>Rendez-vous samedi 6 d\u00e9cembre de 10h \u00e0 18h sur la Place du Village de Saint-Martin d&rsquo;Uriage.<\/p>\n<p>Cette ann\u00e9e, le March\u00e9 de No\u00ebl de Saint-Martin-d&rsquo;Uriage promet une \u00e9dition particuli\u00e8rement chaleureuse et festive. Rendez-vous au c\u0153ur du village pour une journ\u00e9e plac\u00e9e sous le signe de l&rsquo;artisanat, des gourmandises locales et des animations pour toute la famille.<\/p>\n<p>Avec 60 exposants pr\u00e9sents, les visiteurs pourront d\u00e9couvrir un large choix de cr\u00e9ations et de produits locaux :<br \/>savons artisanaux, illustrations, bijoux, textiles, objets en bois, poterie, miel, distillerie, et bien d&rsquo;autres tr\u00e9sors. Une occasion id\u00e9ale pour d\u00e9nicher des cadeaux uniques et soutenir les artisans de la r\u00e9gion.<\/p>\n<p>Restauration sur place<\/p>\n<p>Pour les gourmands, plusieurs options seront propos\u00e9es :<br \/>&#8211; restaurants du village<br \/>&#8211; moules-frites<br \/>&#8211; tartiflette<br \/>&#8211; soupe aux choux<br \/>De quoi se r\u00e9galer tout au long de la journ\u00e9e !<\/p>\n<p>Animations tout au long de l&rsquo;\u00e9v\u00e9nement<\/p>\n<p>&#8211; D\u00e9ambulation du P\u00e8re No\u00ebl : de 10h30 \u00e0 12h30 &amp; de 15h \u00e0 17h, L&rsquo;occasion parfaite pour \u00e9merveiller les plus jeunes et immortaliser la magie de No\u00ebl.<br \/>&#8211; Chorale \u00e0 16h30 dans la salle du conseil, pour un moment musical et convivial.<br \/>&#8211; Tombolas \u00e0 12h, 15h, 16h et 17h : De nombreux paniers garnis seront \u00e0 gagner !<br \/>&#8211; Et pour cl\u00f4turer la journ\u00e9e en douceur : vin chaud et chocolat chaud offerts \u00e0 17h.<\/p>\n<p>Rendez-vous samedi 6 d\u00e9cembre de 10h \u00e0 18h sur la Place du Village de Saint-Martin d&rsquo;Uriage.<\/p>\n<p>Plus d&rsquo;infos sur le site <a class=\"url\" href=\"https:\/\/mairie.saintmartinduriage.fr\/events\/event\/marche-de-noel\/\" target=\"_blank\" rel=\"noopener\">mairie.saintmartinduriage.fr<\/a><\/p>\n<p>Max Radio est partenaire de l&rsquo;\u00e9v\u00e8nement<\/p>\n<p><\/p>\n","protected":false},"excerpt":{"rendered":"Rendez-vous samedi 6 d\u00e9cembre de 10h \u00e0 18h sur la Place du Village de Saint-Martin d&rsquo;Uriage. Cette ann\u00e9e,&hellip;\n","protected":false},"author":2,"featured_media":560820,"comment_status":"","ping_status":"","sticky":false,"template":"","format":"standard","meta":{"footnotes":""},"categories":[9566],"tags":[1111,11,2430,1777,674,1011,27,2731,18005,63631,67752,48246,12,63629,25],"class_list":{"0":"post-560819","1":"post","2":"type-post","3":"status-publish","4":"format-standard","5":"has-post-thumbnail","7":"category-grenoble","8":"tag-actu","9":"tag-actualites","10":"tag-auvergne-rhone-alpes","11":"tag-eu","12":"tag-europe","13":"tag-fr","14":"tag-france","15":"tag-grenoble","16":"tag-march","17":"tag-march-de-nol","18":"tag-march-de-nol-de-saint-martin-duriage","19":"tag-max-radio","20":"tag-news","21":"tag-nol","22":"tag-republique-francaise"},"share_on_mastodon":{"url":"https:\/\/pubeurope.com\/@fr\/115618102874155299","error":""},"_links":{"self":[{"href":"https:\/\/www.europesays.com\/fr\/wp-json\/wp\/v2\/posts\/560819","targetHints":{"allow":["GET"]}}],"collection":[{"href":"https:\/\/www.europesays.com\/fr\/wp-json\/wp\/v2\/posts"}],"about":[{"href":"https:\/\/www.europesays.com\/fr\/wp-json\/wp\/v2\/types\/post"}],"author":[{"embeddable":true,"href":"https:\/\/www.europesays.com\/fr\/wp-json\/wp\/v2\/users\/2"}],"replies":[{"embeddable":true,"href":"https:\/\/www.europesays.com\/fr\/wp-json\/wp\/v2\/comments?post=560819"}],"version-history":[{"count":0,"href":"https:\/\/www.europesays.com\/fr\/wp-json\/wp\/v2\/posts\/560819\/revisions"}],"wp:featuredmedia":[{"embeddable":true,"href":"https:\/\/www.europesays.com\/fr\/wp-json\/wp\/v2\/media\/560820"}],"wp:attachment":[{"href":"https:\/\/www.europesays.com\/fr\/wp-json\/wp\/v2\/media?parent=560819"}],"wp:term":[{"taxonomy":"category","embeddable":true,"href":"https:\/\/www.europesays.com\/fr\/wp-json\/wp\/v2\/categories?post=560819"},{"taxonomy":"post_tag","embeddable":true,"href":"https:\/\/www.europesays.com\/fr\/wp-json\/wp\/v2\/tags?post=560819"}],"curies":[{"name":"wp","href":"https:\/\/api.w.org\/{rel}","templated":true}]}}