{"id":560821,"date":"2025-11-26T21:24:40","date_gmt":"2025-11-26T21:24:40","guid":{"rendered":"https:\/\/www.europesays.com\/fr\/560821\/"},"modified":"2025-11-26T21:24:40","modified_gmt":"2025-11-26T21:24:40","slug":"une-station-de-ski-a-moins-d1h-de-grenoble-ouvre-en-avance","status":"publish","type":"post","link":"https:\/\/www.europesays.com\/fr\/560821\/","title":{"rendered":"une station de ski \u00e0 moins d&rsquo;1h de Grenoble ouvre en avance"},"content":{"rendered":"<p>                    Par<br \/>\n        <strong><br \/>\n            <a href=\"https:\/\/actu.fr\/auteur\/lisa-rodrigues\" title=\"Consulter tous les articles de Lisa Rodrigues\" target=\"_blank\" rel=\"noopener\">Lisa Rodrigues<\/a><br \/>\n                    <\/strong><\/p>\n<p>        Publi\u00e9 le<\/p>\n<p>            26 nov. 2025 \u00e0 17h37        <\/p>\n<p>Ceux qui s\u2019y rendront seront certainement parmi les premiers skieurs de la saison 2025-2026 en Is\u00e8re. Alors que <a href=\"https:\/\/actu.fr\/auvergne-rhone-alpes\/les-deux-alpes_38253\/alpes-de-la-neige-en-tres-forte-quantite-dans-cette-station-la-saison-de-ski-commence-samedi_63491250.html\" target=\"_blank\" rel=\"noopener\">d\u2019autres stations alpines<\/a> ont annonc\u00e9 l\u2019ouverture de leurs pistes pour le week-end du 29 et 30 novembre, la <strong>station des 7 Laux<\/strong>, \u00e0 moins d\u2019une heure de <a href=\"https:\/\/actu.fr\/auvergne-rhone-alpes\/grenoble_38185\" target=\"_blank\" rel=\"noopener\">Grenoble<\/a>, fait encore mieux.<\/p>\n<p>    <a href=\"https:\/\/www.google.com\/maps\/embed?pb=!1m18!1m12!1m3!1d89909.72426694106!2d5.77980830022874!3d45.23406306555998!2m3!1f0!2f0!3f0!3m2!1i1024!2i768!4f13.1!3m3!1m2!1s0x478a4528186c835f%3A0x815431bde34b1b44!2sLes%20Sept%20Laux!5e0!3m2!1sfr!2sfr!4v1764171762158!5m2!1sfr!2sfr\" title=\"Ouvrie le lien\" target=\"_blank\" rel=\"noopener\">Cliquez ici pour visualiser le contenu<\/a><\/p>\n<p class=\" wall-content\">Face aux r\u00e9centes \u2013 et importantes \u2013 chutes de neige, une \u00ab\u00a0<strong>ouverture partielle<\/strong>\u00a0\u00bb des pistes de la station en Belledonne est annonc\u00e9e pour le <strong>jeudi 27 novembre<\/strong>.<\/p>\n<p>Quelques pistes ouvertes<\/p>\n<p class=\" wall-content\">Dans le d\u00e9tail, seule une partie du domaine skiable sera accessible aux skieurs. \u00ab\u00a0Le <strong>secteur du Pipay<\/strong> accueillera les premiers skieurs d\u00e8s [jeudi] et jusqu\u2019\u00e0 dimanche\u00a0\u00bb, sous r\u00e9serve d\u2019un maintien des bonnes conditions m\u00e9t\u00e9orologiques, indique la station sur ses r\u00e9seaux sociaux.<\/p>\n<p>    <a href=\"https:\/\/www.facebook.com\/plugins\/post.php?href=https%3A%2F%2Fwww.facebook.com%2Fles7laux%2Fposts%2Fpfbid032ZYsXeLytB8SZMQM64Amebw2W3JaWzdBgnYoBfrZoRRxkuWcyvsKbUQkzX7g15Cyl&amp;show_text=true&amp;width=350\" title=\"Ouvrie le lien\" target=\"_blank\" rel=\"noopener\">Cliquez ici pour visualiser le contenu<\/a><\/p>\n<p class=\" wall-content\">Au total, <strong>quatre pistes seront ouvertes<\/strong> :\u00a0<\/p>\n<ul class=\" wall-content\">\n<li>Chanterelle (piste verte)<\/li>\n<li>La Biche (piste bleue)<\/li>\n<li>Charbonni\u00e8re (piste bleue)<\/li>\n<li>Mataru Sup\u00e9rieure (piste rouge)<\/li>\n<\/ul>\n<p>Votre r\u00e9gion, votre actu !<\/p>\n<p>Recevez chaque jour les infos qui comptent pour vous.<\/p>\n<p>\t<a href=\"https:\/\/actu.fr\/newsletter\" class=\"ac-btn ac-btn--corner ac-btn--medium ac-btn--blue800\" target=\"_blank\" rel=\"noopener\">S&rsquo;incrire<\/a><\/p>\n<p class=\" wall-content\">Deux remont\u00e9es m\u00e9caniques, le t\u00e9l\u00e9si\u00e8ge du Grand Cerf et le t\u00e9l\u00e9si\u00e8ge de l\u2019\u00c9terlou, emm\u00e8neront les skieurs <strong>de 9 heures \u00e0 16h30<\/strong>.<\/p>\n<p>    <img   decoding=\"async\" loading=\"lazy\" src=\"https:\/\/www.europesays.com\/fr\/wp-content\/uploads\/2025\/11\/7-laux-neige-remontees-960x640.png\" alt=\"La neige est tomb\u00e9e en abondance aux 7 Laux, pr\u00e8s de Grenoble. Assez pour que la station ait d\u00e9cid\u00e9 d'ouvrir plus t\u00f4t ses pistes.\" width=\"960\" height=\"640\"\/><br \/>\n    Les \u00e9quipes de la station des 7 Laux en Is\u00e8re se pr\u00e9parent pour une ouverture partielle anticip\u00e9e d\u2019une partie du domaine skiable d\u00e8s jeudi 27 novembre. (\u00a9Document remis \u00e0 actu Grenoble \/ Belledonne Tourisme)\u00ab\u00a0Un premier aper\u00e7u de la saison hivernale\u00a0\u00bb<\/p>\n<p class=\" wall-content\">Pour l\u2019occasion, il sera possible de profiter des joies de la glisse avec des <strong>tarifs r\u00e9duits<\/strong> pour s\u2019adapter \u00e0 l\u2019ouverture partielle du domaine : comptez 20,50 \u20ac pour la journ\u00e9e de ski, et 15 \u20ac pour le forfait de 4 heures.<\/p>\n<p class=\" wall-content\">\u00ab\u00a0Cette mise en service progressive offre un premier aper\u00e7u de la saison hivernale et permettra aussi bien aux d\u00e9butants qu\u2019aux skieurs plus exp\u00e9riment\u00e9s de retrouver les plaisirs de la glisse dans un environnement naturel pr\u00e9serv\u00e9\u00a0\u00bb, souligne la station des 7 Laux dans un communiqu\u00e9.<\/p>\n<p class=\" wall-content\">Personnalisez votre actualit\u00e9 en ajoutant vos villes et m\u00e9dias en favori avec <a href=\"https:\/\/moncompte.actu.fr\" title=\"D\u00e9couvez Mon Actu\" rel=\"nofollow noopener\" data-trk=\"{&quot;cta&quot;:{&quot;action&quot;:&quot;https:\\\/\\\/moncompte.actu.fr&quot;,&quot;category&quot;:&quot;mon compte&quot;,&quot;from&quot;:&quot;article footer&quot;,&quot;name&quot;:&quot;Mon actu&quot;,&quot;type&quot;:&quot;cta&quot;}}\" target=\"_blank\">Mon Actu<\/a>.<\/p>\n","protected":false},"excerpt":{"rendered":"Par Lisa Rodrigues Publi\u00e9 le 26 nov. 2025 \u00e0 17h37 Ceux qui s\u2019y rendront seront certainement parmi les&hellip;\n","protected":false},"author":2,"featured_media":560822,"comment_status":"","ping_status":"","sticky":false,"template":"","format":"standard","meta":{"footnotes":""},"categories":[9566],"tags":[1111,11,2430,1777,674,1011,27,2731,5324,10584,12,25,4129,104],"class_list":{"0":"post-560821","1":"post","2":"type-post","3":"status-publish","4":"format-standard","5":"has-post-thumbnail","7":"category-grenoble","8":"tag-actu","9":"tag-actualites","10":"tag-auvergne-rhone-alpes","11":"tag-eu","12":"tag-europe","13":"tag-fr","14":"tag-france","15":"tag-grenoble","16":"tag-montagne","17":"tag-neige","18":"tag-news","19":"tag-republique-francaise","20":"tag-ski","21":"tag-societe"},"share_on_mastodon":{"url":"https:\/\/pubeurope.com\/@fr\/115618111948227339","error":""},"_links":{"self":[{"href":"https:\/\/www.europesays.com\/fr\/wp-json\/wp\/v2\/posts\/560821","targetHints":{"allow":["GET"]}}],"collection":[{"href":"https:\/\/www.europesays.com\/fr\/wp-json\/wp\/v2\/posts"}],"about":[{"href":"https:\/\/www.europesays.com\/fr\/wp-json\/wp\/v2\/types\/post"}],"author":[{"embeddable":true,"href":"https:\/\/www.europesays.com\/fr\/wp-json\/wp\/v2\/users\/2"}],"replies":[{"embeddable":true,"href":"https:\/\/www.europesays.com\/fr\/wp-json\/wp\/v2\/comments?post=560821"}],"version-history":[{"count":0,"href":"https:\/\/www.europesays.com\/fr\/wp-json\/wp\/v2\/posts\/560821\/revisions"}],"wp:featuredmedia":[{"embeddable":true,"href":"https:\/\/www.europesays.com\/fr\/wp-json\/wp\/v2\/media\/560822"}],"wp:attachment":[{"href":"https:\/\/www.europesays.com\/fr\/wp-json\/wp\/v2\/media?parent=560821"}],"wp:term":[{"taxonomy":"category","embeddable":true,"href":"https:\/\/www.europesays.com\/fr\/wp-json\/wp\/v2\/categories?post=560821"},{"taxonomy":"post_tag","embeddable":true,"href":"https:\/\/www.europesays.com\/fr\/wp-json\/wp\/v2\/tags?post=560821"}],"curies":[{"name":"wp","href":"https:\/\/api.w.org\/{rel}","templated":true}]}}