{"id":560823,"date":"2025-11-26T21:26:27","date_gmt":"2025-11-26T21:26:27","guid":{"rendered":"https:\/\/www.europesays.com\/fr\/560823\/"},"modified":"2025-11-26T21:26:27","modified_gmt":"2025-11-26T21:26:27","slug":"son-fils-ramene-des-mortiers-au-college-la-maman-excedee-lui-assene-un-coup-de-ciseaux","status":"publish","type":"post","link":"https:\/\/www.europesays.com\/fr\/560823\/","title":{"rendered":"son fils ram\u00e8ne des mortiers au coll\u00e8ge, la maman exc\u00e9d\u00e9e lui ass\u00e8ne un coup de ciseaux"},"content":{"rendered":"<p>                    Par<br \/>\n        <strong><br \/>\n            <a href=\"https:\/\/actu.fr\/auteur\/brian-legoff\" title=\"Consulter tous les articles de Brian Le Goff\" target=\"_blank\" rel=\"noopener\">Brian Le Goff<\/a><br \/>\n                    <\/strong><\/p>\n<p>        Publi\u00e9 le<\/p>\n<p>            26 nov. 2025 \u00e0 18h24        <\/p>\n<p>Les circonstances exactes de ce qui est qualifi\u00e9 <strong>\u00ab\u2009d\u2019agression\u2009\u00bb<\/strong> restent \u00e0 d\u00e9terminer pr\u00e9cis\u00e9ment. Mardi 25\u00a0novembre 2025, les policiers de <a href=\"https:\/\/actu.fr\/rennes\/\" target=\"_blank\" rel=\"noopener\">Rennes<\/a> ont \u00e9t\u00e9 appel\u00e9s pour <strong>mettre fin \u00e0 une dispute entre une m\u00e8re <\/strong>exc\u00e9d\u00e9e et <strong>son fils de 12\u00a0ans.<\/strong><\/p>\n<p>Un jeune gar\u00e7on sous de mauvaises influences<\/p>\n<p class=\" wall-content\">Cette derni\u00e8re avait \u00e9t\u00e9<strong> appel\u00e9e un peu plus t\u00f4t par le coll\u00e8ge<\/strong> de son gar\u00e7on apr\u00e8s que ce dernier a<strong> ramen\u00e9 des mortiers <\/strong>\u00e0 l\u2019int\u00e9rieur de l\u2019\u00e9tablissement. Le jeune homme serait <strong>sous l\u2019influence de personnes participant au trafic de drogues<\/strong> dans le quartier.<\/p>\n<p class=\" wall-content\">Au bout de la dispute, la maman a, semble-t-il, perdu les nerfs et ass\u00e9n\u00e9 d\u2019une mani\u00e8re inconnue \u00e0 ce stade <strong>un coup \u00e0 son fils avec une paire de ciseaux<\/strong>. Celui-ci a \u00e9t\u00e9 l\u00e9g\u00e8rement bless\u00e9 \u00e0 la cuisse, sans n\u00e9cessit\u00e9 de suture.<\/p>\n<p class=\" wall-content\">La maman a \u00e9t\u00e9 transport\u00e9e au commissariat pour y \u00eatre entendue.<\/p>\n<p class=\" wall-content\">Personnalisez votre actualit\u00e9 en ajoutant vos villes et m\u00e9dias en favori avec <a href=\"https:\/\/moncompte.actu.fr\" title=\"D\u00e9couvez Mon Actu\" rel=\"nofollow noopener\" data-trk=\"{&quot;cta&quot;:{&quot;action&quot;:&quot;https:\\\/\\\/moncompte.actu.fr&quot;,&quot;category&quot;:&quot;mon compte&quot;,&quot;from&quot;:&quot;article footer&quot;,&quot;name&quot;:&quot;Mon actu&quot;,&quot;type&quot;:&quot;cta&quot;}}\" target=\"_blank\">Mon Actu<\/a>.<\/p>\n","protected":false},"excerpt":{"rendered":"Par Brian Le Goff Publi\u00e9 le 26 nov. 2025 \u00e0 18h24 Les circonstances exactes de ce qui est&hellip;\n","protected":false},"author":2,"featured_media":18552,"comment_status":"","ping_status":"","sticky":false,"template":"","format":"standard","meta":{"footnotes":""},"categories":[2821],"tags":[1111,11,829,1052,1777,674,118,1011,27,12,1072,584,25],"class_list":{"0":"post-560823","1":"post","2":"type-post","3":"status-publish","4":"format-standard","5":"has-post-thumbnail","7":"category-rennes","8":"tag-actu","9":"tag-actualites","10":"tag-bretagne","11":"tag-drogue","12":"tag-eu","13":"tag-europe","14":"tag-faits-divers","15":"tag-fr","16":"tag-france","17":"tag-news","18":"tag-police","19":"tag-rennes","20":"tag-republique-francaise"},"share_on_mastodon":{"url":"https:\/\/pubeurope.com\/@fr\/115618118773047563","error":""},"_links":{"self":[{"href":"https:\/\/www.europesays.com\/fr\/wp-json\/wp\/v2\/posts\/560823","targetHints":{"allow":["GET"]}}],"collection":[{"href":"https:\/\/www.europesays.com\/fr\/wp-json\/wp\/v2\/posts"}],"about":[{"href":"https:\/\/www.europesays.com\/fr\/wp-json\/wp\/v2\/types\/post"}],"author":[{"embeddable":true,"href":"https:\/\/www.europesays.com\/fr\/wp-json\/wp\/v2\/users\/2"}],"replies":[{"embeddable":true,"href":"https:\/\/www.europesays.com\/fr\/wp-json\/wp\/v2\/comments?post=560823"}],"version-history":[{"count":0,"href":"https:\/\/www.europesays.com\/fr\/wp-json\/wp\/v2\/posts\/560823\/revisions"}],"wp:featuredmedia":[{"embeddable":true,"href":"https:\/\/www.europesays.com\/fr\/wp-json\/wp\/v2\/media\/18552"}],"wp:attachment":[{"href":"https:\/\/www.europesays.com\/fr\/wp-json\/wp\/v2\/media?parent=560823"}],"wp:term":[{"taxonomy":"category","embeddable":true,"href":"https:\/\/www.europesays.com\/fr\/wp-json\/wp\/v2\/categories?post=560823"},{"taxonomy":"post_tag","embeddable":true,"href":"https:\/\/www.europesays.com\/fr\/wp-json\/wp\/v2\/tags?post=560823"}],"curies":[{"name":"wp","href":"https:\/\/api.w.org\/{rel}","templated":true}]}}