{"id":560825,"date":"2025-11-26T21:28:19","date_gmt":"2025-11-26T21:28:19","guid":{"rendered":"https:\/\/www.europesays.com\/fr\/560825\/"},"modified":"2025-11-26T21:28:19","modified_gmt":"2025-11-26T21:28:19","slug":"a-strasbourg-10-supermarches-de-lenseigne-vont-disparaitre","status":"publish","type":"post","link":"https:\/\/www.europesays.com\/fr\/560825\/","title":{"rendered":"\u00e0 Strasbourg, 10 supermarch\u00e9s de l&rsquo;enseigne vont dispara\u00eetre"},"content":{"rendered":"<p>    <img loading=\"lazy\" width=\"1800\" height=\"900\" src=\"https:\/\/www.europesays.com\/fr\/wp-content\/uploads\/2025\/11\/jeanne-callthepolice.jpg\" class=\"attachment-full size-full\" alt=\"\" id=\"imageLove\" decoding=\"async\"  \/><\/p>\n<p id=\"breadcrumbs\"><a href=\"https:\/\/pokaa.fr\/\" target=\"_blank\" rel=\"noopener\">Accueil<\/a> \/ <a href=\"https:\/\/pokaa.fr\/categories\/actu\/\" target=\"_blank\" rel=\"noopener\">Info locale<\/a> \/ Auchan c\u2019est fini : \u00e0 Strasbourg, 10 supermarch\u00e9s de l\u2019enseigne vont dispara\u00eetre<\/p>\n<p>                    Info locale<\/p>\n<p><b>Ce 25 novembre, Auchan a annonc\u00e9 que pr\u00e8s de 300 de ses magasins en France allaient passer sous les enseignes Intermarch\u00e9 et Netto, dans un projet de \u00ab coop\u00e9ration \u00bb. \u00c0 Strasbourg, ce sont 10 supermarch\u00e9s qui changeront d\u2019enseigne \u00e0 l\u2019horizon fin 2026. <\/b><\/p>\n<p class=\"p1\">La fin des enseignes Auchan \u00e0 Strasbourg, cela semble \u00eatre pour bient\u00f4t. <a href=\"https:\/\/www.leparisien.fr\/economie\/consommation\/lannonce-choc-dauchan-ses-300-supermarches-bientot-sous-enseigne-intermarche-ou-netto-25-11-2025-R6YLWV7USRHALJ2PJP6C5TPZYU.php\" target=\"_blank\" rel=\"noopener\">Selon Le Parisien<\/a>, <b>294 supermarch\u00e9s fran\u00e7ais de la marque, d\u2019un format de 400 \u00e0 2 500 m2, pourraient arborer l\u2019enseigne Intermarch\u00e9 ou Netto<\/b> [l\u2019enseigne de hard-discount d\u2019Intermarch\u00e9, ndlr], d\u2019ici la fin 2026. Et ainsi avoir dans les magasins les marques propres \u00e0 ces franchises.<\/p>\n<p class=\"p1\">Une forme in\u00e9dite de franchise selon un communiqu\u00e9 d\u2019Auchan, <b>o\u00f9 ces supermarch\u00e9s seraient transf\u00e9r\u00e9s dans une soci\u00e9t\u00e9, autonome sur un plan juridique mais restant li\u00e9e au groupe<\/b>. Une d\u00e9cision prise pour renforcer la comp\u00e9titivit\u00e9 d\u2019Auchan sur les supermarch\u00e9s, alors que le groupe est en proie \u00e0 des difficult\u00e9s financi\u00e8res depuis quelques ann\u00e9es. Le tout, en conservant ses enseignes d\u2019hypermarch\u00e9s.<\/p>\n<p>    <img width=\"800\" height=\"600\" src=\"https:\/\/www.europesays.com\/fr\/wp-content\/uploads\/2025\/11\/img-3518-800x600.jpg\" class=\"attachment-image-size-L size-image-size-L\" alt=\"auchan\" decoding=\"async\" loading=\"lazy\"  \/>         \u00a9 Coraline Lafon \/ Pokaa <\/p>\n<p>\u00c0 Strasbourg, dix supermarch\u00e9s vont changer d\u2019enseigne d\u2019ici la fin 2026<\/p>\n<p class=\"p1\">Cons\u00e9quence : <b>\u00e0 Strasbourg, huit supermarch\u00e9s vont changer d\u2019enseigne d\u2019ici la fin 2026<\/b>. Il sera d\u2019ailleurs int\u00e9ressant de voir o\u00f9 seront positionn\u00e9s les futurs magasins Netto, l\u2019enseigne hard-discount. Dans le d\u00e9tail :<\/p>\n<ul class=\"ul1\">\n<li class=\"li1\">Celui du centre commercial de l\u2019Esplanade,<\/li>\n<li class=\"li1\">Celui du centre commercial des Halles,<\/li>\n<li class=\"li1\">Celui de l\u2019Orangerie,<\/li>\n<li class=\"li1\">Celui de la place Kl\u00e9ber,<\/li>\n<li class=\"li1\">Celui de la Porte de France, quartier Bourse<\/li>\n<li class=\"li1\">Celui de la Robertsau,<\/li>\n<li class=\"li1\">Celui de la Meinau,<\/li>\n<li class=\"li1\">Celui dans le sud du Neudorf, pr\u00e8s de l\u2019arr\u00eat Gravi\u00e8re,<\/li>\n<li>Celui de Cronenbourg,<\/li>\n<li>Celui de Koenigshoffen,<\/li>\n<\/ul>\n<p>    <img width=\"800\" height=\"600\" src=\"https:\/\/www.europesays.com\/fr\/wp-content\/uploads\/2025\/11\/immersion-quartier-koenigshoffen-pokaa27.jpg\" class=\"attachment-image-size-L size-image-size-L\" alt=\"immersion quartier koenigshoffen pokaa27\" decoding=\"async\" loading=\"lazy\"  \/>         \u00a9 Nicolas Kaspar\/Pokaa <\/p>\n<p class=\"p1\">Seuls resteront sous la banni\u00e8re Auchan les divers hypermarch\u00e9s. <b>\u00c0 Strasbourg, celui du centre commercial d\u2019Hautepierre et celui du Baggersee, d\u00e9j\u00e0 en restructuration, seront donc toujours sigl\u00e9s Auchan<\/b>.<\/p>\n<p class=\"p1\"><b>Il ne reste plus qu\u2019\u00e0 voir les cons\u00e9quences que ce rapprochement aura sur les salari\u00e9(e)s strasbourgeois(es) du groupe<\/b> ; alors que 11 400 salari\u00e9(e)s sont concern\u00e9s au niveau national, des craintes ont \u00e9t\u00e9 relay\u00e9es par le Parisien que ce transfert des contrats de travail dans la nouvelle structure pourrait faire perdre aux salari\u00e9(e)s \u00ab\u00a0les acquis n\u00e9goci\u00e9s au sein du groupe Auchan : mutuelle, pr\u00e9voyance, participation, int\u00e9ressement\u2026\u00a0\u00bb Des inqui\u00e9tudes l\u00e9gitimes, \u00e0 l\u2019aube d\u2019un nouveau bouleversement dans le monde de la grande distribution.<\/p>\n<p>    <img width=\"800\" height=\"600\" src=\"https:\/\/www.europesays.com\/fr\/wp-content\/uploads\/2025\/11\/auchan-baggersee-800x600.jpg\" class=\"attachment-image-size-L size-image-size-L\" alt=\"Auchan_Baggersee\" decoding=\"async\" loading=\"lazy\"  \/>         \u00a9\u00a0Katsutoshi Seki &#8211; CC BY-SA 3.0 \/ Photo d&rsquo;illustration <\/p>\n","protected":false},"excerpt":{"rendered":"Accueil \/ Info locale \/ Auchan c\u2019est fini : \u00e0 Strasbourg, 10 supermarch\u00e9s de l\u2019enseigne vont dispara\u00eetre Info&hellip;\n","protected":false},"author":2,"featured_media":560826,"comment_status":"","ping_status":"","sticky":false,"template":"","format":"standard","meta":{"footnotes":""},"categories":[2820],"tags":[1111,917,11,14474,1777,674,1011,27,775,12,25,640],"class_list":{"0":"post-560825","1":"post","2":"type-post","3":"status-publish","4":"format-standard","5":"has-post-thumbnail","7":"category-strasbourg","8":"tag-actu","9":"tag-actu-locale","10":"tag-actualites","11":"tag-auchan","12":"tag-eu","13":"tag-europe","14":"tag-fr","15":"tag-france","16":"tag-grand-est","17":"tag-news","18":"tag-republique-francaise","19":"tag-strasbourg"},"share_on_mastodon":{"url":"https:\/\/pubeurope.com\/@fr\/115618128793165681","error":""},"_links":{"self":[{"href":"https:\/\/www.europesays.com\/fr\/wp-json\/wp\/v2\/posts\/560825","targetHints":{"allow":["GET"]}}],"collection":[{"href":"https:\/\/www.europesays.com\/fr\/wp-json\/wp\/v2\/posts"}],"about":[{"href":"https:\/\/www.europesays.com\/fr\/wp-json\/wp\/v2\/types\/post"}],"author":[{"embeddable":true,"href":"https:\/\/www.europesays.com\/fr\/wp-json\/wp\/v2\/users\/2"}],"replies":[{"embeddable":true,"href":"https:\/\/www.europesays.com\/fr\/wp-json\/wp\/v2\/comments?post=560825"}],"version-history":[{"count":0,"href":"https:\/\/www.europesays.com\/fr\/wp-json\/wp\/v2\/posts\/560825\/revisions"}],"wp:featuredmedia":[{"embeddable":true,"href":"https:\/\/www.europesays.com\/fr\/wp-json\/wp\/v2\/media\/560826"}],"wp:attachment":[{"href":"https:\/\/www.europesays.com\/fr\/wp-json\/wp\/v2\/media?parent=560825"}],"wp:term":[{"taxonomy":"category","embeddable":true,"href":"https:\/\/www.europesays.com\/fr\/wp-json\/wp\/v2\/categories?post=560825"},{"taxonomy":"post_tag","embeddable":true,"href":"https:\/\/www.europesays.com\/fr\/wp-json\/wp\/v2\/tags?post=560825"}],"curies":[{"name":"wp","href":"https:\/\/api.w.org\/{rel}","templated":true}]}}