{"id":560827,"date":"2025-11-26T21:29:36","date_gmt":"2025-11-26T21:29:36","guid":{"rendered":"https:\/\/www.europesays.com\/fr\/560827\/"},"modified":"2025-11-26T21:29:36","modified_gmt":"2025-11-26T21:29:36","slug":"au-centre-ville-une-patinoire-de-80-m2-a-ouvert-au-sofitel","status":"publish","type":"post","link":"https:\/\/www.europesays.com\/fr\/560827\/","title":{"rendered":"au centre-ville, une patinoire de 80 m2 a ouvert au Sofitel !"},"content":{"rendered":"<p>    <img loading=\"lazy\" width=\"1800\" height=\"900\" src=\"https:\/\/www.europesays.com\/fr\/wp-content\/uploads\/2025\/11\/jeanne-callthepolice.jpg\" class=\"attachment-full size-full\" alt=\"\" id=\"imageLove\" decoding=\"async\"  \/><\/p>\n<p id=\"breadcrumbs\"><a href=\"https:\/\/pokaa.fr\/\" target=\"_blank\" rel=\"noopener\">Accueil<\/a> \/ <a href=\"https:\/\/pokaa.fr\/categories\/noel\/\" target=\"_blank\" rel=\"noopener\">No\u00ebl<\/a> \/ Strasbourg secret : au centre-ville, une patinoire de 80 m2 a ouvert au Sofitel !<\/p>\n<p>                    No\u00ebl<\/p>\n<p><strong>Cette ann\u00e9e encore, \u00e0 Strasbourg, le Sofitel frappe un grand coup en installant une patinoire \u00e0 l\u2019int\u00e9rieur de ses locaux, et ce n\u2019est pas tout ! Go\u00fbter sucr\u00e9 ou sal\u00e9, vin chaud, raclette party, magie de No\u00ebl pour petit(e)s et grand(e)s : il s\u2019en passe des choses autour de cette piste gel\u00e9e.<\/strong><\/p>\n<p>Bienvenue \u00e0 Strasbourg, <strong>dans les locaux du premier h\u00f4tel Sofitel du monde. <\/strong>Dans cet \u00e9tablissement de haut standing,<strong> vitrine du luxe \u00e0 la fran\u00e7aise<\/strong> en Alsace et \u00e0 travers le monde, <strong>il se passe quelque chose depuis une poign\u00e9e de jours.<\/strong><\/p>\n<p>                <img width=\"375\" height=\"500\" src=\"https:\/\/www.europesays.com\/fr\/wp-content\/uploads\/2025\/11\/sofitel-patinoire-gouter-2025img-8620-375x500.jpeg\" class=\"attachment-gallery size-gallery\" alt=\"sofitel patinoire gouter 2025IMG_8620\" data-full-url=\"https:\/\/pokaa.fr\/wp-content\/uploads\/2025\/11\/25\/sofitel-patinoire-gouter-2025img-8620.jpeg\" decoding=\"async\" loading=\"lazy\"  \/>            <\/p>\n<p>                <img width=\"375\" height=\"500\" src=\"https:\/\/www.europesays.com\/fr\/wp-content\/uploads\/2025\/11\/sofitel-patinoire-gouter-2025img-8679-375x500.jpeg\" class=\"attachment-gallery size-gallery\" alt=\"sofitel patinoire gouter 2025IMG_8679\" data-full-url=\"https:\/\/pokaa.fr\/wp-content\/uploads\/2025\/11\/25\/sofitel-patinoire-gouter-2025img-8679.jpeg\" decoding=\"async\" loading=\"lazy\"  \/>            <\/p>\n<p>                <img width=\"375\" height=\"500\" src=\"https:\/\/www.europesays.com\/fr\/wp-content\/uploads\/2025\/11\/sofitel-patinoire-gouter-2025img-8696-375x500.jpeg\" class=\"attachment-gallery size-gallery\" alt=\"sofitel patinoire gouter 2025IMG_8696\" data-full-url=\"https:\/\/pokaa.fr\/wp-content\/uploads\/2025\/11\/25\/sofitel-patinoire-gouter-2025img-8696.jpeg\" decoding=\"async\" loading=\"lazy\"  \/>            <\/p>\n<p>                <img width=\"375\" height=\"500\" src=\"https:\/\/www.europesays.com\/fr\/wp-content\/uploads\/2025\/11\/sofitel-patinoire-gouter-2025img-8721-375x500.jpeg\" class=\"attachment-gallery size-gallery\" alt=\"sofitel patinoire gouter 2025IMG_8721\" data-full-url=\"https:\/\/pokaa.fr\/wp-content\/uploads\/2025\/11\/25\/sofitel-patinoire-gouter-2025img-8721.jpeg\" decoding=\"async\" loading=\"lazy\"  \/>            <\/p>\n<p>                <img width=\"375\" height=\"500\" src=\"https:\/\/www.europesays.com\/fr\/wp-content\/uploads\/2025\/11\/sofitel-patinoire-gouter-2025img-8657-375x500.jpeg\" class=\"attachment-gallery size-gallery\" alt=\"sofitel patinoire gouter 2025IMG_8657\" data-full-url=\"https:\/\/pokaa.fr\/wp-content\/uploads\/2025\/11\/25\/sofitel-patinoire-gouter-2025img-8657.jpeg\" decoding=\"async\" loading=\"lazy\"  \/>            <\/p>\n<p>                <img width=\"375\" height=\"500\" src=\"https:\/\/www.europesays.com\/fr\/wp-content\/uploads\/2025\/11\/sofitel-patinoire-gouter-2025img-8599-4-375x500.jpeg\" class=\"attachment-gallery size-gallery\" alt=\"sofitel patinoire gouter 2025IMG_8599 4\" data-full-url=\"https:\/\/pokaa.fr\/wp-content\/uploads\/2025\/11\/25\/sofitel-patinoire-gouter-2025img-8599-4.jpeg\" decoding=\"async\" loading=\"lazy\"  \/>            <\/p>\n<p>                    \u00a9 Bastien Pietronave \/ Pokaa<\/p>\n<p>En toute discr\u00e9tion,<strong> un d\u00e9cor de No\u00ebl a \u00e9t\u00e9 install\u00e9<\/strong>, un grand sapin a \u00e9t\u00e9 dress\u00e9, et <strong>une patinoire est sortie de terre<\/strong>. Pas besoin de carton d\u2019invitation, <strong>vous \u00eates toutes et tous invit\u00e9(e)s \u00e0 passer un petit moment<\/strong> dans un cocon confidentiel, chaud et r\u00e9confortant.<\/p>\n<p>    <img width=\"800\" height=\"600\" src=\"https:\/\/www.europesays.com\/fr\/wp-content\/uploads\/2025\/11\/sofitel-patinoire-gouter-2025img-8618-800x600.jpeg\" class=\"attachment-image-size-L size-image-size-L\" alt=\"sofitel patinoire gouter 2025IMG_8618\" decoding=\"async\" loading=\"lazy\"  \/>         \u00a9 Bastien Pietronave \/ Pokaa <\/p>\n<p>Patinoire et vin chaud : un petit bout de No\u00ebl au Sofitel<\/p>\n<p>Depuis vendredi dernier,<strong> le Sofitel Strasbourg a mis ses moufles et son petit bonnet<\/strong>. Cette ann\u00e9e, <strong>tout se passe au sein de ses locaux<\/strong>, avec de belles propositions <strong>pour boire un verre, manger un bout, et t\u00e2ter du patin \u00e0 glace.<\/strong><\/p>\n<p>Dans un premier temps, et c\u2019est une sacr\u00e9e prouesse : <strong>une patinoire de 9 m\u00e8tres sur 9 a \u00e9t\u00e9 install\u00e9e dans le patio de l\u2019h\u00f4tel. <\/strong>Elle accueille les petit(e)s comme les grand(e)s, \u00e0 partir de 12 ans, <strong>de 11h \u00e0 19h tous les jours et jusqu\u2019au 28 d\u00e9cembre.<\/strong><\/p>\n<p>                <img width=\"375\" height=\"500\" src=\"https:\/\/www.europesays.com\/fr\/wp-content\/uploads\/2025\/11\/sofitel-patinoire-gouter-2025img-8659-375x500.jpeg\" class=\"attachment-gallery size-gallery\" alt=\"sofitel patinoire gouter 2025IMG_8659\" data-full-url=\"https:\/\/pokaa.fr\/wp-content\/uploads\/2025\/11\/25\/sofitel-patinoire-gouter-2025img-8659.jpeg\" decoding=\"async\" loading=\"lazy\"  \/>            <\/p>\n<p>                <img width=\"375\" height=\"500\" src=\"https:\/\/www.europesays.com\/fr\/wp-content\/uploads\/2025\/11\/sofitel-patinoire-gouter-2025img-8681-375x500.jpeg\" class=\"attachment-gallery size-gallery\" alt=\"sofitel patinoire gouter 2025IMG_8681\" data-full-url=\"https:\/\/pokaa.fr\/wp-content\/uploads\/2025\/11\/25\/sofitel-patinoire-gouter-2025img-8681.jpeg\" decoding=\"async\" loading=\"lazy\"  \/>            <\/p>\n<p>                <img width=\"375\" height=\"500\" src=\"https:\/\/www.europesays.com\/fr\/wp-content\/uploads\/2025\/11\/sofitel-patinoire-gouter-2025img-8703-375x500.jpeg\" class=\"attachment-gallery size-gallery\" alt=\"sofitel patinoire gouter 2025IMG_8703\" data-full-url=\"https:\/\/pokaa.fr\/wp-content\/uploads\/2025\/11\/25\/sofitel-patinoire-gouter-2025img-8703.jpeg\" decoding=\"async\" loading=\"lazy\"  \/>            <\/p>\n<p>                <img width=\"375\" height=\"500\" src=\"https:\/\/www.europesays.com\/fr\/wp-content\/uploads\/2025\/11\/sofitel-patinoire-gouter-2025img-8655-375x500.jpeg\" class=\"attachment-gallery size-gallery\" alt=\"sofitel patinoire gouter 2025IMG_8655\" data-full-url=\"https:\/\/pokaa.fr\/wp-content\/uploads\/2025\/11\/25\/sofitel-patinoire-gouter-2025img-8655.jpeg\" decoding=\"async\" loading=\"lazy\"  \/>            <\/p>\n<p>                <img width=\"375\" height=\"500\" src=\"https:\/\/www.europesays.com\/fr\/wp-content\/uploads\/2025\/11\/sofitel-patinoire-gouter-2025img-8689-375x500.jpeg\" class=\"attachment-gallery size-gallery\" alt=\"sofitel patinoire gouter 2025IMG_8689\" data-full-url=\"https:\/\/pokaa.fr\/wp-content\/uploads\/2025\/11\/25\/sofitel-patinoire-gouter-2025img-8689.jpeg\" decoding=\"async\" loading=\"lazy\"  \/>            <\/p>\n<p>                    \u00a9 Bastien Pietronave \/ Pokaa<\/p>\n<p>Avec son et lumi\u00e8res,<strong> au milieu d\u2019un d\u00e9cor pens\u00e9 pour l\u2019occasion<\/strong>, on peut louer ses patins et glisser \u00e0 sa guise sur ce qui semble \u00eatre <strong>la seule patinoire \u00e9ph\u00e9m\u00e8re \u00e0 Strasbourg cette ann\u00e9e<\/strong>. Comptez <strong>6 \u20ac la demi-heure, location de patins incluse<\/strong>, les gants \u00e9tant obligatoires.<\/p>\n<p>Avant ou apr\u00e8s cette activit\u00e9, on peut s\u2019installer confortablement dans le bar <strong>pour boire un vin chaud (6 \u20ac), un matcha, un chocolat chaud<\/strong>, ou une petite coupe si \u00e7a nous chante.<\/p>\n<p>    <img width=\"800\" height=\"600\" src=\"https:\/\/www.europesays.com\/fr\/wp-content\/uploads\/2025\/11\/sofitel-patinoire-gouter-2025img-8702-800x600.jpeg\" class=\"attachment-image-size-L size-image-size-L\" alt=\"sofitel patinoire gouter 2025IMG_8702\" decoding=\"async\" loading=\"lazy\"  \/>         \u00a9 Bastien Pietronave \/ Pokaa <\/p>\n<p>Go\u00fbters et raclettes s&rsquo;invitent aux festivit\u00e9s<\/p>\n<p>Puisqu\u2019\u00e0 No\u00ebl, on ne d\u00e9conne pas avec le plaisir, <strong>de luxueux \u00ab go\u00fbters \u00bb sont propos\u00e9s tous les jours de 15h \u00e0 17h<\/strong>. On retrouve aussi <strong>un chariot de douceurs sucr\u00e9es<\/strong> avec des p\u00e2tisseries, des macarons et des croissants (sucr\u00e9s et sal\u00e9s) sign\u00e9s La Haute Croissanterie. \u00c9videmment, il y a<strong>\u00a0la fameuse mousse au chocolat \u00e0 partager<\/strong> que l\u2019on vous a d\u00e9j\u00e0 conseill\u00e9e dans un pr\u00e9c\u00e9dent article.<\/p>\n<p>Et comme le go\u00fbter peut aussi \u00eatre sal\u00e9, et que l\u2019on est quand m\u00eame dans un h\u00f4tel de luxe, <strong>pourquoi ne pas s\u2019envoyer quelques hu\u00eetres ou des frites fra\u00eeches avec mayo \u00e0 la truffe<\/strong> ? Bref, ici le go\u00fbter se prend autrement, <strong>dans la chaleur et le confort d\u2019un lieu privil\u00e9gi\u00e9.<\/strong><\/p>\n<p>                <a href=\"https:\/\/pokaa.fr\/2025\/03\/26\/la-brasserie-a-strasbourg-le-restaurant-du-sofitel-se-reinvente-et-ca-vaut-le-detour\/\" target=\"_blank\" rel=\"noopener\"><br \/>\n                    <img width=\"450\" height=\"270\" src=\"https:\/\/www.europesays.com\/fr\/wp-content\/uploads\/2025\/05\/c2-450x270.png\" class=\"attachment-card-horizontal--same-subject size-card-horizontal--same-subject wp-post-image\" alt=\"\" decoding=\"async\" loading=\"lazy\"\/>                <\/a><\/p>\n<p>                <img width=\"375\" height=\"500\" src=\"https:\/\/www.europesays.com\/fr\/wp-content\/uploads\/2025\/11\/sofitel-patinoire-gouter-2025img-8644-2-375x500.jpeg\" class=\"attachment-gallery size-gallery\" alt=\"sofitel patinoire gouter 2025IMG_8644 2\" data-full-url=\"https:\/\/pokaa.fr\/wp-content\/uploads\/2025\/11\/25\/sofitel-patinoire-gouter-2025img-8644-2.jpeg\" decoding=\"async\" loading=\"lazy\"  \/>            <\/p>\n<p>                <img width=\"375\" height=\"500\" src=\"https:\/\/www.europesays.com\/fr\/wp-content\/uploads\/2025\/11\/sofitel-patinoire-gouter-2025img-8553-375x500.jpeg\" class=\"attachment-gallery size-gallery\" alt=\"sofitel patinoire gouter 2025IMG_8553\" data-full-url=\"https:\/\/pokaa.fr\/wp-content\/uploads\/2025\/11\/25\/sofitel-patinoire-gouter-2025img-8553.jpeg\" decoding=\"async\" loading=\"lazy\"  \/>            <\/p>\n<p>                <img width=\"375\" height=\"500\" src=\"https:\/\/www.europesays.com\/fr\/wp-content\/uploads\/2025\/11\/sofitel-patinoire-gouter-2025img-8637-3-375x500.jpeg\" class=\"attachment-gallery size-gallery\" alt=\"sofitel patinoire gouter 2025IMG_8637 3\" data-full-url=\"https:\/\/pokaa.fr\/wp-content\/uploads\/2025\/11\/25\/sofitel-patinoire-gouter-2025img-8637-3.jpeg\" decoding=\"async\" loading=\"lazy\"  \/>            <\/p>\n<p>                <img width=\"352\" height=\"500\" src=\"https:\/\/www.europesays.com\/fr\/wp-content\/uploads\/2025\/11\/sofitel-patinoire-gouter-2025img-8543-352x500.jpeg\" class=\"attachment-gallery size-gallery\" alt=\"sofitel patinoire gouter 2025IMG_8543\" data-full-url=\"https:\/\/pokaa.fr\/wp-content\/uploads\/2025\/11\/25\/sofitel-patinoire-gouter-2025img-8543.jpeg\" decoding=\"async\" loading=\"lazy\"  \/>            <\/p>\n<p>                <img width=\"375\" height=\"500\" src=\"https:\/\/www.europesays.com\/fr\/wp-content\/uploads\/2025\/11\/sofitel-patinoire-gouter-2025img-8597-375x500.jpeg\" class=\"attachment-gallery size-gallery\" alt=\"sofitel patinoire gouter 2025IMG_8597\" data-full-url=\"https:\/\/pokaa.fr\/wp-content\/uploads\/2025\/11\/25\/sofitel-patinoire-gouter-2025img-8597.jpeg\" decoding=\"async\" loading=\"lazy\"  \/>            <\/p>\n<p>                <img width=\"375\" height=\"500\" src=\"https:\/\/www.europesays.com\/fr\/wp-content\/uploads\/2025\/11\/sofitel-patinoire-gouter-2025img-8571-3-375x500.jpeg\" class=\"attachment-gallery size-gallery\" alt=\"sofitel patinoire gouter 2025IMG_8571 3\" data-full-url=\"https:\/\/pokaa.fr\/wp-content\/uploads\/2025\/11\/25\/sofitel-patinoire-gouter-2025img-8571-3.jpeg\" decoding=\"async\" loading=\"lazy\"  \/>            <\/p>\n<p>                    \u00a9 Bastien Pietronave \/ Pokaa<\/p>\n<p>Pour les amoureux\/ses de fromton, <strong>des soir\u00e9es raclette \u00e0 volont\u00e9<\/strong> (avec La Cloche \u00e0 Fromage) sont \u00e9galement propos\u00e9es<strong> du jeudi au lundi soir jusqu\u2019au mois de janvier<\/strong>, dans un d\u00e9cor \u00e9videmment pens\u00e9 pour en mettre plein les mirettes.<\/p>\n<p><strong>Une patinoire, un go\u00fbter, un bar cosy \u00e0 l\u2019abri des regards, un bon resto, du vin chaud ou des d\u00eeners autour de la raclette, voici quelques arguments suppl\u00e9mentaires pour venir se plonger dans l\u2019ambiance de No\u00ebl et (re)d\u00e9couvrir le Sofitel au c\u0153ur de Strasbourg.<\/strong><\/p>\n<p>            Sofitel <\/p>\n<p>            Quoi ?<br \/>\n            H\u00f4tel \/ bar \/ restaurant \/ patinoire        <\/p>\n<p>                Quand ?<br \/>\n                26 Nov. 2025            <\/p>\n<p>            o\u00f9 ?<br \/>\n            4 place Saint-Pierre-le-Jeune, \u00e0 Strasbourg        <\/p>\n<p>                Plus d&rsquo;infos ?<\/p>\n<p><strong><a href=\"https:\/\/www.google.com\/url?sa=t&amp;source=web&amp;rct=j&amp;opi=89978449&amp;url=https:\/\/www.sofitel-strasbourg.com\/&amp;ved=2ahUKEwio4eWq1aeMAxV6KvsDHXlpG7gQFnoECE0QAQ&amp;usg=AOvVaw1s9ailXR5l2WcrwPAqiD_H\" target=\"_blank\" rel=\"noopener\">Le site web du Sofitel<\/a><\/strong><\/p>\n<p><strong><a href=\"https:\/\/www.google.com\/url?sa=t&amp;source=web&amp;rct=j&amp;opi=89978449&amp;url=https:\/\/www.instagram.com\/sofitelstrasbourg\/&amp;ved=2ahUKEwjWrJTLjo2RAxVGAPsDHaGVFi8QFnoECBsQAQ&amp;usg=AOvVaw13m-4xp1hwklrACbeZVBZg\" target=\"_blank\" rel=\"noopener\">La page Instagram<\/a><\/strong><\/p>\n<p><strong>T\u00e9l : 03 88 15 49 00<\/strong><\/p>\n<p>                <img width=\"375\" height=\"500\" src=\"https:\/\/www.europesays.com\/fr\/wp-content\/uploads\/2025\/11\/sofitel-patinoire-gouter-2025img-8705-375x500.jpeg\" class=\"attachment-gallery size-gallery\" alt=\"sofitel patinoire gouter 2025IMG_8705\" data-full-url=\"https:\/\/pokaa.fr\/wp-content\/uploads\/2025\/11\/25\/sofitel-patinoire-gouter-2025img-8705.jpeg\" decoding=\"async\" loading=\"lazy\"  \/>            <\/p>\n<p>                <img width=\"667\" height=\"500\" src=\"https:\/\/www.europesays.com\/fr\/wp-content\/uploads\/2025\/11\/sofitel-patinoire-gouter-2025img-8739-667x500.jpeg\" class=\"attachment-gallery size-gallery\" alt=\"sofitel patinoire gouter 2025IMG_8739\" data-full-url=\"https:\/\/pokaa.fr\/wp-content\/uploads\/2025\/11\/25\/sofitel-patinoire-gouter-2025img-8739.jpeg\" decoding=\"async\" loading=\"lazy\"  \/>            <\/p>\n<p>                <img width=\"375\" height=\"500\" src=\"https:\/\/www.europesays.com\/fr\/wp-content\/uploads\/2025\/11\/sofitel-patinoire-gouter-2025img-8703-375x500.jpeg\" class=\"attachment-gallery size-gallery\" alt=\"sofitel patinoire gouter 2025IMG_8703\" data-full-url=\"https:\/\/pokaa.fr\/wp-content\/uploads\/2025\/11\/25\/sofitel-patinoire-gouter-2025img-8703.jpeg\" decoding=\"async\" loading=\"lazy\"  \/>            <\/p>\n<p>                <img width=\"667\" height=\"500\" src=\"https:\/\/www.europesays.com\/fr\/wp-content\/uploads\/2025\/11\/sofitel-patinoire-gouter-2025img-8648-667x500.jpeg\" class=\"attachment-gallery size-gallery\" alt=\"sofitel patinoire gouter 2025IMG_8648\" data-full-url=\"https:\/\/pokaa.fr\/wp-content\/uploads\/2025\/11\/25\/sofitel-patinoire-gouter-2025img-8648.jpeg\" decoding=\"async\" loading=\"lazy\"  \/>            <\/p>\n<p>                <img width=\"667\" height=\"500\" src=\"https:\/\/www.europesays.com\/fr\/wp-content\/uploads\/2025\/11\/sofitel-patinoire-gouter-2025img-8549-667x500.jpeg\" class=\"attachment-gallery size-gallery\" alt=\"sofitel patinoire gouter 2025IMG_8549\" data-full-url=\"https:\/\/pokaa.fr\/wp-content\/uploads\/2025\/11\/25\/sofitel-patinoire-gouter-2025img-8549.jpeg\" decoding=\"async\" loading=\"lazy\"  \/>            <\/p>\n<p>                <img width=\"375\" height=\"500\" src=\"https:\/\/www.europesays.com\/fr\/wp-content\/uploads\/2025\/11\/sofitel-patinoire-gouter-2025img-8629-2-375x500.jpeg\" class=\"attachment-gallery size-gallery\" alt=\"sofitel patinoire gouter 2025IMG_8629 2\" data-full-url=\"https:\/\/pokaa.fr\/wp-content\/uploads\/2025\/11\/25\/sofitel-patinoire-gouter-2025img-8629-2.jpeg\" decoding=\"async\" loading=\"lazy\"  \/>            <\/p>\n<p>                    \u00a9 Bastien Pietronave \/ Pokaa<\/p>\n<p><script async src=\"\/\/www.instagram.com\/embed.js\"><\/script><\/p>\n","protected":false},"excerpt":{"rendered":"Accueil \/ No\u00ebl \/ Strasbourg secret : au centre-ville, une patinoire de 80 m2 a ouvert au Sofitel&hellip;\n","protected":false},"author":2,"featured_media":560828,"comment_status":"","ping_status":"","sticky":false,"template":"","format":"standard","meta":{"footnotes":""},"categories":[2820],"tags":[1111,11,1777,674,1011,27,775,12,45643,3907,25,640,67753],"class_list":{"0":"post-560827","1":"post","2":"type-post","3":"status-publish","4":"format-standard","5":"has-post-thumbnail","7":"category-strasbourg","8":"tag-actu","9":"tag-actualites","10":"tag-eu","11":"tag-europe","12":"tag-fr","13":"tag-france","14":"tag-grand-est","15":"tag-news","16":"tag-patinoire","17":"tag-que-faire","18":"tag-republique-francaise","19":"tag-strasbourg","20":"tag-vin-chaud"},"share_on_mastodon":{"url":"https:\/\/pubeurope.com\/@fr\/115618131696692868","error":""},"_links":{"self":[{"href":"https:\/\/www.europesays.com\/fr\/wp-json\/wp\/v2\/posts\/560827","targetHints":{"allow":["GET"]}}],"collection":[{"href":"https:\/\/www.europesays.com\/fr\/wp-json\/wp\/v2\/posts"}],"about":[{"href":"https:\/\/www.europesays.com\/fr\/wp-json\/wp\/v2\/types\/post"}],"author":[{"embeddable":true,"href":"https:\/\/www.europesays.com\/fr\/wp-json\/wp\/v2\/users\/2"}],"replies":[{"embeddable":true,"href":"https:\/\/www.europesays.com\/fr\/wp-json\/wp\/v2\/comments?post=560827"}],"version-history":[{"count":0,"href":"https:\/\/www.europesays.com\/fr\/wp-json\/wp\/v2\/posts\/560827\/revisions"}],"wp:featuredmedia":[{"embeddable":true,"href":"https:\/\/www.europesays.com\/fr\/wp-json\/wp\/v2\/media\/560828"}],"wp:attachment":[{"href":"https:\/\/www.europesays.com\/fr\/wp-json\/wp\/v2\/media?parent=560827"}],"wp:term":[{"taxonomy":"category","embeddable":true,"href":"https:\/\/www.europesays.com\/fr\/wp-json\/wp\/v2\/categories?post=560827"},{"taxonomy":"post_tag","embeddable":true,"href":"https:\/\/www.europesays.com\/fr\/wp-json\/wp\/v2\/tags?post=560827"}],"curies":[{"name":"wp","href":"https:\/\/api.w.org\/{rel}","templated":true}]}}