{"id":560829,"date":"2025-11-26T21:30:13","date_gmt":"2025-11-26T21:30:13","guid":{"rendered":"https:\/\/www.europesays.com\/fr\/560829\/"},"modified":"2025-11-26T21:30:13","modified_gmt":"2025-11-26T21:30:13","slug":"cet-ancien-opposant-declare-sa-candidature-pour-les-elections-municipales-de-mars-2026-a-villefranche-sur-mer","status":"publish","type":"post","link":"https:\/\/www.europesays.com\/fr\/560829\/","title":{"rendered":"Cet ancien opposant d\u00e9clare sa candidature pour les \u00e9lections municipales de mars 2026 \u00e0 Villefranche-sur-Mer"},"content":{"rendered":"<p class=\"fs-5 \">Apr\u00e8s Christophe Trojani, maire sortant, Benjamin Bunger et Robert Capelier, Jean-Pierre Mangiapan, ancien conseiller municipal d\u2019opposition, annonce sa candidature pour les prochaines \u00e9lections de mars 2026.<\/p>\n<p class=\"fs-5 \">Il y a un mois, lors du lancement de son livre, ce dernier avait indiqu\u00e9 qu\u2019il se prononcerait \u00ab en fin d\u2019ann\u00e9e \u00bb.<\/p>\n<p class=\"fs-5 \">Alors, pourquoi cette pr\u00e9cipitation ? \u00ab J\u2019attendais une r\u00e9ponse \u00e0 une question et elle est arriv\u00e9e plus t\u00f4t que pr\u00e9vue. En 2014, apr\u00e8s son \u00e9lection, Christophe Trojani avait mis en cause la gestion de la soci\u00e9t\u00e9 publique de Villefranche avec une demande d\u2019audit aupr\u00e8s de la chambre r\u00e9gionale de la Cour des comptes et deux plaintes au p\u00e9nal. Les deux premi\u00e8res avaient \u00e9t\u00e9 d\u00e9j\u00e0 sold\u00e9es par la justice, apr\u00e8s huit ans d\u2019instruction, la troisi\u00e8me vient de d\u00e9boucher sur un non-lieu. Je retrouve donc mon honneur. \u00bb<\/p>\n<p>                                                                                Investi par Les R\u00e9publicains<\/p>\n<p class=\"fs-5 \">\u00ab Je veux incarner un camp politique : celui de la droite et du centre, poursuit-il. Pour cette \u00e9lection, il y a un affrontement quotidien au niveau de la M\u00e9tropole et cela rejaillit sur les communes. \u00bb<\/p>\n<p class=\"fs-5 \">Jean-Pierre Mangiapan assure avoir \u00ab le soutien du pr\u00e9sident national de mon parti, Les R\u00e9publicains et cela sera officialis\u00e9 lors d\u2019un prochain bureau d\u00e9partemental \u00bb.<\/p>\n<p class=\"fs-5 \">Il annonce avoir \u00e9galement \u00ab demand\u00e9 l\u2019investiture aupr\u00e8s d\u2019Horizon d\u2019Edouard Philippe et je l\u2019aurai \u00bb.<\/p>\n<p class=\"fs-5 \">Avec une liste compos\u00e9e aux 2\/3, la priorit\u00e9 sera donn\u00e9e \u00e0 trois axes principaux : l\u2019environnement et la qualit\u00e9 de vie, le renouveau \u00e9conomique et les mobilit\u00e9s \u2013 \u00ab il faut repenser la liaison nord-sud \u00bb.<\/p>\n<p class=\"fs-5 \">En 2020, Jean-Pierre Mangiapan avait d\u00e9j\u00e0 affront\u00e9 en t\u00eate-\u00e0-t\u00eate Christophe Trojani.<\/p>\n<p class=\"fs-5 \">Aujourd\u2019hui, la situation est diff\u00e9rente avec d\u00e9j\u00e0 deux autres candidats annonc\u00e9s, voire peut-\u00eatre une cinqui\u00e8me, f\u00e9minine celle-l\u00e0.<\/p>\n<p class=\"fs-5 \">\u00ab Je vais aller voir les deux autres candidats d\u00e9j\u00e0 d\u00e9clar\u00e9s pour tenter d\u2019unir nos forces d\u00e8s le premier tour, confie-t-il. J\u2019ai la disponibilit\u00e9, la comp\u00e9tence et le r\u00e9seau et chacun d\u2019entre eux peut aussi beaucoup apporter au projet. \u00bb<\/p>\n","protected":false},"excerpt":{"rendered":"Apr\u00e8s Christophe Trojani, maire sortant, Benjamin Bunger et Robert Capelier, Jean-Pierre Mangiapan, ancien conseiller municipal d\u2019opposition, annonce sa&hellip;\n","protected":false},"author":2,"featured_media":560830,"comment_status":"","ping_status":"","sticky":false,"template":"","format":"standard","meta":{"footnotes":""},"categories":[2819],"tags":[1111,11,1777,674,1011,27,12,2401,882,25],"class_list":{"0":"post-560829","1":"post","2":"type-post","3":"status-publish","4":"format-standard","5":"has-post-thumbnail","7":"category-nice","8":"tag-actu","9":"tag-actualites","10":"tag-eu","11":"tag-europe","12":"tag-fr","13":"tag-france","14":"tag-news","15":"tag-nice","16":"tag-provence-alpes-cote-dazur","17":"tag-republique-francaise"},"share_on_mastodon":{"url":"https:\/\/pubeurope.com\/@fr\/115618134650207021","error":""},"_links":{"self":[{"href":"https:\/\/www.europesays.com\/fr\/wp-json\/wp\/v2\/posts\/560829","targetHints":{"allow":["GET"]}}],"collection":[{"href":"https:\/\/www.europesays.com\/fr\/wp-json\/wp\/v2\/posts"}],"about":[{"href":"https:\/\/www.europesays.com\/fr\/wp-json\/wp\/v2\/types\/post"}],"author":[{"embeddable":true,"href":"https:\/\/www.europesays.com\/fr\/wp-json\/wp\/v2\/users\/2"}],"replies":[{"embeddable":true,"href":"https:\/\/www.europesays.com\/fr\/wp-json\/wp\/v2\/comments?post=560829"}],"version-history":[{"count":0,"href":"https:\/\/www.europesays.com\/fr\/wp-json\/wp\/v2\/posts\/560829\/revisions"}],"wp:featuredmedia":[{"embeddable":true,"href":"https:\/\/www.europesays.com\/fr\/wp-json\/wp\/v2\/media\/560830"}],"wp:attachment":[{"href":"https:\/\/www.europesays.com\/fr\/wp-json\/wp\/v2\/media?parent=560829"}],"wp:term":[{"taxonomy":"category","embeddable":true,"href":"https:\/\/www.europesays.com\/fr\/wp-json\/wp\/v2\/categories?post=560829"},{"taxonomy":"post_tag","embeddable":true,"href":"https:\/\/www.europesays.com\/fr\/wp-json\/wp\/v2\/tags?post=560829"}],"curies":[{"name":"wp","href":"https:\/\/api.w.org\/{rel}","templated":true}]}}