{"id":560831,"date":"2025-11-26T21:31:12","date_gmt":"2025-11-26T21:31:12","guid":{"rendered":"https:\/\/www.europesays.com\/fr\/560831\/"},"modified":"2025-11-26T21:31:12","modified_gmt":"2025-11-26T21:31:12","slug":"nice-club-en-crise-une-crise-de-resultat-cest-la-realite-assume-haise","status":"publish","type":"post","link":"https:\/\/www.europesays.com\/fr\/560831\/","title":{"rendered":"Nice, club en crise ? \u201cUne Crise de r\u00e9sultat c\u2019est la r\u00e9alit\u00e9\u201d, assume Haise"},"content":{"rendered":"<p>Porto-Nice : Nice, club en crise ? \u201cUne Crise de r\u00e9sultat c\u2019est la r\u00e9alit\u00e9\u201d, assume Haise Sur le m\u00eame sujet<a href=\"https:\/\/rmcsport.bfmtv.com\/football\/europa-league\/video-porto-nice-nice-club-en-crise-une-crise-de-resultat-c-est-la-realite-assume-haise_VN-202511260989.html\" title=\"Porto-Nice :  Nice, club en crise ? \u201cUne Crise de r\u00e9sultat c\u2019est la r\u00e9alit\u00e9\u201d, assume Haise\" target=\"_blank\" rel=\"noopener\"><img class=\"lozad\"  width=\"16\" height=\"9\" alt=\"Porto-Nice :  Nice, club en crise ? \u201cUne Crise de r\u00e9sultat c\u2019est la r\u00e9alit\u00e9\u201d, assume Haise\"\/>en lecturePorto-Nice : Nice, club en crise ? \u201cUne Crise de r\u00e9sultat c\u2019est la r\u00e9alit\u00e9\u201d, assume Haise<\/a><a href=\"https:\/\/rmcsport.bfmtv.com\/football\/ligue-1\/video-losc-la-pression-on-l-a-tout-le-temps-genesio-calme-le-jeu-avant-de-recevoir-le-dinamo-zagreb_VN-202511260760.html\" title=\"LOSC : &quot;La pression on l&#039;a tout le temps&quot;, Genesio calme le jeu avant de recevoir le Dinamo Zagreb\" target=\"_blank\" rel=\"noopener\"><img class=\"lozad\"  width=\"16\" height=\"9\" alt=\"LOSC : &quot;La pression on l'a tout le temps&quot;, Genesio calme le jeu avant de recevoir le Dinamo Zagreb\"\/>1:57LOSC : \u00ab\u00a0La pression on l&rsquo;a tout le temps\u00a0\u00bb, Genesio calme le jeu avant de recevoir le Dinamo Zagreb<\/a><a href=\"https:\/\/rmcsport.bfmtv.com\/football\/ligue-des-champions\/video-om-recital-de-drogba-finale-europeenne-newcastle-ou-le-souvenir-d-une-soiree-magique-en-2004_VN-202511250225.html\" title=\"OM : r\u00e9cital de Drogba, finale europ\u00e9enne... Newcastle ou le souvenir d&#039;une soir\u00e9e magique en 2004\" target=\"_blank\" rel=\"noopener\"><img class=\"lozad\"  width=\"16\" height=\"9\" alt=\"OM : r\u00e9cital de Drogba, finale europ\u00e9enne... Newcastle ou le souvenir d'une soir\u00e9e magique en 2004\"\/>1:40OM : r\u00e9cital de Drogba, finale europ\u00e9enne&#8230; Newcastle ou le souvenir d&rsquo;une soir\u00e9e magique en 2004<\/a><a href=\"https:\/\/rmcsport.bfmtv.com\/football\/europa-league\/video-betis-2-0-ol-un-manque-d-initiatives-individuelles-regrette-fonseca_VN-202511061114.html\" title=\"Betis 2-0 OL : Un &quot;manque d&#039;initiatives individuelles&quot;, regrette Fonseca malgr\u00e9 une bonne prestation\" target=\"_blank\" rel=\"noopener\"><img class=\"lozad\"  width=\"16\" height=\"9\" alt=\"Betis 2-0 OL : Un &quot;manque d'initiatives individuelles&quot;, regrette Fonseca malgr\u00e9 une bonne prestation\"\/>2:27Betis 2-0 OL : Un \u00ab\u00a0manque d&rsquo;initiatives individuelles\u00a0\u00bb, regrette Fonseca malgr\u00e9 une bonne prestation<\/a><a href=\"https:\/\/rmcsport.bfmtv.com\/football\/europa-league\/video-betis-2-0-ol-il-ne-faut-pas-tout-jeter-relativise-merah-sur-la-prestation-lyonnaise_VN-202511061101.html\" title=\"Betis 2-0 OL : &quot;Il ne faut pas tout jeter&quot;, relativise Merah sur la prestation lyonnaise\" target=\"_blank\" rel=\"noopener\"><img class=\"lozad\"  width=\"16\" height=\"9\" alt=\"Betis 2-0 OL : &quot;Il ne faut pas tout jeter&quot;, relativise Merah sur la prestation lyonnaise\"\/>1:57Betis 2-0 OL : \u00ab\u00a0Il ne faut pas tout jeter\u00a0\u00bb, relativise Merah sur la prestation lyonnaise<\/a><a href=\"https:\/\/rmcsport.bfmtv.com\/replay-emissions\/after-foot\/video-nice-1-3-fribourg-le-debrief-complet-de-l-after-foot-apres-la-nouvelle-chute-des-nicois-en-c3_VN-202511061096.html\" title=\"Nice 1-3 Fribourg : Le d\u00e9brief complet de l&#039;After Foot apr\u00e8s la nouvelle chute des Ni\u00e7ois en C3\" target=\"_blank\" rel=\"noopener\"><img class=\"lozad\"  width=\"16\" height=\"9\" alt=\"Nice 1-3 Fribourg : Le d\u00e9brief complet de l'After Foot apr\u00e8s la nouvelle chute des Ni\u00e7ois en C3\"\/>8:52Nice 1-3 Fribourg : Le d\u00e9brief complet de l&rsquo;After Foot apr\u00e8s la nouvelle chute des Ni\u00e7ois en C3<\/a><a href=\"https:\/\/rmcsport.bfmtv.com\/replay-emissions\/after-foot\/video-belgrade-1-0-losc-le-debrief-d-une-defaite-plus-que-logique-pour-des-lillois-trop-empruntes_VN-202511061084.html\" title=\"Belgrade 1-0 LOSC : le d\u00e9brief d&#039;une d\u00e9faite plus que logique pour des Lillois trop emprunt\u00e9s\" target=\"_blank\" rel=\"noopener\"><img class=\"lozad\"  width=\"16\" height=\"9\" alt=\"Belgrade 1-0 LOSC : le d\u00e9brief d'une d\u00e9faite plus que logique pour des Lillois trop emprunt\u00e9s\"\/>8:26Belgrade 1-0 LOSC : le d\u00e9brief d&rsquo;une d\u00e9faite plus que logique pour des Lillois trop emprunt\u00e9s<\/a><a href=\"https:\/\/rmcsport.bfmtv.com\/football\/europa-league\/video-betis-2-0-ol-seville-beaucoup-plus-mechants-que-nous-analyse-niakhate-apres-la-defaite_VN-202511061069.html\" title=\"Betis 2-0 OL : S\u00e9ville &quot;beaucoup plus m\u00e9chants que nous&quot;, analyse Niakhat\u00e9 apr\u00e8s la d\u00e9faite\" target=\"_blank\" rel=\"noopener\"><img class=\"lozad\"  width=\"16\" height=\"9\" alt=\"Betis 2-0 OL : S\u00e9ville &quot;beaucoup plus m\u00e9chants que nous&quot;, analyse Niakhat\u00e9 apr\u00e8s la d\u00e9faite\"\/>1:28Betis 2-0 OL : S\u00e9ville \u00ab\u00a0beaucoup plus m\u00e9chants que nous\u00a0\u00bb, analyse Niakhat\u00e9 apr\u00e8s la d\u00e9faite<\/a><a href=\"https:\/\/rmcsport.bfmtv.com\/football\/europa-league\/video-betis-2-0-ol-les-lyonnais-ont-paye-leur-gros-turn-over-l-after-relativise-la-defaite_VN-202511061067.html\" title=\"B\u00e9tis 2-0 OL : les Lyonnais ont pay\u00e9 leur gros turn-over\u2026 l&#039;After relativise la d\u00e9faite \" target=\"_blank\" rel=\"noopener\"><img class=\"lozad\"  width=\"16\" height=\"9\" alt=\"B\u00e9tis 2-0 OL : les Lyonnais ont pay\u00e9 leur gros turn-over\u2026 l'After relativise la d\u00e9faite \"\/>24:04B\u00e9tis 2-0 OL : les Lyonnais ont pay\u00e9 leur gros turn-over\u2026 l&rsquo;After relativise la d\u00e9faite<\/a><a href=\"https:\/\/rmcsport.bfmtv.com\/football\/europa-league\/video-betis-2-0-ol-les-comms-rmc-d-une-soiree-difficile-pour-les-lyonnais-en-espagne_VN-202511061059.html\" title=\"Betis 2-0 OL : Les Comms RMC d&#039;une soir\u00e9e difficile pour les Lyonnais en Espagne\" target=\"_blank\" rel=\"noopener\"><img class=\"lozad\"  width=\"16\" height=\"9\" alt=\"Betis 2-0 OL : Les Comms RMC d'une soir\u00e9e difficile pour les Lyonnais en Espagne\"\/>1:46Betis 2-0 OL : Les Comms RMC d&rsquo;une soir\u00e9e difficile pour les Lyonnais en Espagne<\/a><a href=\"https:\/\/rmcsport.bfmtv.com\/football\/europa-league\/video-nice-1-3-fribourg-laissez-votre-ego-haise-dezingue-ses-joueurs-apres-la-nouvelle-claque_VN-202511061042.html\" title=\"Nice 1-3 Fribourg : &quot;Laissez votre ego&quot;, Haise d\u00e9zingue ses joueurs apr\u00e8s la nouvelle claque\" target=\"_blank\" rel=\"noopener\"><img class=\"lozad\"  width=\"16\" height=\"9\" alt=\"Nice 1-3 Fribourg : &quot;Laissez votre ego&quot;, Haise d\u00e9zingue ses joueurs apr\u00e8s la nouvelle claque\"\/>5:18Nice 1-3 Fribourg : \u00ab\u00a0Laissez votre ego\u00a0\u00bb, Haise d\u00e9zingue ses joueurs apr\u00e8s la nouvelle claque<\/a><a href=\"https:\/\/rmcsport.bfmtv.com\/football\/europa-league\/video-nice-1-3-fribourg-honte-affligeant-minable-les-mots-forts-des-joueurs-nicois_VN-202511061119.html\" title=\"Nice 1-3 Fribourg : &quot;Honte&quot;, &quot;affligeant&quot;, &quot;minable&quot;, les mots forts des joueurs ni\u00e7ois\" target=\"_blank\" rel=\"noopener\"><img class=\"lozad\"  width=\"16\" height=\"9\" alt=\"Nice 1-3 Fribourg : &quot;Honte&quot;, &quot;affligeant&quot;, &quot;minable&quot;, les mots forts des joueurs ni\u00e7ois\"\/>0:54Nice 1-3 Fribourg : \u00ab\u00a0Honte\u00a0\u00bb, \u00ab\u00a0affligeant\u00a0\u00bb, \u00ab\u00a0minable\u00a0\u00bb, les mots forts des joueurs ni\u00e7ois<\/a><a href=\"https:\/\/rmcsport.bfmtv.com\/replay-emissions\/rothen-regale\/video-om-0-1-atalanta-les-joueurs-ne-sont-pas-au-niveau-de-la-ligue-des-champions-se-chauffe-rothen_VN-202511060831.html\" title=\"OM 0-1 Atalanta : \u201cLes joueurs ne sont pas au niveau de la Ligue des Champions !\u201d, se chauffe Rothen\" target=\"_blank\" rel=\"noopener\"><img class=\"lozad\"  width=\"16\" height=\"9\" alt=\"OM 0-1 Atalanta : \u201cLes joueurs ne sont pas au niveau de la Ligue des Champions !\u201d, se chauffe Rothen\"\/>14:16OM 0-1 Atalanta : \u201cLes joueurs ne sont pas au niveau de la Ligue des Champions !\u201d, se chauffe Rothen<\/a><a href=\"https:\/\/rmcsport.bfmtv.com\/replay-emissions\/after-foot\/video-om-0-1-atalanta-si-un-supporter-me-parle-de-l-arbitrage-c-est-qu-il-ne-comprend-rien-se-chauffe-riolo_VN-202511050994.html\" title=\"OM 0-1 Atalanta : \u201cSi un supporter me parle de l\u2019arbitrage, c\u2019est qu\u2019il ne comprend rien\u201d, se chauffe Riolo\" target=\"_blank\" rel=\"noopener\"><img class=\"lozad\"  width=\"16\" height=\"9\" alt=\"OM 0-1 Atalanta : \u201cSi un supporter me parle de l\u2019arbitrage, c\u2019est qu\u2019il ne comprend rien\u201d, se chauffe Riolo\"\/>8:04OM 0-1 Atalanta : \u201cSi un supporter me parle de l\u2019arbitrage, c\u2019est qu\u2019il ne comprend rien\u201d, se chauffe Riolo<\/a><a class=\"jumpToVideo\" target=\"_blank\"><img class=\"thumbnailPreview\"\/><\/a><\/p>\n","protected":false},"excerpt":{"rendered":"Porto-Nice : Nice, club en crise ? \u201cUne Crise de r\u00e9sultat c\u2019est la r\u00e9alit\u00e9\u201d, assume Haise Sur le&hellip;\n","protected":false},"author":2,"featured_media":560832,"comment_status":"","ping_status":"","sticky":false,"template":"","format":"standard","meta":{"footnotes":""},"categories":[2819],"tags":[1111,11,1777,674,1011,27,12,2401,882,25],"class_list":{"0":"post-560831","1":"post","2":"type-post","3":"status-publish","4":"format-standard","5":"has-post-thumbnail","7":"category-nice","8":"tag-actu","9":"tag-actualites","10":"tag-eu","11":"tag-europe","12":"tag-fr","13":"tag-france","14":"tag-news","15":"tag-nice","16":"tag-provence-alpes-cote-dazur","17":"tag-republique-francaise"},"share_on_mastodon":{"url":"https:\/\/pubeurope.com\/@fr\/115618138294760456","error":""},"_links":{"self":[{"href":"https:\/\/www.europesays.com\/fr\/wp-json\/wp\/v2\/posts\/560831","targetHints":{"allow":["GET"]}}],"collection":[{"href":"https:\/\/www.europesays.com\/fr\/wp-json\/wp\/v2\/posts"}],"about":[{"href":"https:\/\/www.europesays.com\/fr\/wp-json\/wp\/v2\/types\/post"}],"author":[{"embeddable":true,"href":"https:\/\/www.europesays.com\/fr\/wp-json\/wp\/v2\/users\/2"}],"replies":[{"embeddable":true,"href":"https:\/\/www.europesays.com\/fr\/wp-json\/wp\/v2\/comments?post=560831"}],"version-history":[{"count":0,"href":"https:\/\/www.europesays.com\/fr\/wp-json\/wp\/v2\/posts\/560831\/revisions"}],"wp:featuredmedia":[{"embeddable":true,"href":"https:\/\/www.europesays.com\/fr\/wp-json\/wp\/v2\/media\/560832"}],"wp:attachment":[{"href":"https:\/\/www.europesays.com\/fr\/wp-json\/wp\/v2\/media?parent=560831"}],"wp:term":[{"taxonomy":"category","embeddable":true,"href":"https:\/\/www.europesays.com\/fr\/wp-json\/wp\/v2\/categories?post=560831"},{"taxonomy":"post_tag","embeddable":true,"href":"https:\/\/www.europesays.com\/fr\/wp-json\/wp\/v2\/tags?post=560831"}],"curies":[{"name":"wp","href":"https:\/\/api.w.org\/{rel}","templated":true}]}}