{"id":560833,"date":"2025-11-26T21:32:14","date_gmt":"2025-11-26T21:32:14","guid":{"rendered":"https:\/\/www.europesays.com\/fr\/560833\/"},"modified":"2025-11-26T21:32:14","modified_gmt":"2025-11-26T21:32:14","slug":"les-seniors-ont-leur-salon-de-lemploi-demain-a-nantes","status":"publish","type":"post","link":"https:\/\/www.europesays.com\/fr\/560833\/","title":{"rendered":"Les Seniors ont leur salon de l&#8217;emploi demain \u00e0 Nantes"},"content":{"rendered":"<p>                            <strong>Synergie organise une premi\u00e8re \u00e9dition du Salon Seniors &amp; Talents \u00e0 Nantes. Sur place, plus de 200 postes seront \u00e0 pourvoir.<\/strong><\/p>\n<p>21 stands, 15 entreprises du secteur de l\u2019a\u00e9ronautique, ing\u00e9nierie, num\u00e9rique, BTP, transport et logistique. Plus de 200 postes \u00e0 la cl\u00e9. Ce sont les chiffres du Salon Seniors &amp; Talents qui se d\u00e9roulera ce jeudi 27 novembre 2025 au stade de la Beaujoire de <strong><a href=\"https:\/\/hellogazettenantes.fr\/linsee-a-la-rencontre-des-habitants-a-nantes\/\" target=\"_blank\" rel=\"noopener\">Nantes<\/a><\/strong>. Une matin\u00e9e d\u00e9di\u00e9e \u00e0 l\u2019emploi des plus de 50 ans \u00ab\u00a0pour changer le regard sur l\u2019\u00e2ge\u00a0\u00bb explique Synergie dans un communiqu\u00e9. Il est recommand\u00e9 de venir avec un CV.<\/p>\n<p style=\"text-align: center;\">Infos compl\u00e9mentaires :<\/p>\n<p style=\"text-align: center;\">Stade la Beaujoire, 333 route de Saint-Joseph \u00e0 Nantes<\/p>\n<p style=\"text-align: center;\">9h- 12h30<\/p>\n<p><img decoding=\"async\" alt=\"Advertisement\" src=\"data:image\/svg+xml,%3Csvg%20xmlns=\" http:=\"\" data-lazy-src=\"https:\/\/www.europesays.com\/fr\/wp-content\/uploads\/2025\/04\/Application-mobile-hello-gazette-nantes.gif\"\/><\/p>\n","protected":false},"excerpt":{"rendered":"Synergie organise une premi\u00e8re \u00e9dition du Salon Seniors &amp; Talents \u00e0 Nantes. Sur place, plus de 200 postes&hellip;\n","protected":false},"author":2,"featured_media":560834,"comment_status":"","ping_status":"","sticky":false,"template":"","format":"standard","meta":{"footnotes":""},"categories":[2818],"tags":[1111,11,1777,674,1011,27,766,12,2636,25],"class_list":{"0":"post-560833","1":"post","2":"type-post","3":"status-publish","4":"format-standard","5":"has-post-thumbnail","7":"category-nantes","8":"tag-actu","9":"tag-actualites","10":"tag-eu","11":"tag-europe","12":"tag-fr","13":"tag-france","14":"tag-nantes","15":"tag-news","16":"tag-pays-de-la-loire","17":"tag-republique-francaise"},"share_on_mastodon":{"url":"https:\/\/pubeurope.com\/@fr\/115618142287072288","error":""},"_links":{"self":[{"href":"https:\/\/www.europesays.com\/fr\/wp-json\/wp\/v2\/posts\/560833","targetHints":{"allow":["GET"]}}],"collection":[{"href":"https:\/\/www.europesays.com\/fr\/wp-json\/wp\/v2\/posts"}],"about":[{"href":"https:\/\/www.europesays.com\/fr\/wp-json\/wp\/v2\/types\/post"}],"author":[{"embeddable":true,"href":"https:\/\/www.europesays.com\/fr\/wp-json\/wp\/v2\/users\/2"}],"replies":[{"embeddable":true,"href":"https:\/\/www.europesays.com\/fr\/wp-json\/wp\/v2\/comments?post=560833"}],"version-history":[{"count":0,"href":"https:\/\/www.europesays.com\/fr\/wp-json\/wp\/v2\/posts\/560833\/revisions"}],"wp:featuredmedia":[{"embeddable":true,"href":"https:\/\/www.europesays.com\/fr\/wp-json\/wp\/v2\/media\/560834"}],"wp:attachment":[{"href":"https:\/\/www.europesays.com\/fr\/wp-json\/wp\/v2\/media?parent=560833"}],"wp:term":[{"taxonomy":"category","embeddable":true,"href":"https:\/\/www.europesays.com\/fr\/wp-json\/wp\/v2\/categories?post=560833"},{"taxonomy":"post_tag","embeddable":true,"href":"https:\/\/www.europesays.com\/fr\/wp-json\/wp\/v2\/tags?post=560833"}],"curies":[{"name":"wp","href":"https:\/\/api.w.org\/{rel}","templated":true}]}}