{"id":560837,"date":"2025-11-26T21:34:16","date_gmt":"2025-11-26T21:34:16","guid":{"rendered":"https:\/\/www.europesays.com\/fr\/560837\/"},"modified":"2025-11-26T21:34:16","modified_gmt":"2025-11-26T21:34:16","slug":"lentreprise-ephemere-a-pessac-dispositif-innovant-de-retour-a-lemploi-soutenu-par-letat-novembre-2025-communiques-de-presse-2025-communiques-de-presse-actuali","status":"publish","type":"post","link":"https:\/\/www.europesays.com\/fr\/560837\/","title":{"rendered":"L\u2019Entreprise Eph\u00e9m\u00e8re \u00e0 Pessac\u00a0: dispositif innovant de retour \u00e0 l\u2019emploi soutenu par l\u2019\u00c9tat &#8211; Novembre 2025 &#8211; Communiqu\u00e9s de presse 2025 &#8211; Communiqu\u00e9s de presse &#8211; Actualit\u00e9s"},"content":{"rendered":"<p>\n            Mis \u00e0 jour le\u00a026\/11\/2025\n        <\/p>\n<p>                                                                                                    <img decoding=\"async\" class=\"fr-responsive-img\" src=\"https:\/\/www.europesays.com\/fr\/wp-content\/uploads\/2025\/11\/L-Entreprise-Ephemere-a-Pessac-dispositif-innovant-de-retour-a-l-emploi-soutenu-par-l-Etat_large.png\" alt=\"\" style=\"aspect-ratio: 1.6010638297872;\"\/><\/p>\n<p>\u00a0\u00a0\u00a0\u00a0\u00a0\u00a0\u00a0\u00a0\u00a0\u00a0\u00a0\u00a0\u00a0\u00a0\u00a0\u00a0\u00a0\u00a0\u00a0\u00a0<\/p>\n<p class=\" text-justify\">Le 4 novembre dernier, l\u2019Entreprise \u00c9ph\u00e9m\u00e8re a ouvert ses portes \u00e0 Pessac. <b>Ce concept innovant, soutenu financi\u00e8rement par le fonds de revitalisation BNP co-pr\u00e9sid\u00e9 par l\u2019\u00c9tat<\/b>, vise \u00e0 acc\u00e9l\u00e9rer le retour \u00e0 l\u2019activit\u00e9 de 50 personnes accompagn\u00e9es par France Travail Pessac en les transformant en acteurs proactifs de leur recherche d\u2019emploi.<\/p>\n<p class=\" text-justify\">L\u2019Entreprise Eph\u00e9m\u00e8re propose aux participants de se f\u00e9d\u00e9rer dans <b>une aventure entrepreneuriale et collective durant 7 semaines<\/b>. Devenus associ\u00e9s, ils assurent, au sein de cette \u00ab\u00a0entreprise\u00a0\u00bb une mission de prospection et de recueil des besoins en recrutement des entreprises du territoire, afin de trouver un emploi. Ils s\u2019organisent par service sur le mod\u00e8le d\u2019une entreprise classique : d\u00e9marche commerciale face \u00e0 face, prospection par t\u00e9l\u00e9phone, entra\u00eenement aux recrutements avec les ressources humaines, communication interne et externe\u2026<\/p>\n<p class=\" text-justify\"><b>Les b\u00e9n\u00e9fices sont multiples<\/b>\u00a0:<\/p>\n<p class=\" text-justify\">&#8211; <b>Pour le participant<\/b> : r\u00e9duire l\u2019isolement dans sa recherche d\u2019emploi, d\u00e9velopper son r\u00e9seau, acqu\u00e9rir ou se r\u00e9approprier des comp\u00e9tences commerciales sur le savoir-vendre et surtout le savoir se vendre, d\u00e9velopper son agilit\u00e9 digitale, etc, et une forte probabilit\u00e9 de solution positive \u00e0 la cl\u00e9 du parcours, qui fait l\u2019objet d\u2019un suivi de 6 mois, \u00e0 l\u2019issue des 7 semaines de l\u2019entreprise \u00e9ph\u00e9m\u00e8re.<\/p>\n<p class=\" text-justify\">&#8211; <b>Pour les entreprises<\/b> : rencontrer sur un seul et m\u00eame lieu un vivier de talents, de personnes exp\u00e9riment\u00e9es et motiv\u00e9es qui pourront b\u00e9n\u00e9ficier d\u2019aides pour r\u00e9ussir leur int\u00e9gration dans l\u2019emploi, gr\u00e2ce au partenariat \u00e9tabli avec le Service Public de l\u2019Emploi.<\/p>\n<p class=\" text-justify\">Tous les matins, l\u2019Entreprise Eph\u00e9m\u00e8re accueille des employeurs du territoire qui ont des besoins de recrutement sur des cr\u00e9neaux d\u2019une heure environ et b\u00e9n\u00e9ficient de l\u2019aide de France Travail dans l\u2019accompagnement aux techniques de recherche d\u2019emploi, de proposition d\u2019offres, etc. C\u2019est l\u2019occasion pour ces structures de se pr\u00e9senter, de proposer leurs offres d\u2019emploi et de rencontrer les candidats int\u00e9ress\u00e9s au cours de premiers \u00e9changes individuels.<\/p>\n<p class=\" text-justify\">Pour recruter ces talents, les recruteurs s\u2019inscrivent pour venir participer \u00e0 une matinale soit \u00e0 9h45, soit \u00e0 11h (deux cr\u00e9neaux par matin\u00e9e) le jour de leur choix jusqu\u2019au 18 d\u00e9cembre en allant sur le site     <a href=\"https:\/\/entreprises-ephemeres.fr\/recruteurs\/\" id=\"b311e7d5f0e03c06b6c34f7f475a15e6\" target=\"_top\" class=\"fr-link\" rel=\"noopener\">https:\/\/entreprises-ephemeres.fr\/recruteurs\/<\/a> ou en adressant un mail \u00e0     <a href=\"https:\/\/www.gironde.gouv.fr\/Actualites\/Communiques-de-presse\/Communiques-de-presse-2025\/Novembre-2025\/mailto:coach@entreprises-ephemeres.fr\" id=\"1f7cfa699e0988524f3389ccf93c42d6\" target=\"_self\" class=\"fr-link\" rel=\"noopener\">coach@entreprises-ephemeres.fr<\/a>.<\/p>\n<p class=\" text-justify\">En moyenne, sur les 60 Entreprises \u00c9ph\u00e9m\u00e8res mises en \u0153uvre depuis 2017, 35% \u00e0 45% des demandeurs d\u2019emploi retrouvent un emploi dans le mois qui suit la fin du programme et 60 % \u00e0 70 % dans les 6 mois qui suivent la fin du programme.<\/p>\n","protected":false},"excerpt":{"rendered":"Mis \u00e0 jour le\u00a026\/11\/2025 \u00a0\u00a0\u00a0\u00a0\u00a0\u00a0\u00a0\u00a0\u00a0\u00a0\u00a0\u00a0\u00a0\u00a0\u00a0\u00a0\u00a0\u00a0\u00a0\u00a0 Le 4 novembre dernier, l\u2019Entreprise \u00c9ph\u00e9m\u00e8re a ouvert ses portes \u00e0 Pessac. Ce&hellip;\n","protected":false},"author":2,"featured_media":560838,"comment_status":"","ping_status":"","sticky":false,"template":"","format":"standard","meta":{"footnotes":""},"categories":[2817],"tags":[1111,11,1997,1777,674,1011,27,12,2219,25],"class_list":{"0":"post-560837","1":"post","2":"type-post","3":"status-publish","4":"format-standard","5":"has-post-thumbnail","7":"category-bordeaux","8":"tag-actu","9":"tag-actualites","10":"tag-bordeaux","11":"tag-eu","12":"tag-europe","13":"tag-fr","14":"tag-france","15":"tag-news","16":"tag-nouvelle-aquitaine","17":"tag-republique-francaise"},"share_on_mastodon":{"url":"https:\/\/pubeurope.com\/@fr\/115618151586803891","error":""},"_links":{"self":[{"href":"https:\/\/www.europesays.com\/fr\/wp-json\/wp\/v2\/posts\/560837","targetHints":{"allow":["GET"]}}],"collection":[{"href":"https:\/\/www.europesays.com\/fr\/wp-json\/wp\/v2\/posts"}],"about":[{"href":"https:\/\/www.europesays.com\/fr\/wp-json\/wp\/v2\/types\/post"}],"author":[{"embeddable":true,"href":"https:\/\/www.europesays.com\/fr\/wp-json\/wp\/v2\/users\/2"}],"replies":[{"embeddable":true,"href":"https:\/\/www.europesays.com\/fr\/wp-json\/wp\/v2\/comments?post=560837"}],"version-history":[{"count":0,"href":"https:\/\/www.europesays.com\/fr\/wp-json\/wp\/v2\/posts\/560837\/revisions"}],"wp:featuredmedia":[{"embeddable":true,"href":"https:\/\/www.europesays.com\/fr\/wp-json\/wp\/v2\/media\/560838"}],"wp:attachment":[{"href":"https:\/\/www.europesays.com\/fr\/wp-json\/wp\/v2\/media?parent=560837"}],"wp:term":[{"taxonomy":"category","embeddable":true,"href":"https:\/\/www.europesays.com\/fr\/wp-json\/wp\/v2\/categories?post=560837"},{"taxonomy":"post_tag","embeddable":true,"href":"https:\/\/www.europesays.com\/fr\/wp-json\/wp\/v2\/tags?post=560837"}],"curies":[{"name":"wp","href":"https:\/\/api.w.org\/{rel}","templated":true}]}}