{"id":560839,"date":"2025-11-26T21:35:13","date_gmt":"2025-11-26T21:35:13","guid":{"rendered":"https:\/\/www.europesays.com\/fr\/560839\/"},"modified":"2025-11-26T21:35:13","modified_gmt":"2025-11-26T21:35:13","slug":"le-gang-des-grands-crus-juge-a-bordeaux","status":"publish","type":"post","link":"https:\/\/www.europesays.com\/fr\/560839\/","title":{"rendered":"Le \u00ab\u00a0gang des grands crus\u00a0\u00bb jug\u00e9 \u00e0 Bordeaux"},"content":{"rendered":"<p>Le proc\u00e8s de douze membres pr\u00e9sum\u00e9s d\u2019un r\u00e9seau surnomm\u00e9 \u00ab\u00a0le gang des grands crus\u00a0\u00bb, dont six Chinois, s\u2019est ouvert mercredi \u00e0 Bordeaux pour des cambriolages d\u2019entrep\u00f4ts de vin dont le pr\u00e9judice avoisine cinq millions d\u2019euros.<\/p>\n<p>Apr\u00e8s deux ans et demi de bataille proc\u00e9durale, la cour d\u2019appel doit juger jusqu\u2019\u00e0 vendredi les pr\u00e9venus, poursuivis pour vols avec effraction et en r\u00e9union, association de malfaiteurs, ou recel.<\/p>\n<p>Le d\u00e9mant\u00e8lement du r\u00e9seau remonte \u00e0 d\u00e9cembre 2020\u00a0: un vaste coup de filet men\u00e9 par des gendarmes et des policiers en Gironde, Dordogne et dans la Loire cible alors \u00ab\u00a0diff\u00e9rentes \u00e9quipes de voleurs sp\u00e9cialis\u00e9s dans les vols de grands crus\u00a0\u00bb.<\/p>\n<p>Un butin de trois millions d\u2019euros pour le vin<\/p>\n<p>Une seconde op\u00e9ration, men\u00e9e en mars 2021 par la gendarmerie dans un centre commercial de vente en gros \u00e0 Aubervilliers (Seine-Saint-Denis), permet ensuite \u00ab\u00a0d\u2019identifier une importante fili\u00e8re de recel de la marchandise d\u00e9rob\u00e9e, compos\u00e9e de commer\u00e7ants et de restaurateurs de la communaut\u00e9 asiatique\u00a0\u00bb, avec des soup\u00e7ons de fili\u00e8re d\u2019export vers la Chine.<\/p>\n<p>Les enqu\u00eateurs ont saisi plusieurs centaines de bouteilles de grands crus du Bordelais &#8211; Ch\u00e2teau d\u2019Yquem, Lafite Rotschild, Ang\u00e9lus, Petrus, Ch\u00e2teau Margaux, Cheval Blanc &#8211; et d\u2019ailleurs, comme des Roman\u00e9e-Conti (Bourgogne).<\/p>\n<p>Le pr\u00e9judice inclut un butin d\u2019au moins trois millions d\u2019euros pour le vin, des vols de v\u00e9hicules ou encore des d\u00e9gradations. Les cambrioleurs ciblaient des entrep\u00f4ts de soci\u00e9t\u00e9s ou de maisons de n\u00e9goce, autour de Bordeaux, et agissaient de nuit en utilisant des fourgons vol\u00e9s, selon les enqu\u00eateurs.<\/p>\n","protected":false},"excerpt":{"rendered":"Le proc\u00e8s de douze membres pr\u00e9sum\u00e9s d\u2019un r\u00e9seau surnomm\u00e9 \u00ab\u00a0le gang des grands crus\u00a0\u00bb, dont six Chinois, s\u2019est&hellip;\n","protected":false},"author":2,"featured_media":560840,"comment_status":"","ping_status":"","sticky":false,"template":"","format":"standard","meta":{"footnotes":""},"categories":[2817],"tags":[1111,11,1997,1777,674,1011,27,303,12,2219,25],"class_list":{"0":"post-560839","1":"post","2":"type-post","3":"status-publish","4":"format-standard","5":"has-post-thumbnail","7":"category-bordeaux","8":"tag-actu","9":"tag-actualites","10":"tag-bordeaux","11":"tag-eu","12":"tag-europe","13":"tag-fr","14":"tag-france","15":"tag-justice","16":"tag-news","17":"tag-nouvelle-aquitaine","18":"tag-republique-francaise"},"share_on_mastodon":{"url":"https:\/\/pubeurope.com\/@fr\/115618154070390011","error":""},"_links":{"self":[{"href":"https:\/\/www.europesays.com\/fr\/wp-json\/wp\/v2\/posts\/560839","targetHints":{"allow":["GET"]}}],"collection":[{"href":"https:\/\/www.europesays.com\/fr\/wp-json\/wp\/v2\/posts"}],"about":[{"href":"https:\/\/www.europesays.com\/fr\/wp-json\/wp\/v2\/types\/post"}],"author":[{"embeddable":true,"href":"https:\/\/www.europesays.com\/fr\/wp-json\/wp\/v2\/users\/2"}],"replies":[{"embeddable":true,"href":"https:\/\/www.europesays.com\/fr\/wp-json\/wp\/v2\/comments?post=560839"}],"version-history":[{"count":0,"href":"https:\/\/www.europesays.com\/fr\/wp-json\/wp\/v2\/posts\/560839\/revisions"}],"wp:featuredmedia":[{"embeddable":true,"href":"https:\/\/www.europesays.com\/fr\/wp-json\/wp\/v2\/media\/560840"}],"wp:attachment":[{"href":"https:\/\/www.europesays.com\/fr\/wp-json\/wp\/v2\/media?parent=560839"}],"wp:term":[{"taxonomy":"category","embeddable":true,"href":"https:\/\/www.europesays.com\/fr\/wp-json\/wp\/v2\/categories?post=560839"},{"taxonomy":"post_tag","embeddable":true,"href":"https:\/\/www.europesays.com\/fr\/wp-json\/wp\/v2\/tags?post=560839"}],"curies":[{"name":"wp","href":"https:\/\/api.w.org\/{rel}","templated":true}]}}