{"id":560844,"date":"2025-11-26T21:38:21","date_gmt":"2025-11-26T21:38:21","guid":{"rendered":"https:\/\/www.europesays.com\/fr\/560844\/"},"modified":"2025-11-26T21:38:21","modified_gmt":"2025-11-26T21:38:21","slug":"ce-site-de-mobilier-et-deco-vintage-organise-une-grande-vente-de-noel-a-lille-pendant-3-jours","status":"publish","type":"post","link":"https:\/\/www.europesays.com\/fr\/560844\/","title":{"rendered":"Ce site de mobilier et d\u00e9co vintage organise une grande vente de No\u00ebl \u00e0 Lille pendant 3 jours"},"content":{"rendered":"<p>                    Par<br \/>\n        <strong><br \/>\n            <a href=\"https:\/\/actu.fr\/auteur\/margot-nicodeme\" title=\"Consulter tous les articles de Margot Nicod\u00e8me\" target=\"_blank\" rel=\"noopener\">Margot Nicod\u00e8me<\/a><br \/>\n                    <\/strong><\/p>\n<p>        Publi\u00e9 le<\/p>\n<p>            26 nov. 2025 \u00e0 14h10        <\/p>\n<p>De l\u2019e-shop \u00e0 la boutique \u00e9ph\u00e9m\u00e8re\u2009: pendant trois jours, <b>une marque de mobilier et d\u00e9coration vintage<\/b> s\u2019installe \u00e0 <a href=\"https:\/\/actu.fr\/hauts-de-france\/lille_59350\" target=\"_blank\" rel=\"noopener\">Lille<\/a> (Nord), pour une grande vente de No\u00ebl. Suivie par pr\u00e8s de 70\u2009000 abonn\u00e9s sur Instagram, l\u2019enseigne <b><a href=\"https:\/\/selectionm.com\/\" target=\"_blank\" rel=\"noopener\">S\u00e9lection M<\/a> <\/b>propose exceptionnellement de faire d\u00e9couvrir ses nombreux articles dans \u00ab\u2009une v\u00e9ritable maison \u00e9ph\u00e9m\u00e8re\u2009\u00bb, du<b> jeudi\u00a027 au samedi 29\u00a0novembre 2025<\/b>.<\/p>\n<p>L\u2019e-shop de mobilier et d\u00e9co vintage S\u00e9lection M s\u2019installe \u00e0 Lille pendant 3\u00a0jours<\/p>\n<p class=\" wall-content\">C\u2019est un temple minutieusement pr\u00e9par\u00e9 qui attend les visiteurs\u2009: entre objets de d\u00e9co, mobilier, pi\u00e8ces vintage et accessoires lifestyle, il y aura de quoi repenser sa maison et surtout<b> pr\u00e9parer les festivit\u00e9s de fin d\u2019ann\u00e9e<\/b>. Le but \u00e9tant de \u00ab\u2009partager un art de vivre, o\u00f9 convivialit\u00e9 et esprit de famille se rencontrent\u2009\u00bb.<\/p>\n<p class=\" wall-content\">S\u00e9lection M organise ces rendez-vous \u00e0 la rencontre du public deux fois par an, \u00e0 Paris et Lille. Transposer les articles vendus sur l\u2019e-shop dans une boutique, c\u2019est \u00ab\u2009inspirer, aider \u00e0 se projeter et pr\u00e9senter les nouveaut\u00e9s dans une mise en ambiance soign\u00e9e\u2009\u00bb, indique la marque.<\/p>\n<p class=\" wall-content\"><a href=\"https:\/\/www.instagram.com\/p\/DRZ_Yp7jFBR\/embed\" title=\"Ouvrir le lien sur Instagram\" target=\"_blank\" rel=\"noopener\">Visualiser le contenu sur Instagram<\/a><\/p>\n<p class=\" wall-content\">Rendez-vous au 15, rue de Bourgogne \u00e0 Lille, du jeudi\u00a027 au samedi 29\u00a0novembre, de 11\u2009h \u00e0 19\u2009h. Entr\u00e9e libre.<\/p>\n<p class=\" wall-content\">Personnalisez votre actualit\u00e9 en ajoutant vos villes et m\u00e9dias en favori avec <a href=\"https:\/\/moncompte.actu.fr\" title=\"D\u00e9couvez Mon Actu\" rel=\"nofollow noopener\" data-trk=\"{&quot;cta&quot;:{&quot;action&quot;:&quot;https:\\\/\\\/moncompte.actu.fr&quot;,&quot;category&quot;:&quot;mon compte&quot;,&quot;from&quot;:&quot;article footer&quot;,&quot;name&quot;:&quot;Mon actu&quot;,&quot;type&quot;:&quot;cta&quot;}}\" target=\"_blank\">Mon Actu<\/a>.<\/p>\n<p>                    <script async src=\"\/\/www.instagram.com\/embed.js\"><\/script><\/p>\n","protected":false},"excerpt":{"rendered":"Par Margot Nicod\u00e8me Publi\u00e9 le 26 nov. 2025 \u00e0 14h10 De l\u2019e-shop \u00e0 la boutique \u00e9ph\u00e9m\u00e8re\u2009: pendant trois&hellip;\n","protected":false},"author":2,"featured_media":560845,"comment_status":"","ping_status":"","sticky":false,"template":"","format":"standard","meta":{"footnotes":""},"categories":[2815],"tags":[1111,11,33,1777,674,1011,27,811,1307,12,15830,25],"class_list":{"0":"post-560844","1":"post","2":"type-post","3":"status-publish","4":"format-standard","5":"has-post-thumbnail","7":"category-lille","8":"tag-actu","9":"tag-actualites","10":"tag-economie","11":"tag-eu","12":"tag-europe","13":"tag-fr","14":"tag-france","15":"tag-hauts-de-france","16":"tag-lille","17":"tag-news","18":"tag-noel","19":"tag-republique-francaise"},"share_on_mastodon":{"url":"https:\/\/pubeurope.com\/@fr\/115618166255996307","error":""},"_links":{"self":[{"href":"https:\/\/www.europesays.com\/fr\/wp-json\/wp\/v2\/posts\/560844","targetHints":{"allow":["GET"]}}],"collection":[{"href":"https:\/\/www.europesays.com\/fr\/wp-json\/wp\/v2\/posts"}],"about":[{"href":"https:\/\/www.europesays.com\/fr\/wp-json\/wp\/v2\/types\/post"}],"author":[{"embeddable":true,"href":"https:\/\/www.europesays.com\/fr\/wp-json\/wp\/v2\/users\/2"}],"replies":[{"embeddable":true,"href":"https:\/\/www.europesays.com\/fr\/wp-json\/wp\/v2\/comments?post=560844"}],"version-history":[{"count":0,"href":"https:\/\/www.europesays.com\/fr\/wp-json\/wp\/v2\/posts\/560844\/revisions"}],"wp:featuredmedia":[{"embeddable":true,"href":"https:\/\/www.europesays.com\/fr\/wp-json\/wp\/v2\/media\/560845"}],"wp:attachment":[{"href":"https:\/\/www.europesays.com\/fr\/wp-json\/wp\/v2\/media?parent=560844"}],"wp:term":[{"taxonomy":"category","embeddable":true,"href":"https:\/\/www.europesays.com\/fr\/wp-json\/wp\/v2\/categories?post=560844"},{"taxonomy":"post_tag","embeddable":true,"href":"https:\/\/www.europesays.com\/fr\/wp-json\/wp\/v2\/tags?post=560844"}],"curies":[{"name":"wp","href":"https:\/\/api.w.org\/{rel}","templated":true}]}}