{"id":560848,"date":"2025-11-26T21:41:20","date_gmt":"2025-11-26T21:41:20","guid":{"rendered":"https:\/\/www.europesays.com\/fr\/560848\/"},"modified":"2025-11-26T21:41:20","modified_gmt":"2025-11-26T21:41:20","slug":"les-aveux-a-la-barre-esquissent-le-mobile-du-double-homicide","status":"publish","type":"post","link":"https:\/\/www.europesays.com\/fr\/560848\/","title":{"rendered":"Les aveux \u00e0 la barre esquissent le mobile du double homicide"},"content":{"rendered":"<p>\u00ab\u00a0C\u2019est mon fr\u00e8re qui avait vol\u00e9 la famille Tir\u00a0\u00bb. Dans le jeu de dupes que constituent les proc\u00e9dures judiciaires, Mohamed Seghier abat de nouvelles cartes. Jug\u00e9 depuis lundi 17 novembre aux c\u00f4t\u00e9s de Christopher Aouni pour le <a href=\"https:\/\/www.laprovence.com\/article\/faits-divers-justice\/12716610787711\/marseille-61-secondes-d-images-muettes-pour-un-double-homicide\" target=\"_blank\" rel=\"noopener\">double homicide de Nouri Lakas, 26\u00a0ans, et Nasser Khellaf, 31\u00a0ans, le 4\u00a0f\u00e9vrier\u00a02016<\/a> sur le parking d\u2019un centre commercial marseillais, l\u2019homme de 47\u00a0ans a livr\u00e9 aux enqu\u00eateurs des versions aussi variables que peu convaincantes.<\/p>\n<p>\u00ab\u00a0Dans la proc\u00e9dure, j\u2019ai menti M. le pr\u00e9sident. Je pr\u00e9f\u00e8re vous le dire, comme \u00e7a, vous restez pas dessus\u00a0\u00bb, avoue d\u2019embl\u00e9e l\u2019accus\u00e9. Et de revenir sur l\u2019assassinat de son fr\u00e8re, en\u00a02010, point de d\u00e9part selon la justice d\u2019<a href=\"https:\/\/www.laprovence.com\/article\/faits-divers-justice\/3784140386319\/la-cour-d-assises-exhume-la-guerre-entre-les-clans-criminels-marseillais-tir-et-remadnia\" target=\"_blank\" rel=\"noopener\">une guerre de territoire mu\u00e9e en vengeances successives entre deux clans rivaux<\/a>, celui des Tir, alli\u00e9 aux Berrebouh d\u2019une part, celui des Remadnia alli\u00e9 \u00e0 l\u2019\u00e9quipe dite de Marignane d\u2019autre part. \u00ab\u00a0Quand vous avez appris qu\u2019un membre de la famille Tir avait tu\u00e9 votre fr\u00e8re, n\u2019avez-vous pas nourri quelque sentiment de vengeance\u00a0?\u00a0\u00bb, interroge le magistrat. \u00ab\u00a0Non, parce que je ne suis pas capable de me faire justice moi-m\u00eame\u00a0\u00bb, affirme Mohamed Seghier d\u2019une voix caverneuse. D\u00e9finitivement condamn\u00e9 \u00e0 trente ans de r\u00e9clusion cr&#8230;<\/p>\n","protected":false},"excerpt":{"rendered":"\u00ab\u00a0C\u2019est mon fr\u00e8re qui avait vol\u00e9 la famille Tir\u00a0\u00bb. Dans le jeu de dupes que constituent les proc\u00e9dures&hellip;\n","protected":false},"author":2,"featured_media":560849,"comment_status":"","ping_status":"","sticky":false,"template":"","format":"standard","meta":{"footnotes":""},"categories":[2814],"tags":[17,1111,11,67754,18121,3391,67755,1777,674,274,1011,27,2683,151,884,26280,12,882,25],"class_list":{"0":"post-560848","1":"post","2":"type-post","3":"status-publish","4":"format-standard","5":"has-post-thumbnail","7":"category-marseille","8":"tag-17","9":"tag-actu","10":"tag-actualites","11":"tag-aveux","12":"tag-barre","13":"tag-double","14":"tag-esquissent","15":"tag-eu","16":"tag-europe","17":"tag-faits-divers-justice","18":"tag-fr","19":"tag-france","20":"tag-homicide","21":"tag-les","22":"tag-marseille","23":"tag-mobile","24":"tag-news","25":"tag-provence-alpes-cote-dazur","26":"tag-republique-francaise"},"share_on_mastodon":{"url":"https:\/\/pubeurope.com\/@fr\/115618177535664967","error":""},"_links":{"self":[{"href":"https:\/\/www.europesays.com\/fr\/wp-json\/wp\/v2\/posts\/560848","targetHints":{"allow":["GET"]}}],"collection":[{"href":"https:\/\/www.europesays.com\/fr\/wp-json\/wp\/v2\/posts"}],"about":[{"href":"https:\/\/www.europesays.com\/fr\/wp-json\/wp\/v2\/types\/post"}],"author":[{"embeddable":true,"href":"https:\/\/www.europesays.com\/fr\/wp-json\/wp\/v2\/users\/2"}],"replies":[{"embeddable":true,"href":"https:\/\/www.europesays.com\/fr\/wp-json\/wp\/v2\/comments?post=560848"}],"version-history":[{"count":0,"href":"https:\/\/www.europesays.com\/fr\/wp-json\/wp\/v2\/posts\/560848\/revisions"}],"wp:featuredmedia":[{"embeddable":true,"href":"https:\/\/www.europesays.com\/fr\/wp-json\/wp\/v2\/media\/560849"}],"wp:attachment":[{"href":"https:\/\/www.europesays.com\/fr\/wp-json\/wp\/v2\/media?parent=560848"}],"wp:term":[{"taxonomy":"category","embeddable":true,"href":"https:\/\/www.europesays.com\/fr\/wp-json\/wp\/v2\/categories?post=560848"},{"taxonomy":"post_tag","embeddable":true,"href":"https:\/\/www.europesays.com\/fr\/wp-json\/wp\/v2\/tags?post=560848"}],"curies":[{"name":"wp","href":"https:\/\/api.w.org\/{rel}","templated":true}]}}