{"id":560852,"date":"2025-11-26T21:43:15","date_gmt":"2025-11-26T21:43:15","guid":{"rendered":"https:\/\/www.europesays.com\/fr\/560852\/"},"modified":"2025-11-26T21:43:15","modified_gmt":"2025-11-26T21:43:15","slug":"metropole-de-lyon-lentreprise-lyonnaise-cegid-rachete-la-licorne-europeenne-shine-et-se-renforce-encore","status":"publish","type":"post","link":"https:\/\/www.europesays.com\/fr\/560852\/","title":{"rendered":"M\u00e9tropole de Lyon. L\u2019entreprise lyonnaise Cegid rach\u00e8te la licorne europ\u00e9enne Shine et se renforce encore"},"content":{"rendered":"<p>Adjug\u00e9e pour un milliard. Fond\u00e9e par <a href=\"https:\/\/www.leprogres.fr\/p\/jean-michel-aulas\" target=\"_blank\" rel=\"noopener\">Jean-Michel Aulas<\/a> &#8211; en lice pour les municipales \u00e0 Lyon -, l\u2019entreprise lyonnaise Cegid a annonc\u00e9 le rachat de Shine mercredi 26\u00a0novembre.\u00a0Sp\u00e9cialis\u00e9e dans l\u2019\u00e9dition de logiciel, l\u2019entreprise Cegid acquiert une \u00ab\u00a0licorne\u00a0\u00bb, une start-up non cot\u00e9e en bourse et dont la valorisation d\u00e9passe le milliard d\u2019euros.<\/p>\n<p>  Un rachat qui d\u00e9passe le milliard d\u2019euros<\/p>\n<p>Sp\u00e9cialis\u00e9e dans les logiciels pour les petites entreprises, Shine est\u00a0n\u00e9e de la fusion du groupe danois Ageras avec une fintech c\u00e9d\u00e9e par la Soci\u00e9t\u00e9 G\u00e9n\u00e9rale. Dans un <a href=\"https:\/\/www.cegid.com\/fr\/presse\/cegid-acquiert-shine\/\" target=\"_blank\" rel=\"noopener\">communiqu\u00e9<\/a> , Cegid justifie ce rachat par son envie \u00ab\u00a0de devenir le copilote financier de r\u00e9f\u00e9rence en Europe pour les PME et les experts-comptables\u00a0\u00bb. D\u2019apr\u00e8s le quotidien Les \u00c9chos, le montant de <a href=\"https:\/\/www.lesechos.fr\/finance-marches\/banque-assurances\/la-licorne-shine-se-vend-a-cegid-pour-creer-un-champion-bancaire-des-tpe-2201024\" target=\"_blank\" rel=\"noopener\">la transaction a d\u00e9pass\u00e9 le milliard d\u2019euros<\/a>.<\/p>\n<p>La n\u00e9obanque Shine apporte \u00e0 Cegid plus de 400\u00a0000 clients PME et va permettre \u00e0 l\u2019entreprise lyonnaise d\u2019offrir \u00ab\u00a0une plateforme unifi\u00e9e\u00a0\u00bb couvrant la facturation \u00e9lectronique, la comptabilit\u00e9, le Compte Pro et les solutions RH.\u00a0Gr\u00e2ce aux capacit\u00e9s de Shine en mati\u00e8re de comptes professionnels et de paiements, \u00ab\u00a0Cegid pourra enrichir consid\u00e9rablement son offre en France et acc\u00e9l\u00e9rer le d\u00e9ploiement de ces solutions dans d\u2019autres zones g\u00e9ographiques europ\u00e9ennes\u00a0\u00bb, ajoute l\u2019\u00e9diteur de logiciels. Ensemble, la nouvelle entit\u00e9 servira \u00ab\u00a0plus d\u2019un million de PME et 15\u00a0000 experts-comptables\u00a0\u00bb \u00e0 travers la France, l\u2019Allemagne (DACH), l\u2019Espagne, le Portugal, les Pays-Bas, le Danemark et la Belgique, selon le communiqu\u00e9.<\/p>\n<p>  Shine, une n\u00e9obanque \u00e0 destination des professionnels<\/p>\n<p>Fond\u00e9e en France en 2018, Shine, sp\u00e9cialis\u00e9e dans les services bancaires \u00e0 destination des ind\u00e9pendants et des petites entreprises, avait \u00e9t\u00e9 achet\u00e9e en 2020 par le groupe bancaire Soci\u00e9t\u00e9 G\u00e9n\u00e9rale en vue de distribuer cette offre \u00e0 ses clients professionnels. Soci\u00e9t\u00e9 G\u00e9n\u00e9rale n\u2019ayant pas donn\u00e9 de montant \u00e0 l\u2018\u00e9poque, la presse avait alors \u00e9voqu\u00e9 la somme de 100\u00a0millions d\u2019euros.<\/p>\n<p>Il y a un an, la Soci\u00e9t\u00e9 G\u00e9n\u00e9rale avait \u00e0 son tour c\u00e9d\u00e9 Shine au Danois Ageras, un fournisseur de logiciels de comptabilit\u00e9, de services financiers et d\u2019outils de gestion administrative ayant plus de 300\u00a0000 clients PME actifs en France, en Allemagne, aux Pays-Bas et au Danemark. Les deux soci\u00e9t\u00e9s avaient fusionn\u00e9, sous le nom commercial de Shine.<\/p>\n","protected":false},"excerpt":{"rendered":"Adjug\u00e9e pour un milliard. Fond\u00e9e par Jean-Michel Aulas &#8211; en lice pour les municipales \u00e0 Lyon -, l\u2019entreprise&hellip;\n","protected":false},"author":2,"featured_media":560853,"comment_status":"","ping_status":"","sticky":false,"template":"","format":"standard","meta":{"footnotes":""},"categories":[1889],"tags":[1111,11,2430,33,2757,1777,674,107,1011,27,693,5015,2428,2756,12,25,2429,216],"class_list":{"0":"post-560852","1":"post","2":"type-post","3":"status-publish","4":"format-standard","5":"has-post-thumbnail","7":"category-lyon","8":"tag-actu","9":"tag-actualites","10":"tag-auvergne-rhone-alpes","11":"tag-economie","12":"tag-edition-lyon-villeurbanne","13":"tag-eu","14":"tag-europe","15":"tag-fil-info","16":"tag-fr","17":"tag-france","18":"tag-industrie","19":"tag-innovation-et-start-up","20":"tag-lyon","21":"tag-lyon-bassin","22":"tag-news","23":"tag-republique-francaise","24":"tag-rhone","25":"tag-vie-des-entreprises"},"share_on_mastodon":{"url":"https:\/\/pubeurope.com\/@fr\/115618185610224267","error":""},"_links":{"self":[{"href":"https:\/\/www.europesays.com\/fr\/wp-json\/wp\/v2\/posts\/560852","targetHints":{"allow":["GET"]}}],"collection":[{"href":"https:\/\/www.europesays.com\/fr\/wp-json\/wp\/v2\/posts"}],"about":[{"href":"https:\/\/www.europesays.com\/fr\/wp-json\/wp\/v2\/types\/post"}],"author":[{"embeddable":true,"href":"https:\/\/www.europesays.com\/fr\/wp-json\/wp\/v2\/users\/2"}],"replies":[{"embeddable":true,"href":"https:\/\/www.europesays.com\/fr\/wp-json\/wp\/v2\/comments?post=560852"}],"version-history":[{"count":0,"href":"https:\/\/www.europesays.com\/fr\/wp-json\/wp\/v2\/posts\/560852\/revisions"}],"wp:featuredmedia":[{"embeddable":true,"href":"https:\/\/www.europesays.com\/fr\/wp-json\/wp\/v2\/media\/560853"}],"wp:attachment":[{"href":"https:\/\/www.europesays.com\/fr\/wp-json\/wp\/v2\/media?parent=560852"}],"wp:term":[{"taxonomy":"category","embeddable":true,"href":"https:\/\/www.europesays.com\/fr\/wp-json\/wp\/v2\/categories?post=560852"},{"taxonomy":"post_tag","embeddable":true,"href":"https:\/\/www.europesays.com\/fr\/wp-json\/wp\/v2\/tags?post=560852"}],"curies":[{"name":"wp","href":"https:\/\/api.w.org\/{rel}","templated":true}]}}