{"id":560854,"date":"2025-11-26T21:44:18","date_gmt":"2025-11-26T21:44:18","guid":{"rendered":"https:\/\/www.europesays.com\/fr\/560854\/"},"modified":"2025-11-26T21:44:18","modified_gmt":"2025-11-26T21:44:18","slug":"lyon-un-homme-fait-une-chute-mortelle-depuis-un-appartement","status":"publish","type":"post","link":"https:\/\/www.europesays.com\/fr\/560854\/","title":{"rendered":"Lyon. Un homme fait une chute mortelle depuis un appartement"},"content":{"rendered":"<p>Un homme d\u2019une trentaine d\u2019ann\u00e9es a fait une chute mortelle, ce mercredi 26\u00a0novembre \u00e0 Lyon (8e) peu avant 9 heures, depuis la fen\u00eatre d\u2019un immeuble situ\u00e9 rue du Presbyt\u00e8re, dans le quartier du Grand Trou. D\u2019apr\u00e8s des t\u00e9moins de la sc\u00e8ne, il s\u2019est jet\u00e9 dans le vide, pour une raison qui reste encore inconnue.<\/p>\n<p>Malgr\u00e9 l\u2019intervention des pompiers et du SAMU, il n\u2019a pas pu \u00eatre ranim\u00e9 et son d\u00e9c\u00e8s a \u00e9t\u00e9 constat\u00e9 sur les lieux de la chute, comme le rapporte <a href=\"https:\/\/actu.fr\/auvergne-rhone-alpes\/lyon_69123\/drame-a-lyon-un-homme-meurt-apres-une-terrible-chute-d-un-immeuble-dans-ce-quartier_63490512.html\" target=\"_blank\" rel=\"noopener\">Actu Lyon<\/a>.<\/p>\n<p>Ce contenu est bloqu\u00e9 car vous n&rsquo;avez pas accept\u00e9 les cookies et autres traceurs.<\/p>\n<p>En cliquant sur \u00ab J\u2019accepte \u00bb, les cookies et autres traceurs seront d\u00e9pos\u00e9s et vous pourrez visualiser les contenus  (<a href=\"\" class=\"consentModule_policy\" target=\"_blank\" title=\"Consulter la politique de protection des donn\u00e9es du fournisseur\">plus d&rsquo;informations<\/a>).<\/p>\n<p>En cliquant sur \u00ab J\u2019accepte tous les cookies \u00bb, vous autorisez des d\u00e9p\u00f4ts de cookies et autres traceurs pour le stockage de vos donn\u00e9es sur nos sites et applications \u00e0 des fins de personnalisation et de ciblage publicitaire.<\/p>\n<p class=\"consentModule_secondaryText\">Vous gardez la possibilit\u00e9 de retirer votre consentement \u00e0 tout moment en consultant notre <a href=\"https:\/\/www.leprogres.fr\/protection-des-donnees\" target=\"_blank\" title=\"Consulter notre politique de protection des donn\u00e9es\" rel=\"noopener\">politique de protection des donn\u00e9es<\/a>. <br \/>&#13;<br \/>\n            <a href=\"https:\/\/www.leprogres.fr\/faits-divers-justice\/2025\/11\/26\/javascript:Didomi.notice.show()\" class=\"consentModule_cmp\" target=\"_blank\" rel=\"noopener\">G\u00e9rer mes choix<\/a>&#13;\n        <\/p>\n<p>&#13;<br \/>\n                        J&rsquo;accepte&#13;<br \/>\n            J&rsquo;accepte tous les cookies&#13;\n        <\/p>\n<p>  Deux autres personnes dans l\u2019appartement<\/p>\n<p>La police a proc\u00e9d\u00e9 aux constatations et, selon les informations du Progr\u00e8s , deux personnes qui se trouvaient dans l\u2019appartement ont \u00e9t\u00e9 plac\u00e9es en garde \u00e0 vue pour les besoins de l\u2019enqu\u00eate. Il s\u2019agit d\u2019une mesure fr\u00e9quente en cas de d\u00e9fenestration, qui permet d\u2019entendre les t\u00e9moins et de recouper leurs versions.<\/p>\n<p>Les enqu\u00eateurs doivent d\u00e9terminer si un tiers est impliqu\u00e9 dans cette chute mortelle.\u00a0La victime souffrait semble-t-il de probl\u00e8mes psychiques, ce qui pourrait expliquer son geste.<\/p>\n","protected":false},"excerpt":{"rendered":"Un homme d\u2019une trentaine d\u2019ann\u00e9es a fait une chute mortelle, ce mercredi 26\u00a0novembre \u00e0 Lyon (8e) peu avant&hellip;\n","protected":false},"author":2,"featured_media":560855,"comment_status":"","ping_status":"","sticky":false,"template":"","format":"standard","meta":{"footnotes":""},"categories":[1889],"tags":[1111,11,2430,2757,1777,674,274,107,1011,27,2428,9744,9743,12,25,2429],"class_list":{"0":"post-560854","1":"post","2":"type-post","3":"status-publish","4":"format-standard","5":"has-post-thumbnail","7":"category-lyon","8":"tag-actu","9":"tag-actualites","10":"tag-auvergne-rhone-alpes","11":"tag-edition-lyon-villeurbanne","12":"tag-eu","13":"tag-europe","14":"tag-faits-divers-justice","15":"tag-fil-info","16":"tag-fr","17":"tag-france","18":"tag-lyon","19":"tag-lyon-8e","20":"tag-lyon-8e-arrondissement","21":"tag-news","22":"tag-republique-francaise","23":"tag-rhone"},"share_on_mastodon":{"url":"https:\/\/pubeurope.com\/@fr\/115618189315037196","error":""},"_links":{"self":[{"href":"https:\/\/www.europesays.com\/fr\/wp-json\/wp\/v2\/posts\/560854","targetHints":{"allow":["GET"]}}],"collection":[{"href":"https:\/\/www.europesays.com\/fr\/wp-json\/wp\/v2\/posts"}],"about":[{"href":"https:\/\/www.europesays.com\/fr\/wp-json\/wp\/v2\/types\/post"}],"author":[{"embeddable":true,"href":"https:\/\/www.europesays.com\/fr\/wp-json\/wp\/v2\/users\/2"}],"replies":[{"embeddable":true,"href":"https:\/\/www.europesays.com\/fr\/wp-json\/wp\/v2\/comments?post=560854"}],"version-history":[{"count":0,"href":"https:\/\/www.europesays.com\/fr\/wp-json\/wp\/v2\/posts\/560854\/revisions"}],"wp:featuredmedia":[{"embeddable":true,"href":"https:\/\/www.europesays.com\/fr\/wp-json\/wp\/v2\/media\/560855"}],"wp:attachment":[{"href":"https:\/\/www.europesays.com\/fr\/wp-json\/wp\/v2\/media?parent=560854"}],"wp:term":[{"taxonomy":"category","embeddable":true,"href":"https:\/\/www.europesays.com\/fr\/wp-json\/wp\/v2\/categories?post=560854"},{"taxonomy":"post_tag","embeddable":true,"href":"https:\/\/www.europesays.com\/fr\/wp-json\/wp\/v2\/tags?post=560854"}],"curies":[{"name":"wp","href":"https:\/\/api.w.org\/{rel}","templated":true}]}}