{"id":560856,"date":"2025-11-26T21:46:30","date_gmt":"2025-11-26T21:46:30","guid":{"rendered":"https:\/\/www.europesays.com\/fr\/560856\/"},"modified":"2025-11-26T21:46:30","modified_gmt":"2025-11-26T21:46:30","slug":"zoom-sur-sevres-fc-92-seniors-feminines-r3-ligue-de-paris-ile-de-france","status":"publish","type":"post","link":"https:\/\/www.europesays.com\/fr\/560856\/","title":{"rendered":"ZOOM SUR\u2026 S\u00c8VRES FC 92 SENIORS F\u00c9MININES R3 \u2013 LIGUE DE PARIS ILE-DE-FRANCE"},"content":{"rendered":"<p>                    <img width=\"611\" height=\"378\" src=\"https:\/\/www.europesays.com\/fr\/wp-content\/uploads\/2025\/11\/IMG-20251126-WA0000bis-611x378.jpg\" class=\"vignette-large wp-post-image\" alt=\"\" decoding=\"async\" fetchpriority=\"high\"  \/>                    <\/p>\n<p>\n                        ZOOM SUR\u2026 S\u00c8VRES FC 92 SENIORS F\u00c9MININES R3\n                    <\/p>\n<p style=\"text-align: justify;\">Cette semaine, c\u2019est le S\u00e8vres FC 92 qui est \u00e0 l\u2019honneur, avec son \u00e9quipe qui \u00e9volue dans la Poule A du championnat Seniors F\u00e9minines R3. La coach Wafaa Biakaroui \u00e9voque le d\u00e9but de saison des S\u00e9vriennes.<\/p>\n<p style=\"text-align: justify;\"><strong>Le dernier match : Victoire 2-0 face \u00e0 Vaux La Rochette (R1) au 2\u00e8me tour de la Coupe de Paris Cr\u00e9dit Mutuel IDF Seniors F\u00e9minines<\/strong><br \/>\u00ab On jouait une R1, on a souvent la chance de tomber assez rapidement sur une \u00e9quipe de ce niveau. Vaux La Rochette \u00e9volue en R1 depuis quelques ann\u00e9es maintenant. On a pris ce match au s\u00e9rieux, on savait qu\u2019il y avait la possibilit\u00e9 d\u2019aller chercher une \u00ab qualif \u00bb. C\u2019\u00e9tait \u00e0 nous de mettre tous les ingr\u00e9dients pour l\u2019obtenir, ce que les filles ont fait. On a eu une entame de match un peu difficile, le temps de se mettre en route, en raison du syst\u00e8me de jeu. A partir du moment o\u00f9 on a su se mettre en place et prendre le jeu \u00e0 notre compte, \u00e7 a \u00e9t\u00e9 un peu plus difficile pour Vaux La Rochette de se retrouver devant le but. De notre c\u00f4t\u00e9, on a su poser notre jeu et trouver ces petits espaces. Et aux alentours de la 35\u00e8me minute, on obtient un coup franc \u00e0 25 m\u00e8tres, il est tir\u00e9 directement et finit dans le but. On rentre aux vestiaires \u00e0 la mi-temps en menant 1-0. La qualification n\u2019\u00e9tait pas encore acquise parce que c\u2019est une tr\u00e8s belle \u00e9quipe, qui joue bien au football et pose son jeu. Elle voulait nous faire mal en trouvant des espaces dans l\u2019intervalle en limitant le nombre de touches de balle. Et sur une action vers la 80\u00e8me minute, on r\u00e9cup\u00e8re le ballon et notre attaquante Alix termine ne face-\u00e0-face. Derri\u00e8re, on verrouille. Elles ont deux occasions de revenir au score, mais notre gardienne sort les parades qu\u2019il faut. On d\u00e9croche donc cette qualification, qui est m\u00e9rit\u00e9e au vu du match, de ce que l\u2019on a propos\u00e9. \u00bb<\/p>\n<p>&gt; <a href=\"https:\/\/epreuves.fff.fr\/competition\/match\/55163459-sevres-f-c-92-vaux-le-penil-la-rochette-f-c.html\/match\" target=\"_blank\" rel=\"noopener\">La feuille de match<\/a><\/p>\n<p style=\"text-align: justify;\"><strong>Le prochain match : R\u00e9ception du FC Rambouillet Yvelines, 7\u00e8me journ\u00e9e de la Poule A Seniors F\u00e9minines R3<\/strong><br \/>\u00ab Rambouillet, c\u2019est un concurrent direct pour le maintien. En R3 cette saison, il y a encore quatre descentes. Elles comme nous avons besoin de ces points, nous pour nous \u00e9loigner de la zone de rel\u00e9gation et elles pour en sortir. A nous d\u2019\u00eatre sur la continuit\u00e9 depuis le retour des vacances, avec nos victoires face \u00e0 Versailles (3-2) et en Coupe. Il faut confirmer tout le travail qui est mis en place \u00e0 l\u2019entra\u00eenement, en match, tout ce que les filles proposent, pour prendre ces trois points qui vont \u00eatre importants \u00e0 la fin de la saison. Nous devons surtout d\u00e9montrer que notre mont\u00e9e en R3 n\u2019est pas anodine, bien au contraire, qu\u2019elle est justifi\u00e9e et m\u00e9rit\u00e9e et que nous y avons tr\u00e8s clairement notre place. Pour cela, il va falloir s\u2019imposer face \u00e0 cette \u00e9quipe de Rambouillet, que l\u2019on conna\u00eet parce que des filles ont bascul\u00e9 d\u2019un club \u00e0 l\u2019autre. Des \u00e9chos que j\u2019ai eus, c\u2019est une \u00e9quipe bien en place. A nous de trouver les espaces pour conclure. \u00bb<\/p>\n<p style=\"text-align: justify;\">&gt; <a href=\"https:\/\/paris-idf.fff.fr\/competitions?competition_id=442228&amp;poule=1&amp;match_id=53403094\" target=\"_blank\" rel=\"noopener\">Les infos du match<\/a><\/p>\n<p style=\"text-align: justify;\"><strong>D\u00e9but de saison et objectifs<\/strong><br \/>\u00ab\u00a0Nous avons eu un d\u00e9but de saison mitig\u00e9. Les filles ne s\u2019attendaient pas \u00e0 d\u00e9buter aussi t\u00f4t. Beaucoup d\u2019entre elles sont form\u00e9es au club, tr\u00e8s jeunes et n\u2019ont pas cette habitude d\u2019\u00e9voluer au niveau r\u00e9gional. On avait pour habitude de d\u00e9buter vers mi\/fin septembre. On a eu pas mal de bless\u00e9es, d\u2019absentes. Elles sont revenues petit \u00e0 petit et, aujourd\u2019hui, le travail fait \u00e0 l\u2019entra\u00eenement et en match porte ses fruits. Notre objectif, c\u2019est le maintien, on ne va pas se voiler la face, se mentir. On sait qu\u2019il y a d\u2019autres facteurs, avec les \u00e9quipes qui sont en D3, R1, R2, \u00e0 nous d\u2019aller chercher le plus haut possible. Mais la priorit\u00e9, c\u2019est de nous maintenir, il faut donc ne pas \u00eatre dans les quatre derniers et essayer de faire en sorte que cela soit acquis le plus rapidement possible. Apr\u00e8s, tout ce qui nous sera donn\u00e9 en plus, on le prendra.\u00a0\u00bb<\/p>\n<p>&gt; <a href=\"https:\/\/paris-idf.fff.fr\/competitions?tab=ranking&amp;id=442228&amp;phase=1&amp;poule=1&amp;type=ch\" target=\"_blank\" rel=\"noopener\">Le classement de la Poule A Seniors F\u00e9minines R3<\/a><\/p>\n<p>Cr\u00e9dit photo : <a href=\"https:\/\/www.instagram.com\/rvrl931\/\" target=\"_blank\" rel=\"noopener\">@rvrl931<\/a><\/p>\n<p>                <script async src=\"\/\/www.instagram.com\/embed.js\"><\/script><\/p>\n","protected":false},"excerpt":{"rendered":"ZOOM SUR\u2026 S\u00c8VRES FC 92 SENIORS F\u00c9MININES R3 Cette semaine, c\u2019est le S\u00e8vres FC 92 qui est \u00e0&hellip;\n","protected":false},"author":2,"featured_media":560857,"comment_status":"","ping_status":"","sticky":false,"template":"","format":"standard","meta":{"footnotes":""},"categories":[1592],"tags":[1111,11,1777,674,1011,27,662,12,626,25],"class_list":{"0":"post-560856","1":"post","2":"type-post","3":"status-publish","4":"format-standard","5":"has-post-thumbnail","7":"category-ile-de-france","8":"tag-actu","9":"tag-actualites","10":"tag-eu","11":"tag-europe","12":"tag-fr","13":"tag-france","14":"tag-ile-de-france","15":"tag-news","16":"tag-paris","17":"tag-republique-francaise"},"share_on_mastodon":{"url":"https:\/\/pubeurope.com\/@fr\/115618198231649800","error":""},"_links":{"self":[{"href":"https:\/\/www.europesays.com\/fr\/wp-json\/wp\/v2\/posts\/560856","targetHints":{"allow":["GET"]}}],"collection":[{"href":"https:\/\/www.europesays.com\/fr\/wp-json\/wp\/v2\/posts"}],"about":[{"href":"https:\/\/www.europesays.com\/fr\/wp-json\/wp\/v2\/types\/post"}],"author":[{"embeddable":true,"href":"https:\/\/www.europesays.com\/fr\/wp-json\/wp\/v2\/users\/2"}],"replies":[{"embeddable":true,"href":"https:\/\/www.europesays.com\/fr\/wp-json\/wp\/v2\/comments?post=560856"}],"version-history":[{"count":0,"href":"https:\/\/www.europesays.com\/fr\/wp-json\/wp\/v2\/posts\/560856\/revisions"}],"wp:featuredmedia":[{"embeddable":true,"href":"https:\/\/www.europesays.com\/fr\/wp-json\/wp\/v2\/media\/560857"}],"wp:attachment":[{"href":"https:\/\/www.europesays.com\/fr\/wp-json\/wp\/v2\/media?parent=560856"}],"wp:term":[{"taxonomy":"category","embeddable":true,"href":"https:\/\/www.europesays.com\/fr\/wp-json\/wp\/v2\/categories?post=560856"},{"taxonomy":"post_tag","embeddable":true,"href":"https:\/\/www.europesays.com\/fr\/wp-json\/wp\/v2\/tags?post=560856"}],"curies":[{"name":"wp","href":"https:\/\/api.w.org\/{rel}","templated":true}]}}