{"id":560870,"date":"2025-11-26T21:53:16","date_gmt":"2025-11-26T21:53:16","guid":{"rendered":"https:\/\/www.europesays.com\/fr\/560870\/"},"modified":"2025-11-26T21:53:16","modified_gmt":"2025-11-26T21:53:16","slug":"etats-unis-deux-militaires-de-la-garde-nationale-touches-par-balles-pres-de-la-maison-blanche-incertitude-sur-leur-etat-de-sante","status":"publish","type":"post","link":"https:\/\/www.europesays.com\/fr\/560870\/","title":{"rendered":"\u00c9tats-Unis. Deux\u00a0militaires de la garde nationale touch\u00e9s par balles pr\u00e8s de la Maison Blanche, incertitude sur leur \u00e9tat de sant\u00e9"},"content":{"rendered":"<p>Deux militaires de la garde nationale ont \u00e9t\u00e9 touch\u00e9s par des tirs, ce mercredi, pr\u00e8s de la Maison Blanche, \u00e0 Washington. Le gouverneur de leur Etat a annonc\u00e9 leur mort une heure apr\u00e8s les faits, avant de revenir sur ses d\u00e9clarations vingt minutes plus tard.\u00a0<\/p>\n<p>\u00ab Nous recevons \u00e0 pr\u00e9sent des informations contradictoires sur l&rsquo;\u00e9tat de nos deux gardes nationaux et nous vous tiendrons au courant de la situation quand nous aurons des informations plus compl\u00e8tes \u00bb, a d\u00e9clar\u00e9 sur X Patrick Morrisey, le gouverneur de l&rsquo;Etat de Virginie-Occidentale, d&rsquo;o\u00f9 ils sont originaires.<\/p>\n<p>\u00ab L&rsquo;animal qui a tir\u00e9 sur les deux gardes nationaux \u00bb est \u00ab aussi gravement bless\u00e9 \u00bb, a d\u00e9clar\u00e9 <a href=\"https:\/\/www.ledauphine.com\/p\/donald-trump\" target=\"_blank\" rel=\"noopener\">Donald Trump<\/a> sur son r\u00e9seau Truth social. \u00ab Il paiera malgr\u00e9 tout tr\u00e8s cher \u00bb son acte, a ajout\u00e9 le pr\u00e9sident am\u00e9ricain qui suit la situation de sa r\u00e9sidence de Mar-a-Lago en Floride, o\u00f9 il compte passer jeudi la f\u00eate de Thanksgiving.<\/p>\n<p>La zone boucl\u00e9e<\/p>\n<p>La police avait auparavant fait savoir qu&rsquo;un suspect avait \u00e9t\u00e9 arr\u00eat\u00e9, tandis que les services de secours ont dit avoir pris en charge trois personnes victimes de tirs d&rsquo;armes \u00e0 feu.<\/p>\n<p>Des h\u00e9licopt\u00e8res de la police survolaient la capitale am\u00e9ricaine, selon des journalistes de l&rsquo;AFP.<br \/>La zone a \u00e9t\u00e9 boucl\u00e9e et des dizaines de v\u00e9hicules de la police et d&rsquo;autres forces de s\u00e9curit\u00e9 locales comme nationales ont \u00e9t\u00e9 d\u00e9p\u00each\u00e9s sur les lieux.<\/p>\n<p>\u00ab On a entendu des coups de feu. On attendait au feu rouge et il y a eu plusieurs coups de feu \u00bb, a racont\u00e9 \u00e0 l&rsquo;AFP Angela Perry, une agente de s\u00e9curit\u00e9 de 42 ans, en voiture avec ses deux enfants. \u00ab On pouvait voir des membres de la Garde nationale courir vers le m\u00e9tro, armes \u00e0 la main \u00bb, a-t-elle ajout\u00e9. La zone a \u00e9t\u00e9 boucl\u00e9e et des dizaines de v\u00e9hicules de police et d&rsquo;autres forces de s\u00e9curit\u00e9 locales comme nationales ont \u00e9t\u00e9 d\u00e9p\u00each\u00e9s sur les lieux.<\/p>\n<p>Des militaires d\u00e9ploy\u00e9s \u00e0 la demande de Donald Trump<\/p>\n<p>Des militaires des gardes nationaux sont d\u00e9ploy\u00e9s, \u00e0 la demande du pr\u00e9sident Donald Trump, depuis ao\u00fbt dans la capitale am\u00e9ricaine. Ils \u00e9taient 2 175 militaires d\u00e9ploy\u00e9s mi-novembre, selon de r\u00e9centes statistiques militaires. La municipalit\u00e9 accuse l&rsquo;ex\u00e9cutif f\u00e9d\u00e9ral d&rsquo;outrepasser ses pouvoirs.<\/p>\n<p>La justice a bloqu\u00e9 en octobre jusqu&rsquo;\u00e0 nouvel ordre des d\u00e9ploiements similaires \u00e0 Chicago (nord) et Portland (ouest). La municipalit\u00e9 de Washington, au statut unique, n&rsquo;est rattach\u00e9e \u00e0 aucun Etat am\u00e9ricain, et dispose d&rsquo;une autonomie limit\u00e9e puisque le Congr\u00e8s a comp\u00e9tence sur ses affaires.<\/p>\n<p>Depuis juin, le pr\u00e9sident r\u00e9publicain a envoy\u00e9 la Garde nationale successivement \u00e0 Los Angeles, Washington et Memphis, \u00e0 chaque fois contre l&rsquo;avis des autorit\u00e9s locales d\u00e9mocrates, disant ces renforts n\u00e9cessaires pour lutter contre la criminalit\u00e9 et appuyer la police f\u00e9d\u00e9rale de l&rsquo;immigration (ICE).<\/p>\n","protected":false},"excerpt":{"rendered":"Deux militaires de la garde nationale ont \u00e9t\u00e9 touch\u00e9s par des tirs, ce mercredi, pr\u00e8s de la Maison&hellip;\n","protected":false},"author":2,"featured_media":560871,"comment_status":"","ping_status":"","sticky":false,"template":"","format":"standard","meta":{"footnotes":""},"categories":[1589],"tags":[11,271,272,73,1866,274,107,329,12,1864,1865,1863,308],"class_list":{"0":"post-560870","1":"post","2":"type-post","3":"status-publish","4":"format-standard","5":"has-post-thumbnail","7":"category-etats-unis","8":"tag-actualites","9":"tag-crime","10":"tag-delit-et-contravention","11":"tag-etats-unis","12":"tag-etats-unis-damerique","13":"tag-faits-divers-justice","14":"tag-fil-info","15":"tag-france-monde","16":"tag-news","17":"tag-united-states","18":"tag-united-states-of-america","19":"tag-us","20":"tag-usa"},"share_on_mastodon":{"url":"https:\/\/pubeurope.com\/@fr\/115618224798207957","error":""},"_links":{"self":[{"href":"https:\/\/www.europesays.com\/fr\/wp-json\/wp\/v2\/posts\/560870","targetHints":{"allow":["GET"]}}],"collection":[{"href":"https:\/\/www.europesays.com\/fr\/wp-json\/wp\/v2\/posts"}],"about":[{"href":"https:\/\/www.europesays.com\/fr\/wp-json\/wp\/v2\/types\/post"}],"author":[{"embeddable":true,"href":"https:\/\/www.europesays.com\/fr\/wp-json\/wp\/v2\/users\/2"}],"replies":[{"embeddable":true,"href":"https:\/\/www.europesays.com\/fr\/wp-json\/wp\/v2\/comments?post=560870"}],"version-history":[{"count":0,"href":"https:\/\/www.europesays.com\/fr\/wp-json\/wp\/v2\/posts\/560870\/revisions"}],"wp:featuredmedia":[{"embeddable":true,"href":"https:\/\/www.europesays.com\/fr\/wp-json\/wp\/v2\/media\/560871"}],"wp:attachment":[{"href":"https:\/\/www.europesays.com\/fr\/wp-json\/wp\/v2\/media?parent=560870"}],"wp:term":[{"taxonomy":"category","embeddable":true,"href":"https:\/\/www.europesays.com\/fr\/wp-json\/wp\/v2\/categories?post=560870"},{"taxonomy":"post_tag","embeddable":true,"href":"https:\/\/www.europesays.com\/fr\/wp-json\/wp\/v2\/tags?post=560870"}],"curies":[{"name":"wp","href":"https:\/\/api.w.org\/{rel}","templated":true}]}}