{"id":560874,"date":"2025-11-26T21:55:22","date_gmt":"2025-11-26T21:55:22","guid":{"rendered":"https:\/\/www.europesays.com\/fr\/560874\/"},"modified":"2025-11-26T21:55:22","modified_gmt":"2025-11-26T21:55:22","slug":"manif-sauvage-en-solidarite-avec-les-antifascistes-qui-passent-en-jugement-%f0%9f%94%b4-info-libertaire","status":"publish","type":"post","link":"https:\/\/www.europesays.com\/fr\/560874\/","title":{"rendered":"Manif sauvage en solidarit\u00e9 avec les antifascistes qui passent en jugement \u2013 \ud83d\udd34 Info Libertaire"},"content":{"rendered":"<p><\/p>\n<p><a href=\"https:\/\/gsxbcjvcrdl66ycimkwra2nxzwvy2idef4twi7elojuzm5ztt5abqyid.onion\/node\/554376\" target=\"_blank\" rel=\"noopener\">de.indymedia.org<\/a> \/ samedi 22 novembre 2025<\/p>\n<p><strong>Manifestation sauvage dans le sud de Leipzig, en solidarit\u00e9 avec les antifascistes qui passent en jugement et contre l\u2019interdiction du mouvement antifa aux \u00c9tats-Unis <\/strong><\/p>\n<p><a href=\"https:\/\/attaque.noblogs.org\/files\/2025\/11\/Connewitz-soli-Antifas-e1763920137961.jpg\" target=\"_blank\" rel=\"noopener\">Ce soir, une manifestation sauvage a eu lieu \u00e0 Connewitz, pour les accus\u00e9.es du deuxi\u00e8me proc\u00e8s de l\u2019affaire Antifa Ost. De nombreuses barricades ont \u00e9t\u00e9 \u00e9rig\u00e9es, des immeubles participant \u00e0 la gentrification ainsi que le poste de police ont \u00e9t\u00e9 attaqu\u00e9s.<\/p>\n<p>Le 25 moment 2025, c\u2019est le jour : le deuxi\u00e8me proc\u00e8s pour l\u2019affaire Antifa Ost commence. Sept antifascistes de toute l\u2019Allemagne compara\u00eetront devant le tribunal de Dresde. Ils\/elles sont accus\u00e9.es, entre autres, d\u2019\u00eatre membres d\u2019une association criminelle ou de la soutenir. Certain.es des accus\u00e9.es auraient en outre provoqu\u00e9 des blessures corporelles graves. L\u2019accusation se fonde en partie sur les d\u00e9clarations douteuses d\u2019un t\u00e9moin de l\u2019accusation\u00a0: le tra\u00eetre Johannes Dommh\u00f6ver.<br \/>En parall\u00e8le, le gouvernement am\u00e9ricain a r\u00e9cemment plac\u00e9 le groupe \u00ab\u00a0Antifa Ost\u00a0\u00bb et trois autres groupes antifascistes europ\u00e9ens sur sa liste des organisations terroristes. Cette classification [est entr\u00e9e] en vigueur le 20\u00a0novembre.<br \/>La r\u00e9pression qui en suit pourrait aussi toucher des personnes soup\u00e7onn\u00e9es de soutenir [les accus\u00e9.es]. Malgr\u00e9 la duret\u00e9 avec laquelle les gouvernements du monde entier agissent contre les mouvements de gauche, nous ne nous laissons pas intimider et nous continuerons \u00e0 prendre la rue, comme nous le jugeons n\u00e9cessaire.<\/p>\n<p>Nous ne resterons pas \u00e0 regarder sans rien faire, pendant que de plus en plus d\u2019antifascistes sont emprisonn\u00e9.es et doivent passer leur vie derri\u00e8re les barreaux.<\/p>\n<p>Continuons \u00e0 prendre la rue ensemble, en solidarit\u00e9 avec les camarades qui passent en jugement et contre le fascisme qui avance.<\/p>\n<p>Antifa signifie attaque !<\/p>\n<p><strong>Source:<\/strong> <a href=\"https:\/\/attaque.noblogs.org\/post\/2025\/11\/26\/leipzig-allemagne-manif-sauvage-en-solidarite-avec-les-antifascistes-qui-passent-en-jugement\/\" target=\"_blank\" rel=\"nofollow noopener\">Attaque.noblogs.org<\/a><br \/>\n\t\t<\/p>\n<p>\t\t\t\t\t\t\t\t<a href=\"https:\/\/www.libertaire.net\" class=\"forum-button\" style=\" border-top:0px\" target=\"_blank\" rel=\"noopener\"><\/p>\n<p>\t\t\t\t\tCommenter Dans Le Forum\t\t\t\t<\/a><\/p>\n","protected":false},"excerpt":{"rendered":"de.indymedia.org \/ samedi 22 novembre 2025 Manifestation sauvage dans le sud de Leipzig, en solidarit\u00e9 avec les antifascistes&hellip;\n","protected":false},"author":2,"featured_media":560875,"comment_status":"","ping_status":"","sticky":false,"template":"","format":"standard","meta":{"footnotes":""},"categories":[1587],"tags":[11,672,1804,1805,1803,1777,674,1801,12,1802],"class_list":{"0":"post-560874","1":"post","2":"type-post","3":"status-publish","4":"format-standard","5":"has-post-thumbnail","7":"category-allemagne","8":"tag-actualites","9":"tag-allemagne","10":"tag-bundesrepublik-deutschland","11":"tag-de","12":"tag-deutschland","13":"tag-eu","14":"tag-europe","15":"tag-germany","16":"tag-news","17":"tag-republique-federale-dallemagne"},"share_on_mastodon":{"url":"https:\/\/pubeurope.com\/@fr\/115618232934107835","error":""},"_links":{"self":[{"href":"https:\/\/www.europesays.com\/fr\/wp-json\/wp\/v2\/posts\/560874","targetHints":{"allow":["GET"]}}],"collection":[{"href":"https:\/\/www.europesays.com\/fr\/wp-json\/wp\/v2\/posts"}],"about":[{"href":"https:\/\/www.europesays.com\/fr\/wp-json\/wp\/v2\/types\/post"}],"author":[{"embeddable":true,"href":"https:\/\/www.europesays.com\/fr\/wp-json\/wp\/v2\/users\/2"}],"replies":[{"embeddable":true,"href":"https:\/\/www.europesays.com\/fr\/wp-json\/wp\/v2\/comments?post=560874"}],"version-history":[{"count":0,"href":"https:\/\/www.europesays.com\/fr\/wp-json\/wp\/v2\/posts\/560874\/revisions"}],"wp:featuredmedia":[{"embeddable":true,"href":"https:\/\/www.europesays.com\/fr\/wp-json\/wp\/v2\/media\/560875"}],"wp:attachment":[{"href":"https:\/\/www.europesays.com\/fr\/wp-json\/wp\/v2\/media?parent=560874"}],"wp:term":[{"taxonomy":"category","embeddable":true,"href":"https:\/\/www.europesays.com\/fr\/wp-json\/wp\/v2\/categories?post=560874"},{"taxonomy":"post_tag","embeddable":true,"href":"https:\/\/www.europesays.com\/fr\/wp-json\/wp\/v2\/tags?post=560874"}],"curies":[{"name":"wp","href":"https:\/\/api.w.org\/{rel}","templated":true}]}}