{"id":560878,"date":"2025-11-26T21:57:12","date_gmt":"2025-11-26T21:57:12","guid":{"rendered":"https:\/\/www.europesays.com\/fr\/560878\/"},"modified":"2025-11-26T21:57:12","modified_gmt":"2025-11-26T21:57:12","slug":"save-the-children-denonce-les-risques-accrus-pour-les-migrants-mineurs-lies-aux-politiques-de-lue","status":"publish","type":"post","link":"https:\/\/www.europesays.com\/fr\/560878\/","title":{"rendered":"Save the Children d\u00e9nonce les risques accrus pour les migrants mineurs li\u00e9s aux politiques de l\u2019UE"},"content":{"rendered":"<p class=\"mb-4 text-lg md:leading-8 break-words\">Selon un rapport de Save the Children publi\u00e9 mercredi, les r\u00e8gles de l&rsquo;Union europ\u00e9enne en mati\u00e8re de migration aggravent activement les risques encourus par les mineurs qui empruntent des itin\u00e9raires dangereux pour se rendre en Europe depuis le Soudan.<\/p>\n<p class=\"mb-4 text-lg md:leading-8 break-words\">L&rsquo;\u00e9tude montre que les efforts de l&rsquo;UE pour maintenir les demandeurs d&rsquo;asile dans les pays voisins, en fournissant un soutien financier et op\u00e9rationnel \u00e0 l&rsquo;Afrique du Nord, exposent les enfants \u00e0 des risques.<\/p>\n<p class=\"mb-4 text-lg md:leading-8 break-words\">L&rsquo;Union europ\u00e9enne multiplie les accords migratoires avec les pays d&rsquo;Afrique, investissant dans le soutien op\u00e9rationnel \u00e0 la gestion de leurs fronti\u00e8res afin d&#8217;emp\u00eacher les gens d&#8217;embarquer sur leurs c\u00f4tes pour des voyages souvent p\u00e9rilleux.<\/p>\n<p class=\"mb-4 text-lg md:leading-8 break-words\">En octobre, la pr\u00e9sidente de la Commission europ\u00e9enne, Ursula von der Leyen, a annonc\u00e9 que 675 millions d&rsquo;euros suppl\u00e9mentaires seraient accord\u00e9s aux pays d&rsquo;Afrique du Nord pour financer une \u00ab\u00a0gestion efficace des fronti\u00e8res\u00a0\u00bb au cours de la p\u00e9riode 2025-2027.<\/p>\n<p class=\"mb-4 text-lg md:leading-8 break-words\">\u00ab\u00a0L&rsquo;UE investit des centaines de millions dans le contr\u00f4le des fronti\u00e8res et des migrations sans garantir le respect des droits des enfants, alors qu&rsquo;elle est l\u00e9galement tenue de le faire\u00a0\u00bb, d\u00e9plore Federica Toscano, experte en migrations chez Save the Children, dans un communiqu\u00e9.<\/p>\n<p class=\"mb-4 text-lg md:leading-8 break-words\">&lsquo;L&rsquo;une des cons\u00e9quences de ces investissements sans protection ad\u00e9quate des personnes impliqu\u00e9es est la violation croissante des droits de l&rsquo;enfant\u00a0\u00bb, poursuit-elle.<\/p>\n<p class=\"mb-4 text-lg md:leading-8 break-words\">Euronews a contact\u00e9 la Commission europ\u00e9enne pour obtenir un commentaire sur le rapport, mais n&rsquo;a pas obtenu de r\u00e9ponse au moment de la publication.<\/p>\n<p>Du Soudan \u00e0 l&rsquo;Europe<\/p>\n<p class=\"mb-4 text-lg md:leading-8 break-words\">Le rapport de Save the Children se concentre sur les itin\u00e9raires du Soudan vers l&rsquo;\u00c9gypte, la Libye, la Gr\u00e8ce et les Balkans occidentaux, et se base sur des entretiens avec 66 enfants, 19 experts et 11 personnes s&rsquo;occupant d&rsquo;enfants.<\/p>\n<p class=\"mb-4 text-lg md:leading-8 break-words\">L&rsquo;ONG rapporte que tous les mineurs interrog\u00e9s en Libye ont \u00e9t\u00e9 victimes de graves violences, d&rsquo;exploitation sexuelle, d&rsquo;extorsion et de d\u00e9tention \u00e0 long terme par des groupes arm\u00e9s.<\/p>\n<p class=\"mb-4 text-lg md:leading-8 break-words\">En Gr\u00e8ce, des enfants ont d\u00e9clar\u00e9 avoir \u00e9t\u00e9 poursuivis en tant que trafiquants, et dans les Balkans occidentaux, un demandeur d&rsquo;asile sur cinq interrog\u00e9 par l&rsquo;organisation a subi des refoulements violents de la part de la police des fronti\u00e8res.<\/p>\n<p class=\"mb-4 text-lg md:leading-8 break-words\">Selon les donn\u00e9es de l&rsquo;agence europ\u00e9enne des fronti\u00e8res Frontex, le nombre de demandeurs d&rsquo;asile arrivant aux fronti\u00e8res de l&rsquo;Europe a diminu\u00e9 ces derni\u00e8res ann\u00e9es. Cela peut s&rsquo;expliquer en partie par les investissements r\u00e9alis\u00e9s par l&rsquo;UE dans les principaux pays de d\u00e9part des migrants clandestins, notamment la Tunisie, la Libye et la Mauritanie.<\/p>\n<p class=\"mb-4 text-lg md:leading-8 break-words\">L&rsquo;UE fournit principalement des \u00e9quipements terrestres et maritimes ainsi qu&rsquo;une formation op\u00e9rationnelle aux forces frontali\u00e8res et aux garde-c\u00f4tes locaux. L&rsquo;UE d\u00e9l\u00e8gue g\u00e9n\u00e9ralement la mise en \u0153uvre de ses investissements \u00e0 Frontex, aux bras op\u00e9rationnels des gouvernements europ\u00e9ens ou \u00e0 des organisations priv\u00e9es.<\/p>\n<p class=\"mb-4 text-lg md:leading-8 break-words\">Toutefois, selon Save the Children, si le nombre d&rsquo;arriv\u00e9es est en baisse, le nombre de mineurs tentant d&rsquo;atteindre les c\u00f4tes europ\u00e9ennes reste \u00e9lev\u00e9.<\/p>\n<p class=\"mb-4 text-lg md:leading-8 break-words\">L&rsquo;accent mis unilat\u00e9ralement sur l&rsquo;application stricte des fronti\u00e8res pousse les flux migratoires \u00ab\u00a0dans la clandestinit\u00e9\u00a0\u00bb, explique le rapport, \u00ab\u00a0conduisant les enfants non accompagn\u00e9s entre les mains des passeurs et les rendant invisibles pour les syst\u00e8mes de protection\u00a0\u00bb.<\/p>\n","protected":false},"excerpt":{"rendered":"Selon un rapport de Save the Children publi\u00e9 mercredi, les r\u00e8gles de l&rsquo;Union europ\u00e9enne en mati\u00e8re de migration&hellip;\n","protected":false},"author":2,"featured_media":560879,"comment_status":"","ping_status":"","sticky":false,"template":"","format":"standard","meta":{"footnotes":""},"categories":[1586],"tags":[11,2196,1777,674,1779,1011,27,6636,12,67757,67758,25,67756,1778,364],"class_list":{"0":"post-560878","1":"post","2":"type-post","3":"status-publish","4":"format-standard","5":"has-post-thumbnail","7":"category-europe","8":"tag-actualites","9":"tag-commission-europeenne","10":"tag-eu","11":"tag-europe","12":"tag-european-union","13":"tag-fr","14":"tag-france","15":"tag-mineurs","16":"tag-news","17":"tag-pays-dafrique","18":"tag-police-des-frontieres","19":"tag-republique-francaise","20":"tag-save-the-children","21":"tag-ue","22":"tag-union-europeenne"},"share_on_mastodon":{"url":"https:\/\/pubeurope.com\/@fr\/115618240880051802","error":""},"_links":{"self":[{"href":"https:\/\/www.europesays.com\/fr\/wp-json\/wp\/v2\/posts\/560878","targetHints":{"allow":["GET"]}}],"collection":[{"href":"https:\/\/www.europesays.com\/fr\/wp-json\/wp\/v2\/posts"}],"about":[{"href":"https:\/\/www.europesays.com\/fr\/wp-json\/wp\/v2\/types\/post"}],"author":[{"embeddable":true,"href":"https:\/\/www.europesays.com\/fr\/wp-json\/wp\/v2\/users\/2"}],"replies":[{"embeddable":true,"href":"https:\/\/www.europesays.com\/fr\/wp-json\/wp\/v2\/comments?post=560878"}],"version-history":[{"count":0,"href":"https:\/\/www.europesays.com\/fr\/wp-json\/wp\/v2\/posts\/560878\/revisions"}],"wp:featuredmedia":[{"embeddable":true,"href":"https:\/\/www.europesays.com\/fr\/wp-json\/wp\/v2\/media\/560879"}],"wp:attachment":[{"href":"https:\/\/www.europesays.com\/fr\/wp-json\/wp\/v2\/media?parent=560878"}],"wp:term":[{"taxonomy":"category","embeddable":true,"href":"https:\/\/www.europesays.com\/fr\/wp-json\/wp\/v2\/categories?post=560878"},{"taxonomy":"post_tag","embeddable":true,"href":"https:\/\/www.europesays.com\/fr\/wp-json\/wp\/v2\/tags?post=560878"}],"curies":[{"name":"wp","href":"https:\/\/api.w.org\/{rel}","templated":true}]}}