{"id":560890,"date":"2025-11-26T22:09:13","date_gmt":"2025-11-26T22:09:13","guid":{"rendered":"https:\/\/www.europesays.com\/fr\/560890\/"},"modified":"2025-11-26T22:09:13","modified_gmt":"2025-11-26T22:09:13","slug":"mayenne-v-and-b-monbana-leffectif-2026-actualite","status":"publish","type":"post","link":"https:\/\/www.europesays.com\/fr\/560890\/","title":{"rendered":"Mayenne-V and B-Monbana : L\u2019effectif 2026 &#8211; Actualit\u00e9"},"content":{"rendered":"<p style=\"text-align: justify;\">Quinze coureurs composent l\u2019effectif 2026 de la N1 de Mayenne-V and B-Monbana. Le club mayennais compte neuf recrues. Arriv\u00e9 l\u2019an pass\u00e9, Tom Mainguenaud repasse chez les professionnels et s\u2019est engag\u00e9 avec la Continentale de Nice M\u00e9tropole C\u00f4te d\u2019Azur.<br \/>Cette saison, Mayenne-V and B-Monbana a termin\u00e9\u00a07e du Challenge DirectVelo des N1 et 11e de la Coupe de France.<\/p>\n<p><strong>L\u2019effectif 2026 de Mayenne-V and B-Monbana :<\/strong><br \/>Alex Beldon, 20 ans (Israel-Premier Tech Academy)<br \/>Erwan Besnier, 23 ans<br \/>Alix Brissaire, 19 ans<br \/>Diego Charteau, 20 ans (Vend\u00e9e U)<br \/>Ben Chilton, 22 ans<br \/>Luca De Vincenzi, 25 ans (OCF Team Legend Wheels)<br \/>Mathieu Dup\u00e9, 21 ans<br \/>Th\u00e9o Fairier, 22 ans<br \/>Owen Foucoin, 18 ans (Laval Cyclisme 53 Juniors)<br \/>Florian Gaillard, 20 ans (Dinan Sport Cycling)<br \/>Thomas Garel, 24 ans (UC Cholet 49)<br \/>Hugo Millet, 23 ans<br \/>Hans Rullier, 21 ans (VC Pays de Loud\u00e9ac)<br \/>Paul Thierry, 19 ans (Ark\u00e9a-B&amp;B H\u00f4tels Conti)<br \/>Jules Vaugrenard, 19 ans (Team Adris-La Cr\u00eape de Broc\u00e9liande-BLC)<\/p>\n<p>Les principaux d\u00e9parts : Tom Mainguenaud (Nice M\u00e9tropole C\u00f4te d&rsquo;Azur), Th\u00e9odore Sabina (ESEG Douai) et Martin Orri\u00e8re (Arr\u00eat).<\/p>\n","protected":false},"excerpt":{"rendered":"Quinze coureurs composent l\u2019effectif 2026 de la N1 de Mayenne-V and B-Monbana. Le club mayennais compte neuf recrues.&hellip;\n","protected":false},"author":2,"featured_media":560891,"comment_status":"","ping_status":"","sticky":false,"template":"","format":"standard","meta":{"footnotes":""},"categories":[1411],"tags":[834,828,836,829,837,827,83,826,824,823,1154,207,814,817,815,816,822,821,832,211,839,1011,27,820,818,819,835,831,830,833,838,60,212,208,825],"class_list":{"0":"post-560890","1":"post","2":"type-post","3":"status-publish","4":"format-standard","5":"has-post-thumbnail","7":"category-cyclisme","8":"tag-attaque","9":"tag-belgique","10":"tag-braquet","11":"tag-bretagne","12":"tag-chute","13":"tag-competition","14":"tag-coupe-de-france","15":"tag-coureur","16":"tag-course-cyclisme","17":"tag-course-cycliste","18":"tag-cycling","19":"tag-cyclisme","20":"tag-direct","21":"tag-direct-velo","22":"tag-directvelo","23":"tag-directvelo-com","24":"tag-epreuve","25":"tag-epreuve-cycliste","26":"tag-federation-francaise-de-cyclisme","27":"tag-ffc","28":"tag-flandres","29":"tag-fr","30":"tag-france","31":"tag-live","32":"tag-live-course","33":"tag-live-epreuve","34":"tag-peloton","35":"tag-radio-peloton","36":"tag-radio-tour","37":"tag-ravitaillement","38":"tag-relance","39":"tag-sports","40":"tag-uci","41":"tag-velo","42":"tag-velos"},"share_on_mastodon":{"url":"https:\/\/pubeurope.com\/@fr\/115618287850031923","error":""},"_links":{"self":[{"href":"https:\/\/www.europesays.com\/fr\/wp-json\/wp\/v2\/posts\/560890","targetHints":{"allow":["GET"]}}],"collection":[{"href":"https:\/\/www.europesays.com\/fr\/wp-json\/wp\/v2\/posts"}],"about":[{"href":"https:\/\/www.europesays.com\/fr\/wp-json\/wp\/v2\/types\/post"}],"author":[{"embeddable":true,"href":"https:\/\/www.europesays.com\/fr\/wp-json\/wp\/v2\/users\/2"}],"replies":[{"embeddable":true,"href":"https:\/\/www.europesays.com\/fr\/wp-json\/wp\/v2\/comments?post=560890"}],"version-history":[{"count":0,"href":"https:\/\/www.europesays.com\/fr\/wp-json\/wp\/v2\/posts\/560890\/revisions"}],"wp:featuredmedia":[{"embeddable":true,"href":"https:\/\/www.europesays.com\/fr\/wp-json\/wp\/v2\/media\/560891"}],"wp:attachment":[{"href":"https:\/\/www.europesays.com\/fr\/wp-json\/wp\/v2\/media?parent=560890"}],"wp:term":[{"taxonomy":"category","embeddable":true,"href":"https:\/\/www.europesays.com\/fr\/wp-json\/wp\/v2\/categories?post=560890"},{"taxonomy":"post_tag","embeddable":true,"href":"https:\/\/www.europesays.com\/fr\/wp-json\/wp\/v2\/tags?post=560890"}],"curies":[{"name":"wp","href":"https:\/\/api.w.org\/{rel}","templated":true}]}}