{"id":560893,"date":"2025-11-26T22:11:16","date_gmt":"2025-11-26T22:11:16","guid":{"rendered":"https:\/\/www.europesays.com\/fr\/560893\/"},"modified":"2025-11-26T22:11:16","modified_gmt":"2025-11-26T22:11:16","slug":"sonia-mabrouk-annonce-un-heureux-evenement-sur-les-reseaux-sociaux-la-journaliste-et-presentatrice-de-cnews-attend-son-deuxieme-enfant","status":"publish","type":"post","link":"https:\/\/www.europesays.com\/fr\/560893\/","title":{"rendered":"Sonia Mabrouk annonce un heureux \u00e9v\u00e9nement sur les r\u00e9seaux sociaux: La journaliste et pr\u00e9sentatrice de CNews attend son deuxi\u00e8me enfant !"},"content":{"rendered":"<p>C&rsquo;est sur les r\u00e9seaux sociaux que Sonia Mabrouk a annonc\u00e9 une bonne nouvelle ce mercredi. La journaliste va \u00eatre maman pour la deuxi\u00e8me fois !\u00a0Sur les r\u00e9seaux, elle a en effet post\u00e9 une photo de sa petite-fille Soraya en train de regarder une \u00e9chographie.\u00a0<\/p>\n<p>Un visuel accompagn\u00e9 du message: \u00ab\u00a0Soraya veille d\u00e9j\u00e0 sur son petit fr\u00e8re\u00a0\u00bb.<\/p>\n<p>Rappelons que le 26 juillet 2024, Sonia Mabrouk d\u00e9couvrait les joies de la maternit\u00e9 avec la naissance de sa fille Soraya, un pr\u00e9nom choisi en hommage \u00e0 sa propre m\u00e8re.<\/p>\n<p>D\u00e9but juillet,\u00a0dans \u00ab\u00a0L&rsquo;heure des pros\u00a0\u00bb sur CNews, Pascal Praud et son \u00e9quipe avaient d&rsquo;ailleurs eu une visite surprise sur le plateau de l&rsquo;\u00e9mission. \u00ab\u00a0On dit souvent que CNews est une famille. Figurez-vous, notre amie Sonia Mabrouk est pass\u00e9e nous voir avec Soraya\u00a0\u00bb, avait-il d\u00e9clar\u00e9. Les t\u00e9l\u00e9spectateurs avaient pu d\u00e9couvrir furtivement \u00e0 l&rsquo;antenne le b\u00e9b\u00e9 de la journaliste.<\/p>\n<p>\u00ab\u00a0On est une vraie famille. Je voulais vous saluer. Vous dire combien \u00e9videmment on vous aime tous tr\u00e8s sinc\u00e8rement, y compris Soraya. Je voulais vous souhaiter plein de bonnes choses, pour nos t\u00e9l\u00e9spectateurs et pour vous tous. On vous regarde depuis la maison. On vous suit\u00a0\u00bb, avait indiqu\u00e9 Sonia Mabrouk.<\/p>\n<p><img loading=\"lazy\" decoding=\"async\" src=\"https:\/\/www.europesays.com\/fr\/wp-content\/uploads\/2025\/11\/capture_decran_2025-11-26_a_17.03.13.jpg\" width=\"742\" height=\"1182\"\/><\/p>\n","protected":false},"excerpt":{"rendered":"C&rsquo;est sur les r\u00e9seaux sociaux que Sonia Mabrouk a annonc\u00e9 une bonne nouvelle ce mercredi. La journaliste va&hellip;\n","protected":false},"author":2,"featured_media":560894,"comment_status":"","ping_status":"","sticky":false,"template":"","format":"standard","meta":{"footnotes":""},"categories":[1359],"tags":[14735,9722,58,847,59,1011,27,973,18853],"class_list":{"0":"post-560893","1":"post","2":"type-post","3":"status-publish","4":"format-standard","5":"has-post-thumbnail","7":"category-people","8":"tag-bu00e9bu00e9","9":"tag-cnews","10":"tag-divertissement","11":"tag-enfant","12":"tag-entertainment","13":"tag-fr","14":"tag-france","15":"tag-people","16":"tag-sonia-mabrouk"},"share_on_mastodon":{"url":"https:\/\/pubeurope.com\/@fr\/115618296516550115","error":""},"_links":{"self":[{"href":"https:\/\/www.europesays.com\/fr\/wp-json\/wp\/v2\/posts\/560893","targetHints":{"allow":["GET"]}}],"collection":[{"href":"https:\/\/www.europesays.com\/fr\/wp-json\/wp\/v2\/posts"}],"about":[{"href":"https:\/\/www.europesays.com\/fr\/wp-json\/wp\/v2\/types\/post"}],"author":[{"embeddable":true,"href":"https:\/\/www.europesays.com\/fr\/wp-json\/wp\/v2\/users\/2"}],"replies":[{"embeddable":true,"href":"https:\/\/www.europesays.com\/fr\/wp-json\/wp\/v2\/comments?post=560893"}],"version-history":[{"count":0,"href":"https:\/\/www.europesays.com\/fr\/wp-json\/wp\/v2\/posts\/560893\/revisions"}],"wp:featuredmedia":[{"embeddable":true,"href":"https:\/\/www.europesays.com\/fr\/wp-json\/wp\/v2\/media\/560894"}],"wp:attachment":[{"href":"https:\/\/www.europesays.com\/fr\/wp-json\/wp\/v2\/media?parent=560893"}],"wp:term":[{"taxonomy":"category","embeddable":true,"href":"https:\/\/www.europesays.com\/fr\/wp-json\/wp\/v2\/categories?post=560893"},{"taxonomy":"post_tag","embeddable":true,"href":"https:\/\/www.europesays.com\/fr\/wp-json\/wp\/v2\/tags?post=560893"}],"curies":[{"name":"wp","href":"https:\/\/api.w.org\/{rel}","templated":true}]}}