{"id":560895,"date":"2025-11-26T22:12:40","date_gmt":"2025-11-26T22:12:40","guid":{"rendered":"https:\/\/www.europesays.com\/fr\/560895\/"},"modified":"2025-11-26T22:12:40","modified_gmt":"2025-11-26T22:12:40","slug":"5-oeuvres-qui-ont-fait-scandale","status":"publish","type":"post","link":"https:\/\/www.europesays.com\/fr\/560895\/","title":{"rendered":"5 \u0153uvres qui ont fait scandale"},"content":{"rendered":"<p>P\u00e9titions, censure et s\u00e9isme m\u00e9diatique\u2026 De Robert Mapplethorpe \u00e0 Balthus,\u00a0Num\u00e9ro revient sur 5 \u0153uvres d\u2019art qui ont fait scandale et secou\u00e9 le monde de l\u2019art.<\/p>\n<li class=\"credits d-flex\">\n<p>\n\t\t\t\t\t\t\t\t\t\t\tPar \t\t\t\t\t\t\t\t\t\t\t\t\t\t\t\t\t\t\t\t\t\t\t<a href=\"https:\/\/numero.com\/contributor\/alexis-thibault\/\" target=\"_blank\" rel=\"noopener\">Alexis Thibault<\/a>.\t\t\t\t\t\t\t\t\t\t\t\t\t\t\t\t\t\t\t\t\t<\/p>\n<\/li>\n<p class=\"edition-date\">Publi\u00e9 le 14 f\u00e9vrier 2018. Modifi\u00e9 le 25 novembre 2025.<\/p>\n<p><img loading=\"lazy\" decoding=\"async\" width=\"933\" height=\"1200\" data-wp-class--hide=\"state.isContentHidden\" data-wp-class--show=\"state.isContentVisible\" data-wp-init=\"callbacks.setButtonStyles\" data-wp-on-async--click=\"actions.showLightbox\" data-wp-on-async--load=\"callbacks.setButtonStyles\" data-wp-on-async-window--resize=\"callbacks.setButtonStyles\" src=\"data:image\/svg+xml,%3Csvg%20xmlns=\" http:=\"\" alt=\"\u201cMan in Polyester Suit\u201d, Robert Mapplethorpe, 1980.\" class=\"wp-image-422069\" data-lazy- data-lazy- data-lazy-src=\"https:\/\/www.europesays.com\/fr\/wp-content\/uploads\/2025\/11\/man-in-polyester-suit-mapplethorpe-numero-magazine.jpg\"\/><\/p>\n<p>\t\t\u201cMan in Polyester Suit\u201d, Robert Mapplethorpe, 1980.<\/p>\n<p>Quand la censure et le scandale frappent le monde de l\u2019art <\/p>\n<p>Le tableau Hylas et les Nymphes (1896) de <strong>John W. Waterhouse <\/strong>ne peut plus \u00eatre expos\u00e9. La directrice de la Manchester Art Gallery, o\u00f9 il \u00e9tait pr\u00e9sent\u00e9 jusqu\u2019alors, l\u2019admet elle-m\u00eame : \u201cCe mus\u00e9e montre le corps f\u00e9minin soit comme une forme d\u00e9corative et passive, soit comme une femme fatale. D\u00e9boulonnons ces clich\u00e9s de l\u2019\u00e9poque victorienne !\u201d Dans la toile, alors qu\u2019il puise de l\u2019eau \u00e0 la cascade, Hylas rencontre des nymphes qui, s\u00e9duites par sa beaut\u00e9, l\u2019entra\u00eenent dans les profondeurs\u2026 Pour <strong>Clare Gannaway<\/strong>, l\u2019\u0153uvre serait tout simplement sexiste.<\/p>\n<p>La toile de 1896 est ainsi rel\u00e9gu\u00e9e dans les r\u00e9serves du mus\u00e9e. \u00c0 sa place : un rectangle blanc couvert de Post-it, invitant des visiteurs m\u00e9dus\u00e9s \u00e0 r\u00e9agir \u00e0 cette d\u00e9cision. Nous sommes le 26 janvier 2018, en pleine \u00e8re #MeToo. Et cette censure s\u2019av\u00e8re finalement n\u2019\u00eatre qu\u2019un coup de communication spectaculaire, une mise en sc\u00e8ne annon\u00e7ant l\u2019exposition de l\u2019artiste <strong>Sonia Boyce<\/strong> \u00e0 la Manchester Art Gallery.<\/p>\n<p>L\u2019\u00e9v\u00e8nement pose justement la question essentielle : pourquoi censurer ? Quand l\u2019interdiction devient-elle l\u00e9gitime ? Au nom de quelles convictions morales, religieuses ou esth\u00e9tiques ? Et que dit la loi ? Num\u00e9ro revient sur cinq scandales qui ont \u00e9clabouss\u00e9 des \u0153uvres et leurs auteurs.<\/p>\n<p>Robert Mapplethorpe et la photographie os\u00e9e de son amant<\/p>\n<p>\u00a0En 1980, le photographe am\u00e9ricain <strong><a href=\"https:\/\/numero.com\/mode\/les-cliches-sulfureux-de-robert-mapplethorpe-exposes-chez-saint-laurent-rive-droite\/\" target=\"_blank\" rel=\"noopener\">Robert Mapplethorpe<\/a><\/strong> (1946-1989) immortalise son amant et grand amour, <strong>Milton Moore<\/strong>. \u00c9l\u00e9gamment v\u00eatu d\u2019un costume trois pi\u00e8ces, l\u2019ancien d\u00e9serteur de la marine y r\u00e9v\u00e8le, sans d\u00e9tour, son sexe. Mapplethorpe intitule sobrement ce clich\u00e9 Man in Polyester Suit (1980). Pr\u00e8s de trente-cinq ans plus tard, cette photographie aux somptueux contrastes se vendra plus de 420 000 euros lors d\u2019une vente aux ench\u00e8res.<\/p>\n<p>Pourtant, en 1988, alors que le photographe livre un combat acharn\u00e9 contre le sida, l\u2019Institut d\u2019art contemporain de Philadelphie d\u00e9cide de lui rendre hommage. Man in Polyester Suit, d\u00e9j\u00e0 montr\u00e9 dans de nombreuses galeries, figure \u00e0 nouveau dans cette r\u00e9trospective intitul\u00e9e The Perfect Moment. Mais surprise : pour <strong>Jesse Helms<\/strong>, s\u00e9nateur de Caroline du Nord, c\u2019est l\u2019accrochage de trop. Selon lui, cette \u201c\u0153uvre\u201d heurte la morale puritaine am\u00e9ricaine et glorifie un art \u201csale et d\u00e9g\u00e9n\u00e9r\u00e9\u201d.<\/p>\n<p>Pire encore : l\u2019exposition a b\u00e9n\u00e9fici\u00e9 de fonds publics, quelque 30 000 dollars ayant \u00e9t\u00e9 attribu\u00e9s \u00e0 la r\u00e9trospective. Scandale imm\u00e9diat. Les s\u00e9nateurs conservateurs se mobilisent alors pour emp\u00eacher toute pr\u00e9sentation future du travail de Mapplethorpe.<\/p>\n<p><img loading=\"lazy\" decoding=\"async\" width=\"1600\" height=\"1067\" data-wp-class--hide=\"state.isContentHidden\" data-wp-class--show=\"state.isContentVisible\" data-wp-init=\"callbacks.setButtonStyles\" data-wp-on-async--click=\"actions.showLightbox\" data-wp-on-async--load=\"callbacks.setButtonStyles\" data-wp-on-async-window--resize=\"callbacks.setButtonStyles\" src=\"data:image\/svg+xml,%3Csvg%20xmlns=\" http:=\"\" alt=\"\" class=\"wp-image-422083\" data-lazy- data-lazy- data-lazy-src=\"https:\/\/www.europesays.com\/fr\/wp-content\/uploads\/2025\/11\/maurizio-cattelan-not-afraid-of-love-avis-monnaie-de-paris-critique-la-nona-ora-novencento-photo-by-.jpeg\"\/><\/p>\n<p>\t\t\u201cLa Nona Ora\u201d, Maurizio Cattelan, 1999.<\/p>\n<p>L\u2019impertinence ravageuse de Maurizio Cattelan<\/p>\n<p>Le pape <strong>Jean-Paul II<\/strong> terrass\u00e9 par une m\u00e9t\u00e9orite : en 1999, l\u2019artiste italien <strong><a href=\"https:\/\/numero.com\/art\/art-art\/maurizio-cattelan-exposition-centre-pompidou-metz\/\" target=\"_blank\" rel=\"noopener\">Maurizio Cattelan<\/a><\/strong> d\u00e9voile La nona ora (La neuvi\u00e8me heure), sculpture grandeur nature repr\u00e9sentant le souverain pontife, en soutane blanche, \u00e9tendu sur une moquette rouge et cramponn\u00e9 \u00e0 sa f\u00e9rule. Cette sc\u00e8ne burlesque, o\u00f9 le pape devient paradoxalement la victime d\u2019un \u00e9l\u00e9ment c\u00e9leste, provoque imm\u00e9diatement un toll\u00e9.<\/p>\n<p>Lors de son exposition \u00e0 la Zacheta Gallery of Contemporary Art de Varsovie, en Pologne, pays natal du pape canonis\u00e9, l\u2019indignation atteint son comble. Un homme politique local tente de vandaliser l\u2019\u0153uvre \u201cau nom de la dignit\u00e9 du Saint-P\u00e8re\u201d. Il poussera la directrice du mus\u00e9e, <strong>Anda Rottenberg<\/strong>, \u00e0 la d\u00e9mission.<\/p>\n<p>Fascin\u00e9 par le pouvoir des images, Cattelan con\u00e7oit La nona ora comme une \u0153uvre cathartique. Pour lui, l\u2019art doit poser les questions plut\u00f4t que fournir les r\u00e9ponses. \u201cLe contexte d\u2019une \u0153uvre fait partie int\u00e9grante de sa signification, tout comme le point de vue, culturel, psychologique, social, de celui qui la regarde. L\u2019art est un territoire que chacun peut explorer sans alphabet commun, confie-t-il \u00e0 Num\u00e9ro. Et pourtant, personne n\u2019en retirera les m\u00eames sensations ni la m\u00eame exp\u00e9rience que son compagnon de voyage.\u201d<\/p>\n<p><img loading=\"lazy\" decoding=\"async\" width=\"945\" height=\"1076\" data-wp-class--hide=\"state.isContentHidden\" data-wp-class--show=\"state.isContentVisible\" data-wp-init=\"callbacks.setButtonStyles\" data-wp-on-async--click=\"actions.showLightbox\" data-wp-on-async--load=\"callbacks.setButtonStyles\" data-wp-on-async-window--resize=\"callbacks.setButtonStyles\" src=\"data:image\/svg+xml,%3Csvg%20xmlns=\" http:=\"\" alt=\"\" class=\"wp-image-422098\" data-lazy- data-lazy- data-lazy-src=\"https:\/\/www.europesays.com\/fr\/wp-content\/uploads\/2025\/11\/therese-dreaming-1938.jpeg\"\/><\/p>\n<p>\t\t\u201cTh\u00e9r\u00e8se r\u00eavant\u201d, Balthus, 1938.<\/p>\n<p>Balthus et son penchant pervers pour la jeunesse<\/p>\n<p>Voyeurisme ou perversion ? En d\u00e9cembre 2017, une \u0153uvre du peintre fran\u00e7ais d\u2019origine polonaise Balthasar Klossowski, dit <strong>Balthus<\/strong>, se retrouve au c\u0153ur d\u2019une pol\u00e9mique. La c\u00e9l\u00e8bre toile Th\u00e9r\u00e8se r\u00eavant (1938), repr\u00e9sentant une jeune voisine en jupon rouge, le corps abandonn\u00e9, scandalise une certaine <strong>Mia Merrill<\/strong>. Elle lance aussit\u00f4t une p\u00e9tition demandant au Metropolitan Museum of Art (MET) de retirer l\u2019\u0153uvre : \u201cJe demande simplement que le MET soit plus vigilant quant aux toiles qu\u2019il expose et comprenne ce qu\u2019elles insinuent.\u201d<\/p>\n<p>En pleine affaire <strong>Weinstein<\/strong>, Mia Merrill r\u00e9colte plus de 9 000 signatures en quelques jours, sans pour autant convaincre <strong>Kenneth Weine<\/strong>, porte-parole du mus\u00e9e, pour qui \u201cl\u2019art refl\u00e8te diff\u00e9rentes p\u00e9riodes, et non pas seulement la n\u00f4tre\u201d. L\u2019\u00e9rotisme latent de la toile, confront\u00e9 \u00e0 la jeunesse du mod\u00e8le, ravive in\u00e9vitablement les soup\u00e7ons entourant Balthus, mort en 2001. Le go\u00fbter ou La jeune fille \u00e0 la guitare avaient d\u00e9j\u00e0 suscit\u00e9 le scandale. Tout comme l\u2019exposition Balthus : Cats and Girls \u2014 Paintings and Provocations.<\/p>\n<p>La sexualisation de l\u2019enfance dans l\u2019art devient alors un terrain de d\u00e9bat br\u00fblant, o\u00f9 s\u2019affrontent libert\u00e9 artistique, morale contemporaine et relecture critique du pass\u00e9.<\/p>\n<p><img loading=\"lazy\" decoding=\"async\" width=\"1200\" height=\"1746\" data-wp-class--hide=\"state.isContentHidden\" data-wp-class--show=\"state.isContentVisible\" data-wp-init=\"callbacks.setButtonStyles\" data-wp-on-async--click=\"actions.showLightbox\" data-wp-on-async--load=\"callbacks.setButtonStyles\" data-wp-on-async-window--resize=\"callbacks.setButtonStyles\" src=\"data:image\/svg+xml,%3Csvg%20xmlns=\" http:=\"\" alt=\"\" class=\"wp-image-422112\" data-lazy- data-lazy- data-lazy-src=\"https:\/\/www.europesays.com\/fr\/wp-content\/uploads\/2025\/11\/pieta-paul-fryer.jpg\"\/><\/p>\n<p>\t\t\u201cPiet\u00e0 (The Empire Never Ended)\u201d, Paul Fryer, 2007.<\/p>\n<p>Paul\u00a0Frayer et sa vision du martyre du Christ<\/p>\n<p>En 2007, l\u2019artiste londonien <strong>Paul Fryer<\/strong> pr\u00e9sente Pieta (The Empire Never Ended). Une sculpture en cire ultra-r\u00e9aliste repr\u00e9sentant le Christ assis sur une chaise \u00e9lectrique, sa propre relecture de la crucifixion et du martyr. La presse s\u2019attend alors \u00e0 une lev\u00e9e de boucliers de la part de l\u2019\u00c9glise. Pourtant, un homme de foi prend tout le monde \u00e0 contre-pied. En avril 2009, Mgr Jean-Michel di Falco L\u00e9andri, \u00e9v\u00eaque de Gap et d\u2019Embrun (Hautes-Alpes), accueille l\u2019\u0153uvre choc dans la cath\u00e9drale de Gap.<\/p>\n<p>\u201cLe scandale n\u2019est pas l\u00e0 o\u00f9 on le croit, souligne-t-il. Le scandale, ce n\u2019est pas le Christ assis sur une chaise \u00e9lectrique. Si le Christ \u00e9tait condamn\u00e9 aujourd\u2019hui, on utiliserait les instruments barbares encore en vigueur dans certains pays. Le scandale, c\u2019est notre indiff\u00e9rence devant la croix du Christ.\u201d En s\u2019emparant de l\u2019objet controvers\u00e9 et en renversant le discours, Mgr di Falco L\u00e9andri r\u00e9ussit un v\u00e9ritable tour de force, attirant au passage un nombre consid\u00e9rablement accru de visiteurs dans la cath\u00e9drale.<\/p>\n<p><img loading=\"lazy\" decoding=\"async\" width=\"2364\" height=\"1329\" data-wp-class--hide=\"state.isContentHidden\" data-wp-class--show=\"state.isContentVisible\" data-wp-init=\"callbacks.setButtonStyles\" data-wp-on-async--click=\"actions.showLightbox\" data-wp-on-async--load=\"callbacks.setButtonStyles\" data-wp-on-async-window--resize=\"callbacks.setButtonStyles\" src=\"data:image\/svg+xml,%3Csvg%20xmlns=\" http:=\"\" alt=\"\" class=\"wp-image-422124\" data-lazy- data-lazy- data-lazy-src=\"https:\/\/www.europesays.com\/fr\/wp-content\/uploads\/2025\/11\/louvre-bans-atelier-van-lieshout-sculpture-news_dezeen_2364_hero-1.jpg\"\/><\/p>\n<p>\t\t\u201cDomestikator\u201d,  l\u2019Atelier Van Lieshout, 2016.<\/p>\n<p>Domestikator\u00a0ou la structure levrette qui d\u00e9range<\/p>\n<p>D\u00e9mesur\u00e9e, la sculpture-architecture habitable de l\u2019Atelier Van Lieshout ne fait pas l\u2019unanimit\u00e9. Culminant \u00e0 douze m\u00e8tres de hauteur, cette \u0153uvre a \u00e9t\u00e9 refus\u00e9e en octobre dernier par la direction du Louvre dans le cadre du programme \u201chors les murs\u201d de la FIAC 2017. Cette cr\u00e9ation provocatrice, qui repr\u00e9sente un couple en position de levrette, n\u2019a donc jamais tr\u00f4n\u00e9 dans le jardin des Tuileries. Le mus\u00e9e justifie sa d\u00e9cision. \u201cDes l\u00e9gendes circulent sur Internet et attribuent \u00e0 cette \u0153uvre une vision trop brutale. Elle pourrait \u00eatre mal per\u00e7ue par le public traditionnel du jardin des Tuileries.\u201d<\/p>\n<p>Pour le N\u00e9erlandais <strong>Joep Van Lieshout,<\/strong> auteur de cette pi\u00e8ce acclam\u00e9e en Allemagne, la sc\u00e8ne sexuelle explicite symbolise pourtant l\u2019ing\u00e9niosit\u00e9 humaine et la domestication de la nature. Baptis\u00e9e Domestikator, l\u2019\u0153uvre \u00e9voque immanquablement le Dirty Corner d\u2019Anish Kapoor. Une repr\u00e9sentation XXL du \u201cvagin de la reine\u201d qui avait secou\u00e9 les jardins de Versailles en 2015.<\/p>\n<p>Finalement, Domestikator, \u00e0 la fois surprenante et ludique, trouvera refuge \u00e0 la lisi\u00e8re du Centre Pompidou d\u00e8s le 17 octobre 2017. Elle sera qualifi\u00e9e par son directeur <strong>Bernard Blist\u00e8ne<\/strong> de \u201cmagnifique utopie en prise avec l\u2019espace public\u201d.<\/p>\n","protected":false},"excerpt":{"rendered":"P\u00e9titions, censure et s\u00e9isme m\u00e9diatique\u2026 De Robert Mapplethorpe \u00e0 Balthus,\u00a0Num\u00e9ro revient sur 5 \u0153uvres d\u2019art qui ont fait&hellip;\n","protected":false},"author":2,"featured_media":560896,"comment_status":"","ping_status":"","sticky":false,"template":"","format":"standard","meta":{"footnotes":""},"categories":[1358],"tags":[1348,1384,1385,67759,1386,58,59,1011,27,23256,67760,1747],"class_list":{"0":"post-560895","1":"post","2":"type-post","3":"status-publish","4":"format-standard","5":"has-post-thumbnail","7":"category-arts-et-design","8":"tag-arts","9":"tag-arts-and-design","10":"tag-arts-et-design","11":"tag-balthus","12":"tag-design","13":"tag-divertissement","14":"tag-entertainment","15":"tag-fr","16":"tag-france","17":"tag-maurizio-cattelan","18":"tag-robert-mapplethorpe","19":"tag-scandale"},"share_on_mastodon":{"url":"https:\/\/pubeurope.com\/@fr\/115618299423608294","error":""},"_links":{"self":[{"href":"https:\/\/www.europesays.com\/fr\/wp-json\/wp\/v2\/posts\/560895","targetHints":{"allow":["GET"]}}],"collection":[{"href":"https:\/\/www.europesays.com\/fr\/wp-json\/wp\/v2\/posts"}],"about":[{"href":"https:\/\/www.europesays.com\/fr\/wp-json\/wp\/v2\/types\/post"}],"author":[{"embeddable":true,"href":"https:\/\/www.europesays.com\/fr\/wp-json\/wp\/v2\/users\/2"}],"replies":[{"embeddable":true,"href":"https:\/\/www.europesays.com\/fr\/wp-json\/wp\/v2\/comments?post=560895"}],"version-history":[{"count":0,"href":"https:\/\/www.europesays.com\/fr\/wp-json\/wp\/v2\/posts\/560895\/revisions"}],"wp:featuredmedia":[{"embeddable":true,"href":"https:\/\/www.europesays.com\/fr\/wp-json\/wp\/v2\/media\/560896"}],"wp:attachment":[{"href":"https:\/\/www.europesays.com\/fr\/wp-json\/wp\/v2\/media?parent=560895"}],"wp:term":[{"taxonomy":"category","embeddable":true,"href":"https:\/\/www.europesays.com\/fr\/wp-json\/wp\/v2\/categories?post=560895"},{"taxonomy":"post_tag","embeddable":true,"href":"https:\/\/www.europesays.com\/fr\/wp-json\/wp\/v2\/tags?post=560895"}],"curies":[{"name":"wp","href":"https:\/\/api.w.org\/{rel}","templated":true}]}}