{"id":560913,"date":"2025-11-26T22:22:13","date_gmt":"2025-11-26T22:22:13","guid":{"rendered":"https:\/\/www.europesays.com\/fr\/560913\/"},"modified":"2025-11-26T22:22:13","modified_gmt":"2025-11-26T22:22:13","slug":"jmail-la-fausse-boite-mail-qui-met-en-lumiere-les-vraies-correspondances-de-jeffrey-epstein-radio-france","status":"publish","type":"post","link":"https:\/\/www.europesays.com\/fr\/560913\/","title":{"rendered":"&quot;Jmail&quot; : la fausse bo\u00eete mail qui met en lumi\u00e8re les vraies correspondances de Jeffrey Epstein &#8211; Radio France"},"content":{"rendered":"<ol>\n<li><a href=\"https:\/\/news.google.com\/rss\/articles\/CBMi-gFBVV95cUxPcDFWaU5rSDN5cGtZeWtWdUNfblJfbWFqd0RXbnJKbExjNnBEelZVSm9Xcm04Wm8zWGthYklPTUdfNEdMajNpeWZtVk9vX2s3Rmc3Z1M1TGxzUTEzLW9wS05VZXQ4TDN6M2ZfYTRUOHRpblFSQ0VzMVh6R251VVFLNzRNVmN2RlItTXMybC1KUFVvcFhyV2pfYlJTTDRqVDAyeVdDdjhxMW5QaDBtdjdfYnVQd1Y0LWw3TGRqLWtMcjhhbFN2Tm1nX2FKcmU2UmRCbXdWUHpjVENwRkNEVTIzMEsyZjlGdmJGQlNDNVhCNGdpN25mZHlTNmpB?oc=5\" target=\"_blank\" rel=\"noopener\">\u00ab\u00a0Jmail\u00a0\u00bb : la fausse bo\u00eete mail qui met en lumi\u00e8re les vraies correspondances de Jeffrey Epstein<\/a>&nbsp;&nbsp;Radio France<\/li>\n<li><a href=\"https:\/\/news.google.com\/rss\/articles\/CBMixgFBVV95cUxPekZwWjB0NmZiQkNwMk1wV2RQOXBKdGY0ZnNEM2ZkMUNNc3JPazBKNV9NMEt4dGQxeTZ6cWphUVBGRG5qSC1xZGllN05LOWZtT25veHdEN2xFTTJBUnRTQkZFOVJlOVJzeVRnbFdxbjdRTzF4TjBiRHp0ejRoQzNZRTdLVGIyZWtYQnFURkxKbE9QYXlOOG5qNmsyVFlrMHJVNFNyeVNXdXNOTTVoeUhPM1MtOG1ERDlUYUJaX1NuVHJWTHdReEE?oc=5\" target=\"_blank\" rel=\"noopener\">Affaire Epstein : deux am\u00e9ricains mettent en ligne les mails du d\u00e9linquant sexuel<\/a>&nbsp;&nbsp;L&rsquo;Humanit\u00e9<\/li>\n<li><a href=\"https:\/\/news.google.com\/rss\/articles\/CBMizAFBVV95cUxNSTBPOHJROXptOXEycHFGcXJLNXpwRkhIdXBqcmdHbkk5bkJWeUdwajd6SF9UYlJWZ3VQT2RpcTU3WDdiaF9OeHNtSHVFVHUtSXdrOFQwbUxkSEk1Q0pOaGNvLTdmSGNfbklkWk9KUmN4UVg0bHBLOUN5S2tublRGZFBzTUlvSXlDVGQ2aTRlM3BCY0d1cjlEcDlTRzBobXZmNXZBcHpBOEltMkE4bFpOUmExYlhTX0N4TXN1RXZKRHR4QnFKckNTNy1XVkE?oc=5\" target=\"_blank\" rel=\"noopener\">Les \u00e9changes de Jeffrey Epstein reproduits dans une bo\u00eete mail en acc\u00e8s libre<\/a>&nbsp;&nbsp;Le Point<\/li>\n<li><a href=\"https:\/\/news.google.com\/rss\/articles\/CBMi8gFBVV95cUxPZW91MG9LbHB5VWdGT25Tb2ltdFR1VGhhV2stbkx4MC1VRjB2R2FfWW8wNUNmeF90UWNQYTQ1WUQ0amtTS0JFQ3NDdW1PXzk0bGpzQUd4M3Y3dHRHV2FiUGxEeVlJNHd2Z1BxNS1hN1RFc000YThQRHR3LUsycEJHWXl5OUZFZFo2Tkw3YW5wTFhCLXdQR0kxc3V3OVhvNzluOTc2b1dTUnpwYUZ5ZEFmVFUwSTVnQ2RpNi1udW4xWDJpeWdROENpYmxCZDBCT1hhQjVWQlhHaWdIaE4zTklSWVplX0RBdFNqV0dOQm9lX0dMZw?oc=5\" target=\"_blank\" rel=\"noopener\">C&rsquo;est quoi Jmail, ce faux Gmail qui permet de lire les mails de Jeffrey Epstein r\u00e9v\u00e9l\u00e9s par le Congr\u00e8s am\u00e9ricain ?<\/a>&nbsp;&nbsp;RTL.fr<\/li>\n<li><a href=\"https:\/\/news.google.com\/rss\/articles\/CBMi1gFBVV95cUxPYThmVTVLc18tU0RLd3ZyUmtYY3BfbUhNZzFkVW8xTVg1THlZaHczYzJtSWpVMWlOdzhNcXN0cGRXcXR6eDIyZmNJazdETEhrZ0dFdHQxMXBNUmFTNldoUlExaFJMdTdBSDBsYmdXV3RfZFdtbUNHQ25LN092OUZ6ZWRUOUFuaml2UXgydlNDbjF2OXJ6cTJMYzFtS1MtMW9SOFpSNUVSdGhONi1mYVFidGxfQi1Fd1gxZE1rV2FIU3BNOHRIcHcwbWJOZlR2dnJVVTJNbWd3?oc=5\" target=\"_blank\" rel=\"noopener\">Jmail permet de consulter les communications de Jeffrey Epstein<\/a>&nbsp;&nbsp;20 Minutes<\/li>\n<\/ol>\n","protected":false},"excerpt":{"rendered":"\u00ab\u00a0Jmail\u00a0\u00bb : la fausse bo\u00eete mail qui met en lumi\u00e8re les vraies correspondances de Jeffrey Epstein&nbsp;&nbsp;Radio France Affaire&hellip;\n","protected":false},"author":2,"featured_media":395849,"comment_status":"","ping_status":"","sticky":false,"template":"","format":"standard","meta":{"footnotes":""},"categories":[5],"tags":[11,1011,27,14,12,28],"class_list":{"0":"post-560913","1":"post","2":"type-post","3":"status-publish","4":"format-standard","5":"has-post-thumbnail","7":"category-international","8":"tag-actualites","9":"tag-fr","10":"tag-france","11":"tag-international","12":"tag-news","13":"tag-world"},"share_on_mastodon":{"url":"https:\/\/pubeurope.com\/@fr\/115618338956039949","error":""},"_links":{"self":[{"href":"https:\/\/www.europesays.com\/fr\/wp-json\/wp\/v2\/posts\/560913","targetHints":{"allow":["GET"]}}],"collection":[{"href":"https:\/\/www.europesays.com\/fr\/wp-json\/wp\/v2\/posts"}],"about":[{"href":"https:\/\/www.europesays.com\/fr\/wp-json\/wp\/v2\/types\/post"}],"author":[{"embeddable":true,"href":"https:\/\/www.europesays.com\/fr\/wp-json\/wp\/v2\/users\/2"}],"replies":[{"embeddable":true,"href":"https:\/\/www.europesays.com\/fr\/wp-json\/wp\/v2\/comments?post=560913"}],"version-history":[{"count":0,"href":"https:\/\/www.europesays.com\/fr\/wp-json\/wp\/v2\/posts\/560913\/revisions"}],"wp:featuredmedia":[{"embeddable":true,"href":"https:\/\/www.europesays.com\/fr\/wp-json\/wp\/v2\/media\/395849"}],"wp:attachment":[{"href":"https:\/\/www.europesays.com\/fr\/wp-json\/wp\/v2\/media?parent=560913"}],"wp:term":[{"taxonomy":"category","embeddable":true,"href":"https:\/\/www.europesays.com\/fr\/wp-json\/wp\/v2\/categories?post=560913"},{"taxonomy":"post_tag","embeddable":true,"href":"https:\/\/www.europesays.com\/fr\/wp-json\/wp\/v2\/tags?post=560913"}],"curies":[{"name":"wp","href":"https:\/\/api.w.org\/{rel}","templated":true}]}}