{"id":56093,"date":"2025-04-27T05:32:11","date_gmt":"2025-04-27T05:32:11","guid":{"rendered":"https:\/\/www.europesays.com\/fr\/56093\/"},"modified":"2025-04-27T05:32:11","modified_gmt":"2025-04-27T05:32:11","slug":"16-et-10-ans-de-reclusion-pour-une-fusillade-a-la-kalachnikov","status":"publish","type":"post","link":"https:\/\/www.europesays.com\/fr\/56093\/","title":{"rendered":"16 et 10 ans de r\u00e9clusion pour une fusillade \u00e0 la kalachnikov"},"content":{"rendered":"<p>Dix-huit. C&rsquo;est le nombre d&rsquo;\u00e9tuis de calibre 7,62, pulv\u00e9ris\u00e9s \u00e0 travers les rideaux m\u00e9talliques d&rsquo;une pharmacie et d&rsquo;une sup\u00e9rette, fich\u00e9s dans les fa\u00e7ades ou d\u00e9gringol\u00e9s sur le parking de ce petit centre commercial, qui avaient \u00e9t\u00e9 retrouv\u00e9s par la police technique et scientifique, au soir du 20\u00a0avril\u00a02021.<\/p>\n<p>Des impacts cons\u00e9cutifs \u00e0 une rafale d\u00e9sordonn\u00e9e de kalachnikov. Pas de mort ce soir-l\u00e0 dans le 13e arrondissement de Marseille, mais un vent de panique qui avait fait se calfeutrer pr\u00e9cipitamment les habitants de la <a href=\"https:\/\/www.laprovence.com\/actu\/en-direct\/6330834\/info-la-provence-deux-blesses-dans-des-coups-de-feu-aux-bleuets-marseille-13e-cette-nuit-et-si-le-tireur-\" target=\"_blank\" rel=\"noopener\">cit\u00e9 des Bleuets<\/a>. Et des traces de sang, les unes filant \u00e0 gauche de l&rsquo;alimentation, les autres d\u00e9goulinant \u00e0 droite de l&rsquo;officine, qui avaient conduit les policiers jusqu&rsquo;\u00e0 deux bless\u00e9s par balle.<\/p>\n<p>\u00ab\u00a0Les risques du m\u00e9tier\u00a0\u00bb<\/p>\n<p>Le premier, un natif du quartier, \u00e9tait venu rendre visite \u00e0 sa m\u00e8re et devisait avec le g\u00e9rant de la sup\u00e9rette lors de la fusillade. Touch\u00e9 par deux balles, il s&rsquo;en \u00e9tait tir\u00e9 avec 30\u00a0jours d&rsquo;ITT. L&rsquo;autre, qui s&rsquo;\u00e9tait r\u00e9fugi\u00e9 dans un appartement de la cit\u00e9, avait \u00e9t\u00e9 retrouv\u00e9 avec une vilaine blessure \u00e0 la jambe droite. Une victime lui aussi\u00a0? Pas aux yeux du tribunal judiciaire de Marseille en tout cas, pas plus qu&rsquo;aux siens, puisque \u00e0 la question du pr\u00e9sident Nguyen, Akim A. n&rsquo;a pas souhait\u00e9 se porter partie civile. Les risques du m\u00e9tier en quelque sorte, semble-t-on devoir comprendre, au vu du passif du jeune homme en surv\u00eatement noir Lacoste, habitu\u00e9 \u00e0 fr\u00e9quenter le box des pr\u00e9venus.<\/p>\n","protected":false},"excerpt":{"rendered":"Dix-huit. C&rsquo;est le nombre d&rsquo;\u00e9tuis de calibre 7,62, pulv\u00e9ris\u00e9s \u00e0 travers les rideaux m\u00e9talliques d&rsquo;une pharmacie et d&rsquo;une&hellip;\n","protected":false},"author":2,"featured_media":56094,"comment_status":"","ping_status":"","sticky":false,"template":"","format":"standard","meta":{"footnotes":""},"categories":[2814],"tags":[17,1111,11,1764,1777,674,274,1011,27,3832,10909,884,12,471,882,15128,25,96],"class_list":{"0":"post-56093","1":"post","2":"type-post","3":"status-publish","4":"format-standard","5":"has-post-thumbnail","7":"category-marseille","8":"tag-17","9":"tag-actu","10":"tag-actualites","11":"tag-ans","12":"tag-eu","13":"tag-europe","14":"tag-faits-divers-justice","15":"tag-fr","16":"tag-france","17":"tag-fusillade","18":"tag-kalachnikov","19":"tag-marseille","20":"tag-news","21":"tag-pour","22":"tag-provence-alpes-cote-dazur","23":"tag-reclusion","24":"tag-republique-francaise","25":"tag-une"},"share_on_mastodon":{"url":"https:\/\/pubeurope.com\/@fr\/114408295248584772","error":""},"_links":{"self":[{"href":"https:\/\/www.europesays.com\/fr\/wp-json\/wp\/v2\/posts\/56093","targetHints":{"allow":["GET"]}}],"collection":[{"href":"https:\/\/www.europesays.com\/fr\/wp-json\/wp\/v2\/posts"}],"about":[{"href":"https:\/\/www.europesays.com\/fr\/wp-json\/wp\/v2\/types\/post"}],"author":[{"embeddable":true,"href":"https:\/\/www.europesays.com\/fr\/wp-json\/wp\/v2\/users\/2"}],"replies":[{"embeddable":true,"href":"https:\/\/www.europesays.com\/fr\/wp-json\/wp\/v2\/comments?post=56093"}],"version-history":[{"count":0,"href":"https:\/\/www.europesays.com\/fr\/wp-json\/wp\/v2\/posts\/56093\/revisions"}],"wp:featuredmedia":[{"embeddable":true,"href":"https:\/\/www.europesays.com\/fr\/wp-json\/wp\/v2\/media\/56094"}],"wp:attachment":[{"href":"https:\/\/www.europesays.com\/fr\/wp-json\/wp\/v2\/media?parent=56093"}],"wp:term":[{"taxonomy":"category","embeddable":true,"href":"https:\/\/www.europesays.com\/fr\/wp-json\/wp\/v2\/categories?post=56093"},{"taxonomy":"post_tag","embeddable":true,"href":"https:\/\/www.europesays.com\/fr\/wp-json\/wp\/v2\/tags?post=56093"}],"curies":[{"name":"wp","href":"https:\/\/api.w.org\/{rel}","templated":true}]}}