{"id":560932,"date":"2025-11-26T22:34:23","date_gmt":"2025-11-26T22:34:23","guid":{"rendered":"https:\/\/www.europesays.com\/fr\/560932\/"},"modified":"2025-11-26T22:34:23","modified_gmt":"2025-11-26T22:34:23","slug":"terrible-accident-de-la-route-en-seine-maritime-deux-conducteurs-sont-morts","status":"publish","type":"post","link":"https:\/\/www.europesays.com\/fr\/560932\/","title":{"rendered":"Terrible accident de la route en Seine-Maritime : deux conducteurs sont morts"},"content":{"rendered":"<p>                    Par<br \/>\n        <strong><br \/>\n            <a href=\"https:\/\/actu.fr\/auteur\/julien-bouteiller\" title=\"Consulter tous les articles de Julien Bouteiller\" target=\"_blank\" rel=\"noopener\">Julien Bouteiller<\/a><br \/>\n                    <\/strong><\/p>\n<p>        Publi\u00e9 le<\/p>\n<p>            23 nov. 2025 \u00e0 16h26        <\/p>\n<p><strong>Un accident de la route au bilan tr\u00e8s lourd en Seine-Maritime<\/strong>. Ce dimanche 23 novembre 2025, <strong>deux personnes sont mortes dans un choc<\/strong> entre deux voitures, <a href=\"https:\/\/actu.fr\/normandie\/yvetot_76758\" target=\"_blank\" rel=\"noopener\">non loin d\u2019Yvetot<\/a>, apprend-on du Service d\u00e9partemental d\u2019incendie et de secours (Sdis).<\/p>\n<p>Deux morts dans l\u2019accident<\/p>\n<p class=\" wall-content\">Les sapeurs-pompiers ont \u00e9t\u00e9 appel\u00e9s <strong>peu avant 13h<\/strong>, pour un accident entre deux automobilistes, <strong>sur la RD20 entre Gr\u00e9monville et Motteville.<\/strong>\u00a0<\/p>\n<p class=\" wall-content\">D\u2019apr\u00e8s le Sdis, le choc s\u2019est produit <strong>\u00e0 \u00ab\u00a0forte cin\u00e9tique\u00a0\u00bb<\/strong>, c\u2019est-\u00e0-dire \u00e0 grande vitesse.\u00a0<\/p>\n<p class=\" wall-content\">Le bilan est lourd, malgr\u00e9 l\u2019intervention de 21 sapeurs-pompiers et du Smur : les deux conducteurs sont morts. Il s\u2019agissait <strong>d\u2019un homme de 55 ans et d\u2019une femme de 25 ans.<\/strong><\/p>\n<p class=\" wall-content\">La route a \u00e9t\u00e9 coup\u00e9e le temps de l\u2019intervention et des constatations. D\u00e9sormais, l\u2019enqu\u00eate de gendarmerie doit faire la lumi\u00e8re sur les circonstances du drame.<\/p>\n<p>Vid\u00e9os : en ce moment sur Actu<\/p>\n<p class=\" wall-content\">En septembre 2025, on d\u00e9nombrait d\u00e9j\u00e0 30 morts sur les routes de la Seine-Maritime depuis le d\u00e9but de l\u2019ann\u00e9e.<\/p>\n<p>    <a href=\"https:\/\/www.google.com\/maps\/embed?pb=!1m18!1m12!1m3!1d58437.26382644117!2d0.7981164656794368!3d49.65840327565067!2m3!1f0!2f0!3f0!3m2!1i1024!2i768!4f13.1!3m3!1m2!1s0x47e0f319f9e1a52b%3A0x40c14484fb68070!2sGr%C3%A9monville!5e0!3m2!1sfr!2sfr!4v1763911450913!5m2!1sfr!2sfr\" title=\"Ouvrie le lien\" target=\"_blank\" rel=\"noopener\">Cliquez ici pour visualiser le contenu<\/a><\/p>\n<p>Votre r\u00e9gion, votre actu !<\/p>\n<p>Recevez chaque jour les infos qui comptent pour vous.<\/p>\n<p>\t<a href=\"https:\/\/actu.fr\/newsletter\" class=\"ac-btn ac-btn--corner ac-btn--medium ac-btn--blue800\" target=\"_blank\" rel=\"noopener\">S&rsquo;incrire<\/a><\/p>\n<p class=\" wall-content\">\ud83d\udd35<\/p>\n<p class=\" wall-content\">Personnalisez votre actualit\u00e9 en ajoutant vos villes et m\u00e9dias en favori avec <a href=\"https:\/\/moncompte.actu.fr\" title=\"D\u00e9couvez Mon Actu\" rel=\"nofollow noopener\" data-trk=\"{&quot;cta&quot;:{&quot;action&quot;:&quot;https:\\\/\\\/moncompte.actu.fr&quot;,&quot;category&quot;:&quot;mon compte&quot;,&quot;from&quot;:&quot;article footer&quot;,&quot;name&quot;:&quot;Mon actu&quot;,&quot;type&quot;:&quot;cta&quot;}}\" target=\"_blank\">Mon Actu<\/a>.<\/p>\n","protected":false},"excerpt":{"rendered":"Par Julien Bouteiller Publi\u00e9 le 23 nov. 2025 \u00e0 16h26 Un accident de la route au bilan tr\u00e8s&hellip;\n","protected":false},"author":2,"featured_media":560933,"comment_status":"","ping_status":"","sticky":false,"template":"","format":"standard","meta":{"footnotes":""},"categories":[9587],"tags":[119,1111,11,1777,674,118,1011,27,12,5161,1311,25,9590,5009],"class_list":{"0":"post-560932","1":"post","2":"type-post","3":"status-publish","4":"format-standard","5":"has-post-thumbnail","7":"category-rouen","8":"tag-accident","9":"tag-actu","10":"tag-actualites","11":"tag-eu","12":"tag-europe","13":"tag-faits-divers","14":"tag-fr","15":"tag-france","16":"tag-news","17":"tag-normandie","18":"tag-pompiers","19":"tag-republique-francaise","20":"tag-rouen","21":"tag-securite-routiere"},"share_on_mastodon":{"url":"https:\/\/pubeurope.com\/@fr\/115618386146141590","error":""},"_links":{"self":[{"href":"https:\/\/www.europesays.com\/fr\/wp-json\/wp\/v2\/posts\/560932","targetHints":{"allow":["GET"]}}],"collection":[{"href":"https:\/\/www.europesays.com\/fr\/wp-json\/wp\/v2\/posts"}],"about":[{"href":"https:\/\/www.europesays.com\/fr\/wp-json\/wp\/v2\/types\/post"}],"author":[{"embeddable":true,"href":"https:\/\/www.europesays.com\/fr\/wp-json\/wp\/v2\/users\/2"}],"replies":[{"embeddable":true,"href":"https:\/\/www.europesays.com\/fr\/wp-json\/wp\/v2\/comments?post=560932"}],"version-history":[{"count":0,"href":"https:\/\/www.europesays.com\/fr\/wp-json\/wp\/v2\/posts\/560932\/revisions"}],"wp:featuredmedia":[{"embeddable":true,"href":"https:\/\/www.europesays.com\/fr\/wp-json\/wp\/v2\/media\/560933"}],"wp:attachment":[{"href":"https:\/\/www.europesays.com\/fr\/wp-json\/wp\/v2\/media?parent=560932"}],"wp:term":[{"taxonomy":"category","embeddable":true,"href":"https:\/\/www.europesays.com\/fr\/wp-json\/wp\/v2\/categories?post=560932"},{"taxonomy":"post_tag","embeddable":true,"href":"https:\/\/www.europesays.com\/fr\/wp-json\/wp\/v2\/tags?post=560932"}],"curies":[{"name":"wp","href":"https:\/\/api.w.org\/{rel}","templated":true}]}}