{"id":560934,"date":"2025-11-26T22:35:48","date_gmt":"2025-11-26T22:35:48","guid":{"rendered":"https:\/\/www.europesays.com\/fr\/560934\/"},"modified":"2025-11-26T22:35:48","modified_gmt":"2025-11-26T22:35:48","slug":"pres-de-rouen-le-syndic-de-copropriete-leur-reclame-des-milliers-deuros","status":"publish","type":"post","link":"https:\/\/www.europesays.com\/fr\/560934\/","title":{"rendered":"pr\u00e8s de Rouen, le syndic de copropri\u00e9t\u00e9 leur r\u00e9clame des milliers d\u2019euros"},"content":{"rendered":"<p>                    Par<br \/>\n        <strong><br \/>\n            <a href=\"https:\/\/actu.fr\/auteur\/aurelien-delavaud\" title=\"Consulter tous les articles de Aur\u00e9lien Delavaud\" target=\"_blank\" rel=\"noopener\">Aur\u00e9lien Delavaud<\/a><br \/>\n                    <\/strong><\/p>\n<p>        Publi\u00e9 le<\/p>\n<p>            25 nov. 2025 \u00e0 17h22        <\/p>\n<p>De la col\u00e8re, de la tristesse, de la r\u00e9signation\u2026 Au milieu de la dizaine d\u2019immeubles de la <b>petite r\u00e9sidence<\/b>, des \u00e9motions tr\u00e8s vari\u00e9es se lisent sur les visages ou s\u2019entendent dans les discussions, sur les pas-de-porte. <b>Le Bois Landry<\/b>, \u00e0 <a href=\"https:\/\/actu.fr\/normandie\/saint-aubin-les-elbeuf_76561\" target=\"_blank\" rel=\"noopener\">Saint-Aubin-l\u00e8s-Elbeuf (Seine-Maritime)<\/a>, c\u2019est un petit quartier \u00e0 lui tout seul, avec ses petites tours des ann\u00e9es 1970 et ses <b>quelque 200 appartements<\/b>. Presque tout le monde s\u2019y conna\u00eet. Depuis quelques semaines, dans les discussions, un sujet revient inlassablement : les \u00e9normes sommes r\u00e9clam\u00e9es par le <b>syndicat de copropri\u00e9t\u00e9<\/b> \u00e0 chaque locataire, pour r\u00e9gulariser d\u2019un coup des <b>ann\u00e9es de charges<\/b>.<\/p>\n<p>De 2 000 \u00e0 4 600 \u20ac<\/p>\n<p class=\" wall-content\">Tout commence le 31 octobre 2025, par un courrier distribu\u00e9 dans les bo\u00eetes aux lettres. Pour tous les habitants, c\u2019est la douche froide. Dans ce courrier, entre une <b>r\u00e9gularisation des charges<\/b> et une hausse tr\u00e8s importante du prix de l\u2019eau chaude, ils d\u00e9couvrent que leur syndicat, 3F Normanvie, r\u00e9clame \u00e0 chacun plusieurs milliers d\u2019euros.<\/p>\n<p class=\" wall-content\">\u00ab Ils r\u00e9clament un retour sur les charges pour 2022, 2023 et 2024. Et ils nous disent que le prix du m\u00e8tre cube d\u2019eau chaude est pass\u00e9 de 10,05\u00a0\u20ac \u00e0 17,59\u00a0\u20ac, d\u00e9crit Bertrand, un locataire. Moi, par exemple, ils me demandent 2 647\u00a0\u20ac, comme \u00e7a, d\u2019un coup ! \u00bb<\/p>\n<p class=\" wall-content\">Lors d\u2019une r\u00e9union organis\u00e9e pour tenter d\u2019obtenir des r\u00e9ponses, il se rend compte qu\u2019il n\u2019est pas le seul.<\/p>\n<blockquote class=\"ac-article-quote wall-content\">\n<p>Ils nous ont dit que \u00e7a va de 2000 \u00e0 4\u2009600 \u20ac.<\/p>\n<p>Bertrand, un locataire de la r\u00e9sidence<\/p><\/blockquote>\n<p class=\" wall-content\">\u00c0 ses c\u00f4t\u00e9s, une voisine confirme et abonde : \u00ab Moi, on me demande 2 000 \u20ac. Ma s\u0153ur, on lui demande 2 300 \u20ac. On n\u2019a pas les moyens de payer \u00e7a ! \u00bb Un autre t\u00e9moin de la sc\u00e8ne affirme avoir vu des <b>personnes en larmes<\/b>, notamment des personnes \u00e2g\u00e9es qui vivent seules depuis des d\u00e9cennies dans cette r\u00e9sidence.<\/p>\n<p>Une demande de transparence<\/p>\n<p class=\" wall-content\">Apr\u00e8s la col\u00e8re lors de l\u2019annonce, les locataires veulent maintenant obtenir des r\u00e9ponses. Car, si la loi permet \u00e0 un syndicat de copropri\u00e9t\u00e9 de faire une r\u00e9gularisation sur les charges jusqu\u2019\u00e0 trois ans apr\u00e8s, les habitants doutent de la v\u00e9racit\u00e9 et de la <b>transparence<\/b> des sommes r\u00e9clam\u00e9es.<\/p>\n<p>Votre r\u00e9gion, votre actu !<\/p>\n<p>Recevez chaque jour les infos qui comptent pour vous.<\/p>\n<p>\t<a href=\"https:\/\/actu.fr\/newsletter\" class=\"ac-btn ac-btn--corner ac-btn--medium ac-btn--blue800\" target=\"_blank\" rel=\"noopener\">S&rsquo;incrire<\/a><\/p>\n<p class=\" wall-content\">\u00ab Ils refusent de nous montrer les <b>factures<\/b>, d\u00e9nonce une locataire. Moi, je ne suis pas contre le fait de payer. Mais on veut un contr\u00f4le des charges, pour s\u2019assurer qu\u2019il n\u2019y a pas eu de magouille, et une preuve de ce que l\u2019on doit ! \u00bb<\/p>\n<p class=\" wall-content\">Devenus suspicieux, certains se demandent s\u2019ils ne payent pas aussi la part de ceux qui ont quitt\u00e9 la r\u00e9sidence ou des travaux pour la chaudi\u00e8re commune. \u00ab Sur les papiers, on n\u2019a pas la m\u00eame base de r\u00e9partition de la somme, donc ce n\u2019est pas clair \u00bb, poursuit l\u2019habitante, papiers en main.<\/p>\n<p>Vers une suspension des paiements ?<\/p>\n<p class=\" wall-content\">Pour faire valoir leurs droits et r\u00e9clamer des r\u00e9ponses, certains ont sollicit\u00e9 l\u2019intervention de la <b>Conf\u00e9d\u00e9ration nationale du logement<\/b>. Pour aller encore plus loin, ils pr\u00e9voient de <b>suspendre une partie des paiements<\/b>. \u00ab Moi, j\u2019ai suspendu mon pr\u00e9l\u00e8vement automatique. Le mois prochain, je paierai mon loyer et une toute petite partie des charges. Je ne paierai pas tant qu\u2019on n\u2019aura pas des r\u00e9ponses claires \u00bb, assure Bertrand sur le ton du d\u00e9fi.<\/p>\n<p class=\" wall-content\">Sa voisine conclut avec autant de d\u00e9termination : \u00ab Ce que l\u2019on veut, c\u2019est <b>de la clart\u00e9<\/b>. Si on doit cette somme, m\u00eame si c\u2019est tr\u00e8s compliqu\u00e9, on la devra. Mais si on ne la doit pas, on ne payera pas ! On veut que ce soit juste. \u00bb<\/p>\n<p class=\" wall-content\">Contact\u00e9e, 3F Normanvie n\u2019a pas donn\u00e9 suite \u00e0 nos sollicitations pour le moment.<\/p>\n<p class=\" wall-content\">Personnalisez votre actualit\u00e9 en ajoutant vos villes et m\u00e9dias en favori avec <a href=\"https:\/\/moncompte.actu.fr\" title=\"D\u00e9couvez Mon Actu\" rel=\"nofollow noopener\" data-trk=\"{&quot;cta&quot;:{&quot;action&quot;:&quot;https:\\\/\\\/moncompte.actu.fr&quot;,&quot;category&quot;:&quot;mon compte&quot;,&quot;from&quot;:&quot;article footer&quot;,&quot;name&quot;:&quot;Mon actu&quot;,&quot;type&quot;:&quot;cta&quot;}}\" target=\"_blank\">Mon Actu<\/a>.<\/p>\n","protected":false},"excerpt":{"rendered":"Par Aur\u00e9lien Delavaud Publi\u00e9 le 25 nov. 2025 \u00e0 17h22 De la col\u00e8re, de la tristesse, de la&hellip;\n","protected":false},"author":2,"featured_media":560935,"comment_status":"","ping_status":"","sticky":false,"template":"","format":"standard","meta":{"footnotes":""},"categories":[9587],"tags":[1111,11,1777,674,1011,27,1908,12,5161,25,9590,104],"class_list":{"0":"post-560934","1":"post","2":"type-post","3":"status-publish","4":"format-standard","5":"has-post-thumbnail","7":"category-rouen","8":"tag-actu","9":"tag-actualites","10":"tag-eu","11":"tag-europe","12":"tag-fr","13":"tag-france","14":"tag-logement","15":"tag-news","16":"tag-normandie","17":"tag-republique-francaise","18":"tag-rouen","19":"tag-societe"},"share_on_mastodon":{"url":"https:\/\/pubeurope.com\/@fr\/115618393834026137","error":""},"_links":{"self":[{"href":"https:\/\/www.europesays.com\/fr\/wp-json\/wp\/v2\/posts\/560934","targetHints":{"allow":["GET"]}}],"collection":[{"href":"https:\/\/www.europesays.com\/fr\/wp-json\/wp\/v2\/posts"}],"about":[{"href":"https:\/\/www.europesays.com\/fr\/wp-json\/wp\/v2\/types\/post"}],"author":[{"embeddable":true,"href":"https:\/\/www.europesays.com\/fr\/wp-json\/wp\/v2\/users\/2"}],"replies":[{"embeddable":true,"href":"https:\/\/www.europesays.com\/fr\/wp-json\/wp\/v2\/comments?post=560934"}],"version-history":[{"count":0,"href":"https:\/\/www.europesays.com\/fr\/wp-json\/wp\/v2\/posts\/560934\/revisions"}],"wp:featuredmedia":[{"embeddable":true,"href":"https:\/\/www.europesays.com\/fr\/wp-json\/wp\/v2\/media\/560935"}],"wp:attachment":[{"href":"https:\/\/www.europesays.com\/fr\/wp-json\/wp\/v2\/media?parent=560934"}],"wp:term":[{"taxonomy":"category","embeddable":true,"href":"https:\/\/www.europesays.com\/fr\/wp-json\/wp\/v2\/categories?post=560934"},{"taxonomy":"post_tag","embeddable":true,"href":"https:\/\/www.europesays.com\/fr\/wp-json\/wp\/v2\/tags?post=560934"}],"curies":[{"name":"wp","href":"https:\/\/api.w.org\/{rel}","templated":true}]}}