{"id":560937,"date":"2025-11-26T22:38:32","date_gmt":"2025-11-26T22:38:32","guid":{"rendered":"https:\/\/www.europesays.com\/fr\/560937\/"},"modified":"2025-11-26T22:38:32","modified_gmt":"2025-11-26T22:38:32","slug":"deux-grands-rendez-vous-du-sport-feminin-prevus-au-stade-des-alpes-a-grenoble-en-2026","status":"publish","type":"post","link":"https:\/\/www.europesays.com\/fr\/560937\/","title":{"rendered":"Deux grands rendez-vous du sport f\u00e9minin pr\u00e9vus au Stade des Alpes \u00e0 Grenoble en 2026"},"content":{"rendered":"<p itemprop=\"description\"><strong>En 2026, le Stade des Alpes deviendra l\u2019un des lieux phares du sport f\u00e9minin avec la tenue de deux affiches internationales de rugby et de football.<\/strong><\/p>\n<p>Le Stade des Alpes et ses 20 000 places s\u2019appr\u00eatent \u00e0 vivre une ann\u00e9e marquante.<\/p>\n<p>En effet, l\u2019enceinte grenobloise accueillera coup sur coup les \u00e9quipes nationales f\u00e9minines de rugby et de football. Le 11 avril, la s\u00e9lection tricolore de rugby ouvrira son Tournoi des VI Nations \u00e0 domicile face \u00e0 l\u2019Italie, une entr\u00e9e en mati\u00e8re qui ram\u00e8nera les demi-finalistes du dernier Mondial en terre is\u00e9roise.<\/p>\n<p>Ce rendez-vous lancera une \u00e9dition particuli\u00e8rement dense pour les rugbywomen, qui encha\u00eeneront ensuite des rencontres contre l\u2019Irlande puis l\u2019Angleterre.<\/p>\n<p>Moins de deux mois plus tard, le 9 juin, ce sera au tour des footballeuses fran\u00e7aises de fouler la pelouse grenobloise pour leur ultime match de qualification au Mondial 2027 au Br\u00e9sil, avec l\u2019Irlande en visite.<\/p>\n","protected":false},"excerpt":{"rendered":"En 2026, le Stade des Alpes deviendra l\u2019un des lieux phares du sport f\u00e9minin avec la tenue de&hellip;\n","protected":false},"author":2,"featured_media":560938,"comment_status":"","ping_status":"","sticky":false,"template":"","format":"standard","meta":{"footnotes":""},"categories":[9566],"tags":[1111,11,2813,2430,1109,251,1112,2811,1777,674,118,1011,27,21780,2731,14004,1922,1110,1114,108,12,316,25,2812,517,800],"class_list":{"0":"post-560937","1":"post","2":"type-post","3":"status-publish","4":"format-standard","5":"has-post-thumbnail","7":"category-grenoble","8":"tag-actu","9":"tag-actualites","10":"tag-article","11":"tag-auvergne-rhone-alpes","12":"tag-breves","13":"tag-culture","14":"tag-depeches","15":"tag-economique","16":"tag-eu","17":"tag-europe","18":"tag-faits-divers","19":"tag-fr","20":"tag-france","21":"tag-gf38","22":"tag-grenoble","23":"tag-grenoblemag","24":"tag-info","25":"tag-informations","26":"tag-infos","27":"tag-isere","28":"tag-news","29":"tag-politique","30":"tag-republique-francaise","31":"tag-sociale","32":"tag-sport","33":"tag-transports"},"share_on_mastodon":{"url":"https:\/\/pubeurope.com\/@fr\/115618401752899744","error":""},"_links":{"self":[{"href":"https:\/\/www.europesays.com\/fr\/wp-json\/wp\/v2\/posts\/560937","targetHints":{"allow":["GET"]}}],"collection":[{"href":"https:\/\/www.europesays.com\/fr\/wp-json\/wp\/v2\/posts"}],"about":[{"href":"https:\/\/www.europesays.com\/fr\/wp-json\/wp\/v2\/types\/post"}],"author":[{"embeddable":true,"href":"https:\/\/www.europesays.com\/fr\/wp-json\/wp\/v2\/users\/2"}],"replies":[{"embeddable":true,"href":"https:\/\/www.europesays.com\/fr\/wp-json\/wp\/v2\/comments?post=560937"}],"version-history":[{"count":0,"href":"https:\/\/www.europesays.com\/fr\/wp-json\/wp\/v2\/posts\/560937\/revisions"}],"wp:featuredmedia":[{"embeddable":true,"href":"https:\/\/www.europesays.com\/fr\/wp-json\/wp\/v2\/media\/560938"}],"wp:attachment":[{"href":"https:\/\/www.europesays.com\/fr\/wp-json\/wp\/v2\/media?parent=560937"}],"wp:term":[{"taxonomy":"category","embeddable":true,"href":"https:\/\/www.europesays.com\/fr\/wp-json\/wp\/v2\/categories?post=560937"},{"taxonomy":"post_tag","embeddable":true,"href":"https:\/\/www.europesays.com\/fr\/wp-json\/wp\/v2\/tags?post=560937"}],"curies":[{"name":"wp","href":"https:\/\/api.w.org\/{rel}","templated":true}]}}