{"id":560943,"date":"2025-11-26T22:41:20","date_gmt":"2025-11-26T22:41:20","guid":{"rendered":"https:\/\/www.europesays.com\/fr\/560943\/"},"modified":"2025-11-26T22:41:20","modified_gmt":"2025-11-26T22:41:20","slug":"a-schiltigheim-elle-ouvre-un-restaurant-qui-met-a-lhonneur-la-georgie","status":"publish","type":"post","link":"https:\/\/www.europesays.com\/fr\/560943\/","title":{"rendered":"\u00e0 Schiltigheim, elle ouvre un restaurant qui met \u00e0 l\u2019honneur la G\u00e9orgie"},"content":{"rendered":"<p>    <img loading=\"lazy\" width=\"1800\" height=\"900\" src=\"https:\/\/www.europesays.com\/fr\/wp-content\/uploads\/2025\/11\/jeanne-callthepolice.jpg\" class=\"attachment-full size-full\" alt=\"\" id=\"imageLove\" decoding=\"async\"  \/><\/p>\n<p id=\"breadcrumbs\"><a href=\"https:\/\/pokaa.fr\/\" target=\"_blank\" rel=\"noopener\">Accueil<\/a> \/ <a href=\"https:\/\/pokaa.fr\/categories\/actu\/\" target=\"_blank\" rel=\"noopener\">Info locale<\/a> \/ Parcours inspirant : \u00e0 Schiltigheim, elle ouvre un restaurant qui met \u00e0 l\u2019honneur la G\u00e9orgie<\/p>\n<p>                    Info locale<\/p>\n<p><strong>Attention les papilles, une nouvelle adresse d\u00e9di\u00e9e \u00e0 la G\u00e9orgie vient d\u2019ouvrir ses portes \u00e0 Schiltigheim. \u00c0 sa t\u00eate ? Daredjan Pkhakadze, <a href=\"https:\/\/pokaa.fr\/2018\/12\/17\/des-chefs-refugies-vont-cuisiner-leurs-specialites-sur-le-marche-de-noel\/\" target=\"_blank\" rel=\"noopener\">dont on vous parlait d\u00e9j\u00e0 en 2018<\/a>, une passionn\u00e9e de cuisine et une cheffe de caract\u00e8re. Ce projet, c\u2019est l\u2019aboutissement d\u2019un long et honorable parcours de migration, de formation et de vie entre la G\u00e9orgie et la France.<\/strong><\/p>\n<p>Au 8a de la rue Principale de Schiltigheim, <strong>une nouvelle adresse g\u00e9orgienne a ouvert ses portes il y a quelques jours : Georgian House<\/strong>. Un lieu pens\u00e9 autour de la convivialit\u00e9, o\u00f9 on mange, on \u00e9change et on partage dans une ambiance chaleureuse.<\/p>\n<p>En cuisine, on retrouve <strong>Daredjan Pkhakadze, aka Daji,\u00a0<\/strong>qui nous invite \u00e0 d\u00e9couvrir son univers et son pays natal, la G\u00e9orgie.<\/p>\n<p>                <img width=\"333\" height=\"500\" src=\"https:\/\/www.europesays.com\/fr\/wp-content\/uploads\/2025\/11\/img-9005-333x500.jpeg\" class=\"attachment-gallery size-gallery\" alt=\"Daredjan Pkhakadze Cheffe du Georgian House\" data-full-url=\"https:\/\/pokaa.fr\/wp-content\/uploads\/2025\/11\/17\/img-9005-1500x2250.jpeg\" decoding=\"async\" loading=\"lazy\"  \/>            <\/p>\n<p>                <img width=\"320\" height=\"500\" src=\"https:\/\/www.europesays.com\/fr\/wp-content\/uploads\/2025\/11\/img-9007-320x500.jpeg\" class=\"attachment-gallery size-gallery\" alt=\"Khinkali Georgian House\" data-full-url=\"https:\/\/pokaa.fr\/wp-content\/uploads\/2025\/11\/17\/img-9007-1500x2340.jpeg\" decoding=\"async\" loading=\"lazy\"  \/>            <\/p>\n<p>                    Daji, propri\u00e9taire et cheffe du restaurant. \u00a9 Georgian House \/ Documents remis<\/p>\n<p>Du Refugee Food Festival \u00e0 son propre restaurant<\/p>\n<p>Ces derni\u00e8res ann\u00e9es, et avant de voler de ses propres ailes avec ce beau projet, <strong>Daji n\u2019a pas perdu de temps.<\/strong> Elle a d\u2019abord \u00e9t\u00e9 accompagn\u00e9e par l\u2019association\u00a0<a href=\"https:\/\/www.stamtish.com\/\" target=\"_blank\" rel=\"noopener\"><strong>Stamtish<\/strong>,<\/a>\u00a0avec laquelle elle a encore beaucoup de liens. Elle est aussi une <strong>ancienne participante du <a href=\"https:\/\/pokaa.fr\/2024\/06\/07\/solidarite-et-gourmandise-des-jeudi-des-chefs-refugies-nous-partagent-leurs-meilleurs-plats\/\" target=\"_blank\" rel=\"noopener\">Refugee Food Festival.<\/a><\/strong><\/p>\n<p>Daji a ensuite suivi la <strong>formation <a href=\"https:\/\/www.desetoilesetdesfemmes.org\/\" target=\"_blank\" rel=\"noopener\">Des \u00c9toiles et des Femmes <\/a>\u00e0 Strasbourg,<\/strong> avant de faire ses armes dans les cuisines de l\u2019<strong>ambassade de G\u00e9orgie<\/strong> et du <strong>restaurant Dosto\u00efevski<\/strong>.<\/p>\n<p>    <img width=\"800\" height=\"533\" src=\"https:\/\/www.europesays.com\/fr\/wp-content\/uploads\/2025\/11\/whatsapp-image-2025-11-17-a-110659-6dff2b21-800x533.jpg\" class=\"attachment-image-size-L size-image-size-L\" alt=\"Georgian House\" decoding=\"async\" loading=\"lazy\"  \/>         \u00a9 Georgian House \/ Documents remis <\/p>\n<p>Des plats g\u00e9orgiens en salle<\/p>\n<p><strong>Khinkali<\/strong> (ravioles \u00e0 la viande), <strong>khatchapouri<\/strong> (grand pain farci au fromage), <strong>pkhali<\/strong> (boulettes aux l\u00e9gumes et noix), <strong>shkmeruli<\/strong> (poulet \u00e0 l\u2019ail) :<strong> le terroir culinaire g\u00e9orgien est revu avec finesse et modernit\u00e9<\/strong>. L\u2019objectif est d\u2019offrir une exp\u00e9rience authentique \u00e0 un prix abordable et juste.<\/p>\n<p>\u00c0 noter : le restaurant est ouvert <strong>midi et soir du mardi au vendredi<\/strong> et <strong>en continu le week-end<\/strong>, et il peut accueillir une trentaine de couverts.<\/p>\n<p><strong>Et surtout, bon app\u00e9tit \ud83d\ude09\u00a0<\/strong><\/p>\n<p>                <img width=\"750\" height=\"500\" src=\"https:\/\/www.europesays.com\/fr\/wp-content\/uploads\/2025\/11\/img-1492-750x500.jpeg\" class=\"attachment-gallery size-gallery\" alt=\"Georgian House\" data-full-url=\"https:\/\/pokaa.fr\/wp-content\/uploads\/2025\/11\/17\/img-1492-1500x999.jpeg\" decoding=\"async\" loading=\"lazy\"  \/>            <\/p>\n<p>                <img width=\"750\" height=\"500\" src=\"https:\/\/www.europesays.com\/fr\/wp-content\/uploads\/2025\/11\/whatsapp-image-2025-11-17-a-110658-9d5ab304-750x500.jpg\" class=\"attachment-gallery size-gallery\" alt=\"Georgian House\" data-full-url=\"https:\/\/pokaa.fr\/wp-content\/uploads\/2025\/11\/17\/whatsapp-image-2025-11-17-a-110658-9d5ab304-1500x999.jpg\" decoding=\"async\" loading=\"lazy\"  \/>            <\/p>\n<p>                <img width=\"750\" height=\"500\" src=\"https:\/\/www.europesays.com\/fr\/wp-content\/uploads\/2025\/11\/whatsapp-image-2025-11-17-a-110700-745a8aee-750x500.jpg\" class=\"attachment-gallery size-gallery\" alt=\"Georgian House\" data-full-url=\"https:\/\/pokaa.fr\/wp-content\/uploads\/2025\/11\/17\/whatsapp-image-2025-11-17-a-110700-745a8aee-1500x999.jpg\" decoding=\"async\" loading=\"lazy\"  \/>            <\/p>\n<p>                <img width=\"750\" height=\"500\" src=\"https:\/\/www.europesays.com\/fr\/wp-content\/uploads\/2025\/11\/img-1493-750x500.jpeg\" class=\"attachment-gallery size-gallery\" alt=\"Georgian House\" data-full-url=\"https:\/\/pokaa.fr\/wp-content\/uploads\/2025\/11\/17\/img-1493-1500x999.jpeg\" decoding=\"async\" loading=\"lazy\"  \/>            <\/p>\n<p>                    Quelques plats \u00e0 la carte. \u00a9 Georgian House \/ Document remis<\/p>\n<p>            Georgian House<\/p>\n<p>            Quoi ?<br \/>\n            Restaurant g\u00e9orgien        <\/p>\n<p>            o\u00f9 ?<br \/>\n            8a rue Principale, 67300 Schiltigheim        <\/p>\n<p>                Plus d&rsquo;infos ?<\/p>\n<p>\u2022 Lundi : ferm\u00e9<br \/>\u2022 Mardi \u00e0 vendredi : 12h-14h30 \/ 18h30-22h<br \/>\u2022 Samedi et dimanche : 12h-22h<\/p>\n<p><a href=\"https:\/\/www.instagram.com\/resto_georgian_house\/\" target=\"_blank\" rel=\"noopener\">La page Instagram<\/a><br \/><a href=\"https:\/\/www.facebook.com\/Geohouse67\" target=\"_blank\" rel=\"noopener\">La page Facebook<\/a><\/p>\n<p><script async src=\"\/\/www.instagram.com\/embed.js\"><\/script><\/p>\n","protected":false},"excerpt":{"rendered":"Accueil \/ Info locale \/ Parcours inspirant : \u00e0 Schiltigheim, elle ouvre un restaurant qui met \u00e0 l\u2019honneur&hellip;\n","protected":false},"author":2,"featured_media":560944,"comment_status":"","ping_status":"","sticky":false,"template":"","format":"standard","meta":{"footnotes":""},"categories":[2820],"tags":[1111,11,1777,674,1011,27,12337,775,12,25,1340,5512,640],"class_list":{"0":"post-560943","1":"post","2":"type-post","3":"status-publish","4":"format-standard","5":"has-post-thumbnail","7":"category-strasbourg","8":"tag-actu","9":"tag-actualites","10":"tag-eu","11":"tag-europe","12":"tag-fr","13":"tag-france","14":"tag-georgie","15":"tag-grand-est","16":"tag-news","17":"tag-republique-francaise","18":"tag-restaurant","19":"tag-schiltigheim","20":"tag-strasbourg"},"share_on_mastodon":{"url":"https:\/\/pubeurope.com\/@fr\/115618414911683594","error":""},"_links":{"self":[{"href":"https:\/\/www.europesays.com\/fr\/wp-json\/wp\/v2\/posts\/560943","targetHints":{"allow":["GET"]}}],"collection":[{"href":"https:\/\/www.europesays.com\/fr\/wp-json\/wp\/v2\/posts"}],"about":[{"href":"https:\/\/www.europesays.com\/fr\/wp-json\/wp\/v2\/types\/post"}],"author":[{"embeddable":true,"href":"https:\/\/www.europesays.com\/fr\/wp-json\/wp\/v2\/users\/2"}],"replies":[{"embeddable":true,"href":"https:\/\/www.europesays.com\/fr\/wp-json\/wp\/v2\/comments?post=560943"}],"version-history":[{"count":0,"href":"https:\/\/www.europesays.com\/fr\/wp-json\/wp\/v2\/posts\/560943\/revisions"}],"wp:featuredmedia":[{"embeddable":true,"href":"https:\/\/www.europesays.com\/fr\/wp-json\/wp\/v2\/media\/560944"}],"wp:attachment":[{"href":"https:\/\/www.europesays.com\/fr\/wp-json\/wp\/v2\/media?parent=560943"}],"wp:term":[{"taxonomy":"category","embeddable":true,"href":"https:\/\/www.europesays.com\/fr\/wp-json\/wp\/v2\/categories?post=560943"},{"taxonomy":"post_tag","embeddable":true,"href":"https:\/\/www.europesays.com\/fr\/wp-json\/wp\/v2\/tags?post=560943"}],"curies":[{"name":"wp","href":"https:\/\/api.w.org\/{rel}","templated":true}]}}