{"id":560947,"date":"2025-11-26T22:43:15","date_gmt":"2025-11-26T22:43:15","guid":{"rendered":"https:\/\/www.europesays.com\/fr\/560947\/"},"modified":"2025-11-26T22:43:15","modified_gmt":"2025-11-26T22:43:15","slug":"une-prise-de-guerre-dans-le-camp-de-christian-estrosi","status":"publish","type":"post","link":"https:\/\/www.europesays.com\/fr\/560947\/","title":{"rendered":"une prise de guerre dans le camp de Christian Estrosi ?"},"content":{"rendered":"<p class=\"fs-5 \">S\u2019il rejoignait effectivement la liste d\u2019\u00c9ric Ciotti pour ces municipales, ce serait une sacr\u00e9e prise de guerre.<\/p>\n<p class=\"fs-5 \">Selon nos informations, Olivier Breuilly, ancien directeur g\u00e9n\u00e9ral des services (DGS) de la Ville de Nice et de la M\u00e9tropole, serait pressenti pour figurer parmi les 69 noms que le d\u00e9put\u00e9 UDR (Union des droites pour la R\u00e9publique) va aligner les 15 et 22 mars pour tenter de piquer l\u2019\u00e9charpe de maire \u00e0 Christian Estrosi.<\/p>\n<p>                                                                                D\u00e9barqu\u00e9 un an et demi apr\u00e8s<\/p>\n<p class=\"fs-5 \">Apr\u00e8s avoir \u0153uvr\u00e9 pendant deux ans au minist\u00e8re de la Culture au sein du cabinet de la ministre Roselyne Bachelot, Olivier Breuilly avait rejoint les services du maire de Nice en mars 2022.<\/p>\n<p class=\"fs-5 \">Un an et demi apr\u00e8s, il avait \u00e9t\u00e9 \u00ab\u00a0\u00e9cart\u00e9\u00a0\u00bb de ses fonctions pour une mission en lien avec la conf\u00e9rence des Nations unies sur l\u2019oc\u00e9an.<\/p>\n<p>            <img src=\"https:\/\/www.europesays.com\/fr\/wp-content\/uploads\/2025\/11\/1764196994_869_5d20c75_upload-from-url-1-9kynxkiogivl-data-art-16646919.jpg\"   loading=\"lazy\" decoding=\"async\" alt=\"Dans la salle Oc\u00e9aNice, samedi, pour l\u2019entr\u00e9e en campagne officielle du maire. \" class=\"img-fluid position-absolute w-100 object-fit-cover rounded-2\" width=\"600\" height=\"400\"\/><\/p>\n<p class=\"fs-5 \">D\u00e9barquement d\u00e9guis\u00e9\u00a0: il avait stopp\u00e9 cette mission quelques mois apr\u00e8s pour rejoindre Paris et de nouveaux minist\u00e8res.<\/p>\n<p class=\"fs-5 \">En tant que DGS, c\u2019est sur son impulsion que la m\u00e9tropole avait alert\u00e9 le procureur de la R\u00e9publique de Nice dans l\u2019affaire de la temp\u00eate Alex.<\/p>\n<p class=\"fs-5 \">Le parquet avait alors ouvert une enqu\u00eate pour \u00ab\u00a0d\u00e9tournement de fonds publics par une personne d\u00e9positaire de l\u2019autorit\u00e9 publique ou charg\u00e9e de mission de service public, escroquerie, faux, usage de faux\u00a0\u00bb.<br \/>Si l\u2019id\u00e9e se concr\u00e9tise, ce n\u2019est pas encore fait, Olivier Breuilly pourrait prendre en charge le gros morceau des finances.<\/p>\n","protected":false},"excerpt":{"rendered":"S\u2019il rejoignait effectivement la liste d\u2019\u00c9ric Ciotti pour ces municipales, ce serait une sacr\u00e9e prise de guerre. Selon&hellip;\n","protected":false},"author":2,"featured_media":560948,"comment_status":"","ping_status":"","sticky":false,"template":"","format":"standard","meta":{"footnotes":""},"categories":[2819],"tags":[1111,11,1777,674,1011,27,12,2401,882,25],"class_list":{"0":"post-560947","1":"post","2":"type-post","3":"status-publish","4":"format-standard","5":"has-post-thumbnail","7":"category-nice","8":"tag-actu","9":"tag-actualites","10":"tag-eu","11":"tag-europe","12":"tag-fr","13":"tag-france","14":"tag-news","15":"tag-nice","16":"tag-provence-alpes-cote-dazur","17":"tag-republique-francaise"},"share_on_mastodon":{"url":"https:\/\/pubeurope.com\/@fr\/115618421791806756","error":""},"_links":{"self":[{"href":"https:\/\/www.europesays.com\/fr\/wp-json\/wp\/v2\/posts\/560947","targetHints":{"allow":["GET"]}}],"collection":[{"href":"https:\/\/www.europesays.com\/fr\/wp-json\/wp\/v2\/posts"}],"about":[{"href":"https:\/\/www.europesays.com\/fr\/wp-json\/wp\/v2\/types\/post"}],"author":[{"embeddable":true,"href":"https:\/\/www.europesays.com\/fr\/wp-json\/wp\/v2\/users\/2"}],"replies":[{"embeddable":true,"href":"https:\/\/www.europesays.com\/fr\/wp-json\/wp\/v2\/comments?post=560947"}],"version-history":[{"count":0,"href":"https:\/\/www.europesays.com\/fr\/wp-json\/wp\/v2\/posts\/560947\/revisions"}],"wp:featuredmedia":[{"embeddable":true,"href":"https:\/\/www.europesays.com\/fr\/wp-json\/wp\/v2\/media\/560948"}],"wp:attachment":[{"href":"https:\/\/www.europesays.com\/fr\/wp-json\/wp\/v2\/media?parent=560947"}],"wp:term":[{"taxonomy":"category","embeddable":true,"href":"https:\/\/www.europesays.com\/fr\/wp-json\/wp\/v2\/categories?post=560947"},{"taxonomy":"post_tag","embeddable":true,"href":"https:\/\/www.europesays.com\/fr\/wp-json\/wp\/v2\/tags?post=560947"}],"curies":[{"name":"wp","href":"https:\/\/api.w.org\/{rel}","templated":true}]}}