{"id":560949,"date":"2025-11-26T22:44:22","date_gmt":"2025-11-26T22:44:22","guid":{"rendered":"https:\/\/www.europesays.com\/fr\/560949\/"},"modified":"2025-11-26T22:44:22","modified_gmt":"2025-11-26T22:44:22","slug":"nice-deplacement-de-gerald-darmanin-dans-les-alpes-maritimes-jeudi-27-novembre","status":"publish","type":"post","link":"https:\/\/www.europesays.com\/fr\/560949\/","title":{"rendered":"NICE : D\u00e9placement de G\u00e9rald DARMANIN dans les Alpes-Maritimes, jeudi 27 novembre"},"content":{"rendered":"<p><strong> D\u00e9placement de G\u00e9rald DARMANIN, garde des Sceaux, ministre de la Justice, dans les Alpes-Maritimes jeudi 27 novembre 2025.<\/strong><\/p>\n<p>D\u00e9placement de\u00a0 G\u00e9rald DARMANIN, garde des Sceaux, ministre de la Justice dans les Alpes-Maritimes, le jeudi 27 novembre 2025;<\/p>\n<p><strong>Programme pr\u00e9visionnel :<\/strong><\/p>\n<p>09h30 Arriv\u00e9e du garde des Sceaux, ministre de la Justice, \u00e0 Maison d\u2019arr\u00eat de Grasse<br \/>5 route des Gen\u00eats<br \/>06130 GRASSE<br \/>Visite de l\u2019\u00e9tablissement p\u00e9nitentiaire<br \/>\u00c9changes avec les agents p\u00e9nitentiaires<br \/>14h45 Arriv\u00e9e du garde des Sceaux, ministre de la Justice, au Tribunal judiciaire de Grasse<br \/>37, avenue Pierre S\u00e9mard<br \/>06130 GRASSE<br \/>Visite du Service d\u2019accueil unique du justiciable (SAUJ) et \u00e9changes avec les agents en charge de l\u2019accueil des victimes<br \/>\u00c9changes avec les magistrats et les agents du Tribunal judiciaire de Grasse<br \/>18h30 Arriv\u00e9e du garde des Sceaux, ministre de la Justice \u00e0 l\u2019h\u00f4tel Martinez<br \/>73, Boulevard de la Croisette<br \/>06400 CANNES<br \/>Conf\u00e9rence avec M. Gilles KEPEL.<\/p>\n","protected":false},"excerpt":{"rendered":"D\u00e9placement de G\u00e9rald DARMANIN, garde des Sceaux, ministre de la Justice, dans les Alpes-Maritimes jeudi 27 novembre 2025.&hellip;\n","protected":false},"author":2,"featured_media":124926,"comment_status":"","ping_status":"","sticky":false,"template":"","format":"standard","meta":{"footnotes":""},"categories":[2819],"tags":[1111,11,1777,674,1011,27,12,2401,882,25],"class_list":{"0":"post-560949","1":"post","2":"type-post","3":"status-publish","4":"format-standard","5":"has-post-thumbnail","7":"category-nice","8":"tag-actu","9":"tag-actualites","10":"tag-eu","11":"tag-europe","12":"tag-fr","13":"tag-france","14":"tag-news","15":"tag-nice","16":"tag-provence-alpes-cote-dazur","17":"tag-republique-francaise"},"share_on_mastodon":{"url":"https:\/\/pubeurope.com\/@fr\/115618426045716866","error":""},"_links":{"self":[{"href":"https:\/\/www.europesays.com\/fr\/wp-json\/wp\/v2\/posts\/560949","targetHints":{"allow":["GET"]}}],"collection":[{"href":"https:\/\/www.europesays.com\/fr\/wp-json\/wp\/v2\/posts"}],"about":[{"href":"https:\/\/www.europesays.com\/fr\/wp-json\/wp\/v2\/types\/post"}],"author":[{"embeddable":true,"href":"https:\/\/www.europesays.com\/fr\/wp-json\/wp\/v2\/users\/2"}],"replies":[{"embeddable":true,"href":"https:\/\/www.europesays.com\/fr\/wp-json\/wp\/v2\/comments?post=560949"}],"version-history":[{"count":0,"href":"https:\/\/www.europesays.com\/fr\/wp-json\/wp\/v2\/posts\/560949\/revisions"}],"wp:featuredmedia":[{"embeddable":true,"href":"https:\/\/www.europesays.com\/fr\/wp-json\/wp\/v2\/media\/124926"}],"wp:attachment":[{"href":"https:\/\/www.europesays.com\/fr\/wp-json\/wp\/v2\/media?parent=560949"}],"wp:term":[{"taxonomy":"category","embeddable":true,"href":"https:\/\/www.europesays.com\/fr\/wp-json\/wp\/v2\/categories?post=560949"},{"taxonomy":"post_tag","embeddable":true,"href":"https:\/\/www.europesays.com\/fr\/wp-json\/wp\/v2\/tags?post=560949"}],"curies":[{"name":"wp","href":"https:\/\/api.w.org\/{rel}","templated":true}]}}