{"id":560954,"date":"2025-11-26T22:50:25","date_gmt":"2025-11-26T22:50:25","guid":{"rendered":"https:\/\/www.europesays.com\/fr\/560954\/"},"modified":"2025-11-26T22:50:25","modified_gmt":"2025-11-26T22:50:25","slug":"le-gang-des-grands-crus-suspecte-davoir-derobe-les-vins-les-plus-prestigieux-de-france-juge-a-bordeaux","status":"publish","type":"post","link":"https:\/\/www.europesays.com\/fr\/560954\/","title":{"rendered":"Le \u00abgang des grands crus\u00bb, suspect\u00e9 d\u2019avoir d\u00e9rob\u00e9 les vins les plus prestigieux de France, jug\u00e9 \u00e0 Bordeaux"},"content":{"rendered":"<p>                             Par Le Figaro avec AFP<\/p>\n<p>                Le 26 novembre 2025 \u00e0 16h38<\/p>\n<p>    Le gang des grands crus est suspect\u00e9 du vol de vins tr\u00e8s prestigieux.<br \/>\n                lightpoet \/ stock.adobe.com<\/p>\n<p>\n    Roman\u00e9e-Conti, Petrus&#8230; Douze membres d\u2019un r\u00e9seau surnomm\u00e9 le \u00abgang des grands crus\u00bb comparaissent \u00e0 partir de ce mercredi \u00e0 Bordeaux. Le pr\u00e9judice est estim\u00e9 \u00e0 5 millions d\u2019euros.<\/p>\n<p class=\"fig-paragraph\">Le proc\u00e8s de douze membres pr\u00e9sum\u00e9s d&rsquo;un r\u00e9seau surnomm\u00e9 \u00able gang des grands crus\u00bb, dont six Chinois, s&rsquo;est ouvert mercredi 26 novembre \u00e0 Bordeaux pour des cambriolages d&rsquo;entrep\u00f4ts de vin dont le pr\u00e9judice avoisine cinq millions d&rsquo;euros. Apr\u00e8s deux ans et demi de bataille proc\u00e9durale, la cour d&rsquo;appel doit juger jusqu&rsquo;\u00e0 vendredi les pr\u00e9venus, poursuivis pour vols avec effraction et en r\u00e9union, association de malfaiteurs, ou recel.<\/p>\n<p class=\"fig-paragraph\">Le d\u00e9mant\u00e8lement du r\u00e9seau remonte \u00e0 d\u00e9cembre 2020\u00a0: un vaste coup de filet men\u00e9 par des gendarmes et des policiers en Gironde, Dordogne et dans la Loire cible alors \u00abdiff\u00e9rentes \u00e9quipes de voleurs sp\u00e9cialis\u00e9s dans les vols de grands crus\u00bb. Une seconde op\u00e9ration, men\u00e9e en mars 2021 par la gendarmerie dans un centre commercial de vente en gros \u00e0 Aubervilliers (Seine-Saint-Denis), permet ensuite \u00abd&rsquo;identifier une importante fili\u00e8re de recel de la marchandise d\u00e9rob\u00e9e, compos\u00e9e de commer\u00e7ants et de restaurateurs de la communaut\u00e9 asiatique\u00bb, avec des soup\u00e7ons de fili\u00e8re d&rsquo;export vers la Chine. Les enqu\u00eateurs ont saisi plusieurs centaines de bouteilles de grands crus du\u00a0<a href=\"https:\/\/avis-vin.lefigaro.fr\/connaitre-deguster\/tout-savoir-sur-le-vin\/guide-des-regions-et-des-appellations\/bordeaux\" target=\"_blank\" rel=\"sponsored noopener\" data-gtm-custom-categorie=\"navigation\" data-gtm-custom-action=\"crossclick\" data-gtm-custom-label=\"Contextuel\" data-gtm-event=\"customEventSPE\">Bordelais<\/a>\u00a0&#8211;\u00a0<a href=\"https:\/\/avis-vin.lefigaro.fr\/vins-champagne\/bordeaux\/sauternais\/d10866-chateau-d-yquem\" target=\"_blank\" rel=\"sponsored noopener\" data-gtm-custom-categorie=\"navigation\" data-gtm-custom-action=\"crossclick\" data-gtm-custom-label=\"Contextuel\" data-gtm-event=\"customEventSPE\">Ch\u00e2teau d&rsquo;Yquem<\/a>,\u00a0<a href=\"https:\/\/avis-vin.lefigaro.fr\/vins-champagne\/bordeaux\/medoc\/d20500-chateau-lafite-rothschild\" target=\"_blank\" rel=\"sponsored noopener\" data-gtm-custom-categorie=\"navigation\" data-gtm-custom-action=\"crossclick\" data-gtm-custom-label=\"Contextuel\" data-gtm-event=\"customEventSPE\">Lafite Rothschild<\/a>,\u00a0<a href=\"https:\/\/avis-vin.lefigaro.fr\/vins-champagne\/bordeaux\/rive-droite\/d16387-chateau-angelus\" target=\"_blank\" rel=\"sponsored noopener\" data-gtm-custom-categorie=\"navigation\" data-gtm-custom-action=\"crossclick\" data-gtm-custom-label=\"Contextuel\" data-gtm-event=\"customEventSPE\">Ang\u00e9lus<\/a>,\u00a0<a href=\"https:\/\/avis-vin.lefigaro.fr\/vins-champagne\/bordeaux\/d20545-petrus\" target=\"_blank\" rel=\"sponsored noopener\" data-gtm-custom-categorie=\"navigation\" data-gtm-custom-action=\"crossclick\" data-gtm-custom-label=\"Contextuel\" data-gtm-event=\"customEventSPE\">Petrus<\/a>,\u00a0<a href=\"https:\/\/avis-vin.lefigaro.fr\/vins-champagne\/bordeaux\/medoc\/d20532-chateau-margaux\" target=\"_blank\" rel=\"sponsored noopener\" data-gtm-custom-categorie=\"navigation\" data-gtm-custom-action=\"crossclick\" data-gtm-custom-label=\"Contextuel\" data-gtm-event=\"customEventSPE\">Ch\u00e2teau Margaux<\/a>,\u00a0<a href=\"https:\/\/avis-vin.lefigaro.fr\/vins-champagne\/bordeaux\/rive-droite\/d20568-chateau-cheval-blanc\" target=\"_blank\" rel=\"sponsored noopener\" data-gtm-custom-categorie=\"navigation\" data-gtm-custom-action=\"crossclick\" data-gtm-custom-label=\"Contextuel\" data-gtm-event=\"customEventSPE\">Cheval Blanc<\/a>\u00a0&#8211; et d&rsquo;ailleurs, comme la\u00a0<a href=\"https:\/\/avis-vin.lefigaro.fr\/vins-champagne\/bourgogne\/cote-de-nuits\/d22507-domaine-de-la-romanee-conti\" target=\"_blank\" rel=\"sponsored noopener\" data-gtm-custom-categorie=\"navigation\" data-gtm-custom-action=\"crossclick\" data-gtm-custom-label=\"Contextuel\" data-gtm-event=\"customEventSPE\">Roman\u00e9e-Conti<\/a>\u00a0(<a href=\"https:\/\/avis-vin.lefigaro.fr\/connaitre-deguster\/tout-savoir-sur-le-vin\/guide-des-regions-et-des-appellations\/bourgogne\" target=\"_blank\" rel=\"sponsored noopener\" data-gtm-custom-categorie=\"navigation\" data-gtm-custom-action=\"crossclick\" data-gtm-custom-label=\"Contextuel\" data-gtm-event=\"customEventSPE\">Bourgogne<\/a>).<\/p>\n<p class=\"fig-body-link\">\n            \u00c0 lire aussi<br \/>\n        <a class=\"fig-body-link__link\" href=\"http:\/\/avis-vin.lefigaro.fr\/economie-du-vin\/gang-des-grands-crus-12-personnes-jugees-pour-des-vols-de-vins-estimes-a-plusieurs-millions-d-euros-20250331\" target=\"_blank\" data-fig-type=\"NewsFlash\" rel=\"noopener\" data-gtm-custom-categorie=\"navigation\" data-gtm-custom-action=\"crossclick\" data-gtm-custom-label=\"Contextuel\" data-gtm-event=\"customEventSPE\" data-fig-domain=\"AVIS_VIN\"><\/p>\n<p>        \u00abGang des grands crus\u00bb\u00a0: 12 personnes jug\u00e9es pour des vols de vins estim\u00e9s \u00e0 plusieurs millions d&rsquo;euros<br \/>\n    <\/a>\n<\/p>\n<p>                                    <a class=\"fig-a11y-skip a11y-hidden\" href=\"#fig-a11y-skip-main-inarticle\"><br \/>\n        Passer la publicit\u00e9<br \/>\n    <\/a><\/p>\n<p>Au moins trois millions d\u2019euros de vin d\u00e9rob\u00e9s<\/p>\n<p class=\"fig-paragraph\">Le pr\u00e9judice inclut un butin d&rsquo;au moins trois millions d&rsquo;euros pour le vin, des vols de v\u00e9hicules ou encore des d\u00e9gradations. Les cambrioleurs ciblaient des entrep\u00f4ts de soci\u00e9t\u00e9s ou de maisons de n\u00e9goce, autour de Bordeaux, et agissaient de nuit en utilisant des fourgons vol\u00e9s, selon les enqu\u00eateurs. L&rsquo;un des principaux accus\u00e9s est un Girondin de 34 ans, au casier judiciaire d\u00e9j\u00e0 lourd, \u00e9galement poursuivi pour violences aggrav\u00e9es et pour le vol avec violence d&rsquo;environ 100.000 euros au pr\u00e9judice de plusieurs de ses copr\u00e9venus chinois. Jug\u00e9 en r\u00e9cidive, comparaissant libre, il encourt 20 ans de prison.<\/p>\n<p class=\"fig-paragraph\">En avril 2023, un premier proc\u00e8s avait \u00e9t\u00e9 ajourn\u00e9 par le tribunal correctionnel de Bordeaux en raison d&rsquo;irr\u00e9gularit\u00e9s d\u00e9nonc\u00e9es par la d\u00e9fense dans l&rsquo;ordonnance de renvoi du juge d&rsquo;instruction. L&rsquo;affaire \u00e9tait remont\u00e9e jusqu&rsquo;\u00e0 la Cour de cassation qui l&rsquo;avait renvoy\u00e9e devant la cour d&rsquo;appel de Bordeaux, sans qu&rsquo;il y ait eu de jugement de premi\u00e8re instance sur le fond du dossier, ni de modification de l&rsquo;ordonnance vis\u00e9e. Mercredi matin, plusieurs avocats de pr\u00e9venus ont encore d\u00e9nonc\u00e9 une \u00abviolation de leurs droits\u00bb &#8211; qui fait l&rsquo;objet d&rsquo;un autre pourvoi en cassation, toujours pendant. La cour a cependant d\u00e9cid\u00e9 de joindre ces contestations au fond de l&rsquo;affaire et d&rsquo;examiner les faits.<\/p>\n","protected":false},"excerpt":{"rendered":"Par Le Figaro avec AFP Le 26 novembre 2025 \u00e0 16h38 Le gang des grands crus est suspect\u00e9&hellip;\n","protected":false},"author":2,"featured_media":560955,"comment_status":"","ping_status":"","sticky":false,"template":"","format":"standard","meta":{"footnotes":""},"categories":[2817],"tags":[1111,11,1997,1777,674,1011,27,12,2219,2694,25,1175],"class_list":{"0":"post-560954","1":"post","2":"type-post","3":"status-publish","4":"format-standard","5":"has-post-thumbnail","7":"category-bordeaux","8":"tag-actu","9":"tag-actualites","10":"tag-bordeaux","11":"tag-eu","12":"tag-europe","13":"tag-fr","14":"tag-france","15":"tag-news","16":"tag-nouvelle-aquitaine","17":"tag-proces","18":"tag-republique-francaise","19":"tag-vol"},"share_on_mastodon":{"url":"https:\/\/pubeurope.com\/@fr\/115618448875519208","error":""},"_links":{"self":[{"href":"https:\/\/www.europesays.com\/fr\/wp-json\/wp\/v2\/posts\/560954","targetHints":{"allow":["GET"]}}],"collection":[{"href":"https:\/\/www.europesays.com\/fr\/wp-json\/wp\/v2\/posts"}],"about":[{"href":"https:\/\/www.europesays.com\/fr\/wp-json\/wp\/v2\/types\/post"}],"author":[{"embeddable":true,"href":"https:\/\/www.europesays.com\/fr\/wp-json\/wp\/v2\/users\/2"}],"replies":[{"embeddable":true,"href":"https:\/\/www.europesays.com\/fr\/wp-json\/wp\/v2\/comments?post=560954"}],"version-history":[{"count":0,"href":"https:\/\/www.europesays.com\/fr\/wp-json\/wp\/v2\/posts\/560954\/revisions"}],"wp:featuredmedia":[{"embeddable":true,"href":"https:\/\/www.europesays.com\/fr\/wp-json\/wp\/v2\/media\/560955"}],"wp:attachment":[{"href":"https:\/\/www.europesays.com\/fr\/wp-json\/wp\/v2\/media?parent=560954"}],"wp:term":[{"taxonomy":"category","embeddable":true,"href":"https:\/\/www.europesays.com\/fr\/wp-json\/wp\/v2\/categories?post=560954"},{"taxonomy":"post_tag","embeddable":true,"href":"https:\/\/www.europesays.com\/fr\/wp-json\/wp\/v2\/tags?post=560954"}],"curies":[{"name":"wp","href":"https:\/\/api.w.org\/{rel}","templated":true}]}}