{"id":560963,"date":"2025-11-26T22:57:14","date_gmt":"2025-11-26T22:57:14","guid":{"rendered":"https:\/\/www.europesays.com\/fr\/560963\/"},"modified":"2025-11-26T22:57:14","modified_gmt":"2025-11-26T22:57:14","slug":"lille-se-voit-taper-le-real-madrid","status":"publish","type":"post","link":"https:\/\/www.europesays.com\/fr\/560963\/","title":{"rendered":"Lille se voit taper le Real Madrid"},"content":{"rendered":"<p><b>Loin du top 8 au classement de la Ligue Europa, Lille devra battre le Dinamo Zagreb jeudi pour entretenir l\u2019espoir. Mais encore faudrait-il trouver la motivation n\u00e9cessaire contre ce genre d\u2019adversaire.<\/b><\/p>\n<p>Seulement 19e apr\u00e8s 4 journ\u00e9es de Ligue Europa, le <a href=\"https:\/\/www.foot01.com\/equipe\/lille\/\" target=\"_blank\" rel=\"noopener\">LOSC<\/a> s\u2019est sabord\u00e9. Sa campagne europ\u00e9enne avait parfaitement d\u00e9but\u00e9 avec des victoires contre les Norv\u00e9giens de Brann (2-1) et sur le terrain de la Roma (0-1). Mais les co\u00e9quipiers de Nabil Bentaleb ont tout g\u00e2ch\u00e9 contre le PAOK Salonique (3-4) et l\u2019Etoile Rouge de Belgrade (1-0). \u00ab On a super bien commenc\u00e9 la comp\u00e9tition avec deux victoires d&rsquo;entr\u00e9e mais on s&rsquo;est un peu compliqu\u00e9 la t\u00e2che avec ces deux derniers matchs \u00bb, a regrett\u00e9 le milieu nordiste, encore confiant pour la qualification directe.<\/p>\n<p>\u00ab Maintenant, tout reste \u00e0 jouer. Et on a encore notre sort entre les mains, a-t-il annonc\u00e9 avant d\u2019accueillir le Dinamo Zagreb jeudi. On est super motiv\u00e9s pour produire une bonne performance et obtenir un r\u00e9sultat positif. Si l\u2019on pense toujours au top 8 ? Bien s\u00fbr. C&rsquo;est encore possible. On a la capacit\u00e9 pour remporter tout type de match. Mais on ne se projettera pas plus loin que le match de jeudi. On sait que ce ne sera pas facile. Mais on a les qualit\u00e9s, les capacit\u00e9s de pouvoir remporter ce type de match. \u00bb Si le potentiel des Dogues fait l\u2019unanimit\u00e9, leur motivation dans cette Ligue Europa suscite davantage de doutes.<\/p>\n<p>Le LOSC, oppos\u00e9 \u00e0 des \u00e9quipes comme le Real Madrid la saison derni\u00e8re en Ligue des Champions, aurait-il du mal \u00e0 se motiver en C3 ? \u00ab Non, je ne pense pas, a r\u00e9pondu Nabil Bentaleb. Bien s\u00fbr, ce serait vous mentir de vous dire que jouer le Real Madrid, ce ne serait pas une plus belle affiche. Mais c&rsquo;est notre r\u00e9alit\u00e9 d&rsquo;aujourd&rsquo;hui. Aujourd&rsquo;hui, notre Real Madrid, c&rsquo;est le Dinamo Zagreb. Il faut se donner \u00e0 100 % pour ce type de match car on conna\u00eet tous son importance. \u00bb Une contre-performance face aux Croates mettrait d\u00e9j\u00e0 Lille en grand danger.<\/p>\n","protected":false},"excerpt":{"rendered":"Loin du top 8 au classement de la Ligue Europa, Lille devra battre le Dinamo Zagreb jeudi pour&hellip;\n","protected":false},"author":2,"featured_media":560964,"comment_status":"","ping_status":"","sticky":false,"template":"","format":"standard","meta":{"footnotes":""},"categories":[2815],"tags":[1111,11,1777,449,674,1011,27,811,1307,2267,12,25],"class_list":{"0":"post-560963","1":"post","2":"type-post","3":"status-publish","4":"format-standard","5":"has-post-thumbnail","7":"category-lille","8":"tag-actu","9":"tag-actualites","10":"tag-eu","11":"tag-europa-league","12":"tag-europe","13":"tag-fr","14":"tag-france","15":"tag-hauts-de-france","16":"tag-lille","17":"tag-losc","18":"tag-news","19":"tag-republique-francaise"},"share_on_mastodon":{"url":"https:\/\/pubeurope.com\/@fr\/115618476456145666","error":""},"_links":{"self":[{"href":"https:\/\/www.europesays.com\/fr\/wp-json\/wp\/v2\/posts\/560963","targetHints":{"allow":["GET"]}}],"collection":[{"href":"https:\/\/www.europesays.com\/fr\/wp-json\/wp\/v2\/posts"}],"about":[{"href":"https:\/\/www.europesays.com\/fr\/wp-json\/wp\/v2\/types\/post"}],"author":[{"embeddable":true,"href":"https:\/\/www.europesays.com\/fr\/wp-json\/wp\/v2\/users\/2"}],"replies":[{"embeddable":true,"href":"https:\/\/www.europesays.com\/fr\/wp-json\/wp\/v2\/comments?post=560963"}],"version-history":[{"count":0,"href":"https:\/\/www.europesays.com\/fr\/wp-json\/wp\/v2\/posts\/560963\/revisions"}],"wp:featuredmedia":[{"embeddable":true,"href":"https:\/\/www.europesays.com\/fr\/wp-json\/wp\/v2\/media\/560964"}],"wp:attachment":[{"href":"https:\/\/www.europesays.com\/fr\/wp-json\/wp\/v2\/media?parent=560963"}],"wp:term":[{"taxonomy":"category","embeddable":true,"href":"https:\/\/www.europesays.com\/fr\/wp-json\/wp\/v2\/categories?post=560963"},{"taxonomy":"post_tag","embeddable":true,"href":"https:\/\/www.europesays.com\/fr\/wp-json\/wp\/v2\/tags?post=560963"}],"curies":[{"name":"wp","href":"https:\/\/api.w.org\/{rel}","templated":true}]}}