{"id":560975,"date":"2025-11-26T23:05:13","date_gmt":"2025-11-26T23:05:13","guid":{"rendered":"https:\/\/www.europesays.com\/fr\/560975\/"},"modified":"2025-11-26T23:05:13","modified_gmt":"2025-11-26T23:05:13","slug":"proces-en-appel-du-crash-du-rio-paris-le-parquet-general-requiert-une-condamnation-pour-airbus-et-air-france-actualites","status":"publish","type":"post","link":"https:\/\/www.europesays.com\/fr\/560975\/","title":{"rendered":"Proc\u00e8s en appel du crash du Rio-Paris: le parquet g\u00e9n\u00e9ral requiert une condamnation pour Airbus et Air France : Actualit\u00e9s"},"content":{"rendered":"<p class=\"lead \">Le parquet g\u00e9n\u00e9ral a requis mercredi en appel une condamnation pour le constructeur a\u00e9ronautique europ\u00e9en Airbus et la compagnie Air France, jug\u00e9s pour homicides involontaires apr\u00e8s le crash du vol Rio-Paris en 2009 et relax\u00e9s en premi\u00e8re instance.<\/p>\n<p class=\"lead \">\u00ab\u00a0Nous requ\u00e9rons l&rsquo;infirmation du jugement rendu qui a relax\u00e9 les pr\u00e9venus et vous entrerez donc, Madame la pr\u00e9sidente, en voie de condamnation du chef d&rsquo;homicide involontaire\u00a0\u00bb, ont requis les deux avocats g\u00e9n\u00e9raux dans leur r\u00e9quisitoire, qualifiant d'\u00a0\u00bbind\u00e9cence\u00a0\u00bb la ligne de d\u00e9fense des deux entreprises lors du proc\u00e8s \u00e0 la cour d&rsquo;appel de Paris.<\/p>\n<p class=\"lead \">Airbus et Air France, relax\u00e9s en premi\u00e8re instance le 17 avril 2023 dans l&rsquo;affaire du crash du vol Rio-Paris AF447 dans lequel 228 personnes sont d\u00e9c\u00e9d\u00e9es, ne peuvent en tant que personnes morales \u00eatre condamn\u00e9es qu&rsquo;\u00e0 une peine d&rsquo;amende d&rsquo;un maximum de 225.000 euros.<\/p>\n<p class=\"lead \"> Selon le parquet g\u00e9n\u00e9ral, les deux entreprises sont coupables d&rsquo;un d\u00e9faut d&rsquo;information et de formation dans la survenue de l&rsquo;accident.<\/p>\n<p class=\"lead \">\u00ab\u00a0Cette condamnation jettera l\u2019opprobre, un discr\u00e9dit sur ces deux compagnies. C&rsquo;est une d\u00e9cision qui remettra l&rsquo;humain au sein de nos pr\u00e9occupations. Cette condamnation doit donc r\u00e9sonner comme un avertissement\u00a0\u00bb, a pr\u00e9venu l&rsquo;avocat g\u00e9n\u00e9ral Rodolphe Juy-Birmann, aux c\u00f4t\u00e9s de sa coll\u00e8gue Agn\u00e8s Labreuil.<\/p>\n<p class=\"lead \">Dans une salle pleine et particuli\u00e8rement calme, les familles des victimes ont \u00e9cout\u00e9 durant pr\u00e8s de cinq heures le r\u00e9quisitoire au terme duquel M. Juy-Birmann a tenu \u00e0 s&rsquo;adresser directement aux endeuill\u00e9s.<\/p>\n<p class=\"lead \">\u00ab\u00a0Seize ann\u00e9es \u00e9coul\u00e9es depuis le drame, c&rsquo;est long, beaucoup trop long. On a \u00e9t\u00e9 impressionn\u00e9s de vous savoir l\u00e0 chaque jour, si proche de nous, ce qui donne du sens \u00e0 notre mission. J&rsquo;esp\u00e8re que votre combat prendra fin quand la cour rendra sa d\u00e9cision dans quelques mois\u00a0\u00bb, a soulign\u00e9 le repr\u00e9sentant du minist\u00e8re public, \u00e9voquant la r\u00e9putation des pilotes qui \u00ab\u00a0ne sont en rien responsables de cet accident\u00a0\u00bb.<\/p>\n<p class=\"lead \">Dans ce proc\u00e8s, la justice reproche au constructeur a\u00e9ronautique europ\u00e9en d&rsquo;avoir sous-estim\u00e9 la gravit\u00e9 des d\u00e9faillances des sondes an\u00e9mom\u00e9triques, dont le givrage en haute altitude est le point de d\u00e9part de l&rsquo;accident, et de n&rsquo;avoir pas pris toutes les dispositions n\u00e9cessaires pour en informer d&rsquo;urgence les compagnies a\u00e9riennes qui en \u00e9taient \u00e9quip\u00e9es.<\/p>\n<p class=\"lead \">Le 1er juin 2009, le vol AF447 reliant Rio de Janeiro \u00e0 Paris s&rsquo;\u00e9tait ab\u00eem\u00e9 en pleine nuit dans l&rsquo;Atlantique, quelques heures apr\u00e8s son d\u00e9collage, entra\u00eenant la mort de ses 216 passagers et 12 membres d&rsquo;\u00e9quipage. A bord de l&rsquo;A330 immatricul\u00e9 F-GZCP se trouvaient des personnes de 33 nationalit\u00e9s, dont 72 Fran\u00e7ais et 58 Br\u00e9siliens.<\/p>\n<p class=\"small font-weight-bold text-gray3 \"> publi\u00e9 le 26 novembre \u00e0 19h46, AFP<\/p>\n<p>                             Partager<\/p>\n","protected":false},"excerpt":{"rendered":"Le parquet g\u00e9n\u00e9ral a requis mercredi en appel une condamnation pour le constructeur a\u00e9ronautique europ\u00e9en Airbus et la&hellip;\n","protected":false},"author":2,"featured_media":560976,"comment_status":"","ping_status":"","sticky":false,"template":"","format":"standard","meta":{"footnotes":""},"categories":[1888],"tags":[119,1111,1928,11,1927,7182,1777,674,1011,27,12,1926,626,1925,4780,25,2803],"class_list":{"0":"post-560975","1":"post","2":"type-post","3":"status-publish","4":"format-standard","5":"has-post-thumbnail","7":"category-paris","8":"tag-accident","9":"tag-actu","10":"tag-actu-paris","11":"tag-actualites","12":"tag-actualites-paris","13":"tag-aviation","14":"tag-eu","15":"tag-europe","16":"tag-fr","17":"tag-france","18":"tag-news","19":"tag-news-paris","20":"tag-paris","21":"tag-paris-news","22":"tag-procs","23":"tag-republique-francaise","24":"tag-transport"},"share_on_mastodon":{"url":"https:\/\/pubeurope.com\/@fr\/115618508024966910","error":""},"_links":{"self":[{"href":"https:\/\/www.europesays.com\/fr\/wp-json\/wp\/v2\/posts\/560975","targetHints":{"allow":["GET"]}}],"collection":[{"href":"https:\/\/www.europesays.com\/fr\/wp-json\/wp\/v2\/posts"}],"about":[{"href":"https:\/\/www.europesays.com\/fr\/wp-json\/wp\/v2\/types\/post"}],"author":[{"embeddable":true,"href":"https:\/\/www.europesays.com\/fr\/wp-json\/wp\/v2\/users\/2"}],"replies":[{"embeddable":true,"href":"https:\/\/www.europesays.com\/fr\/wp-json\/wp\/v2\/comments?post=560975"}],"version-history":[{"count":0,"href":"https:\/\/www.europesays.com\/fr\/wp-json\/wp\/v2\/posts\/560975\/revisions"}],"wp:featuredmedia":[{"embeddable":true,"href":"https:\/\/www.europesays.com\/fr\/wp-json\/wp\/v2\/media\/560976"}],"wp:attachment":[{"href":"https:\/\/www.europesays.com\/fr\/wp-json\/wp\/v2\/media?parent=560975"}],"wp:term":[{"taxonomy":"category","embeddable":true,"href":"https:\/\/www.europesays.com\/fr\/wp-json\/wp\/v2\/categories?post=560975"},{"taxonomy":"post_tag","embeddable":true,"href":"https:\/\/www.europesays.com\/fr\/wp-json\/wp\/v2\/tags?post=560975"}],"curies":[{"name":"wp","href":"https:\/\/api.w.org\/{rel}","templated":true}]}}