{"id":560981,"date":"2025-11-26T23:08:20","date_gmt":"2025-11-26T23:08:20","guid":{"rendered":"https:\/\/www.europesays.com\/fr\/560981\/"},"modified":"2025-11-26T23:08:20","modified_gmt":"2025-11-26T23:08:20","slug":"le-parquet-requiert-une-condamnation-pour-airbus-et-air-france","status":"publish","type":"post","link":"https:\/\/www.europesays.com\/fr\/560981\/","title":{"rendered":"le parquet requiert une condamnation pour Airbus et Air France"},"content":{"rendered":"<p class=\"article-p mdl\">Le parquet g\u00e9n\u00e9ral a requis, ce mercredi 26 novembre, en appel une condamnation pour le constructeur a\u00e9ronautique europ\u00e9en Airbus et la compagnie Air France, jug\u00e9s pour homicides involontaires apr\u00e8s\u00a0<a class=\"link\" href=\"https:\/\/www.rtl.fr\/actu\/justice-faits-divers\/j-attends-toujours-qu-elle-revienne-seize-ans-apres-le-crash-du-rio-paris-la-mere-d-une-victime-temoigne-sur-rtl-7900546399\" target=\"_blank\" rel=\"noopener\">le crash du vol Rio-Paris en 2009<\/a>\u00a0et relax\u00e9s en premi\u00e8re instance.<\/p>\n<p class=\"article-p mdl\">Seize ans apr\u00e8s le drame qui a co\u00fbt\u00e9 la vie \u00e0 228 personnes et un proc\u00e8s en premi\u00e8re instance ayant conclu en avril 2023 \u00e0 des \u00ab\u00a0imprudences\u00a0\u00bb et \u00ab\u00a0n\u00e9gligences\u00a0\u00bb sans qu'\u00a0\u00bbaucun lien de causalit\u00e9 certain\u00a0\u00bb n&rsquo;ait \u00ab\u00a0pu \u00eatre d\u00e9montr\u00e9\u00a0\u00bb, les avocats g\u00e9n\u00e9raux ont soutenu en appel que \u00ab\u00a0les fautes reproch\u00e9es aux deux soci\u00e9t\u00e9s a\u00e9riennes mises en causes, \u00e9taient caract\u00e9ris\u00e9es\u00a0\u00bb et ont requis une condamnation.<\/p>\n<p class=\"article-p mdl\">\u00ab\u00a0Nous requ\u00e9rons l&rsquo;infirmation du jugement rendu qui a relax\u00e9 les pr\u00e9venus et vous entrerez donc, Madame la pr\u00e9sidente, en voie de condamnation du chef d&rsquo;homicide involontaire\u00a0\u00bb, ont requis les deux avocats g\u00e9n\u00e9raux dans leur r\u00e9quisitoire, qualifiant d'\u00a0\u00bbind\u00e9cence\u00a0\u00bb la ligne de d\u00e9fense des deux entreprises lors du proc\u00e8s \u00e0 la cour d&rsquo;appel de Paris.<\/p>\n<p class=\"article-p mdl\">Airbus et Air France,\u00a0<a class=\"link\" href=\"https:\/\/www.rtl.fr\/actu\/justice-faits-divers\/crash-du-rio-paris-airbus-et-air-france-relaxes-7900256103\" target=\"_blank\" rel=\"noopener\">relax\u00e9s en premi\u00e8re instance le 17 avril 2023 dans l&rsquo;affaire du crash du vol Rio-Paris AF447<\/a>\u00a0dans lequel 228 personnes sont d\u00e9c\u00e9d\u00e9es, ne peuvent en tant que personnes morales \u00eatre condamn\u00e9es qu&rsquo;\u00e0 une peine d&rsquo;amende d&rsquo;un maximum de 225.000 euros.<\/p>\n<p>            \u00ab\u00a0C&rsquo;est une d\u00e9cision qui remettra l&rsquo;humain au sein de nos pr\u00e9occupations\u00a0\u00bb<\/p>\n<p class=\"article-p mdl\">Selon le parquet g\u00e9n\u00e9ral, les deux entreprises sont coupables d&rsquo;un d\u00e9faut d&rsquo;information et de formation dans la survenue de l&rsquo;accident. \u00ab\u00a0Cette condamnation jettera l&rsquo;opprobre, un discr\u00e9dit sur ces deux compagnies. C&rsquo;est une d\u00e9cision qui remettra l&rsquo;humain au sein de nos pr\u00e9occupations. Cette condamnation doit donc r\u00e9sonner comme un avertissement\u00a0\u00bb, a pr\u00e9venu l&rsquo;avocat g\u00e9n\u00e9ral, Rodolphe Juy-Birmann, aux c\u00f4t\u00e9s de sa coll\u00e8gue Agn\u00e8s Labreuil.<\/p>\n<p class=\"article-p mdl\">Dans une salle pleine et particuli\u00e8rement calme,<a class=\"link\" href=\"https:\/\/www.rtl.fr\/actu\/justice-faits-divers\/proces-du-crash-du-rio-paris-la-soeur-d-une-victime-attend-des-reponses-7900193798\" target=\"_blank\" rel=\"noopener\"> les familles des victimes ont \u00e9cout\u00e9 durant pr\u00e8s de cinq heures le r\u00e9quisitoire<\/a>\u00a0au terme duquel Rodolphe Juy-Birmann a tenu \u00e0 s&rsquo;adresser directement aux endeuill\u00e9s. \u00ab\u00a0Seize ann\u00e9es \u00e9coul\u00e9es depuis le drame, c&rsquo;est long, beaucoup trop long. On a \u00e9t\u00e9 impressionn\u00e9s de vous savoir l\u00e0 chaque jour, si proche de nous, ce qui donne du sens \u00e0 notre mission. J&rsquo;esp\u00e8re que votre combat prendra fin quand la cour rendra sa d\u00e9cision dans quelques mois\u00a0\u00bb, a soulign\u00e9 le repr\u00e9sentant du minist\u00e8re public, \u00e9voquant la r\u00e9putation des pilotes qui \u00ab\u00a0ne sont en rien responsables de cet accident\u00a0\u00bb.<\/p>\n<p>            228 personnes avaient trouv\u00e9 la mort dont  72 Fran\u00e7ais<\/p>\n<p class=\"article-p mdl\">Dans ce proc\u00e8s, la justice reproche au constructeur a\u00e9ronautique europ\u00e9en d&rsquo;avoir sous-estim\u00e9 la gravit\u00e9 des d\u00e9faillances des sondes an\u00e9mom\u00e9triques, dont le givrage en haute altitude est le point de d\u00e9part de l&rsquo;accident, et de n&rsquo;avoir pas pris toutes les dispositions n\u00e9cessaires pour en informer d&rsquo;urgence les compagnies a\u00e9riennes qui en \u00e9taient \u00e9quip\u00e9es.<\/p>\n<p class=\"article-p mdl\">Le 1er juin 2009, le vol AF447 reliant Rio de Janeiro \u00e0 Paris s&rsquo;\u00e9tait ab\u00eem\u00e9 en pleine nuit dans l&rsquo;Atlantique, quelques heures apr\u00e8s son d\u00e9collage, entra\u00eenant la mort de ses 216 passagers et 12 membres d&rsquo;\u00e9quipage. \u00c0\u00a0bord de l&rsquo;A330 immatricul\u00e9 F-GZCP se trouvaient des personnes de 33 nationalit\u00e9s, dont 72 Fran\u00e7ais et 58 Br\u00e9siliens.<\/p>\n<p>    La r\u00e9daction vous recommande<\/p>\n<p class=\"s-newsletter__title\">\n                L\u2019actualit\u00e9 par la r\u00e9daction de RTL dans votre bo\u00eete mail.\n            <\/p>\n<p class=\"s-newsletter__subtitle\">\n                Gr\u00e2ce \u00e0 votre compte RTL abonnez-vous \u00e0 la newsletter RTL info pour suivre toute l&rsquo;actualit\u00e9 au quotidien\n            <\/p>\n<p>\n                                    Lire la suite\n                                <\/p>\n","protected":false},"excerpt":{"rendered":"Le parquet g\u00e9n\u00e9ral a requis, ce mercredi 26 novembre, en appel une condamnation pour le constructeur a\u00e9ronautique europ\u00e9en&hellip;\n","protected":false},"author":2,"featured_media":560982,"comment_status":"","ping_status":"","sticky":false,"template":"","format":"standard","meta":{"footnotes":""},"categories":[1888],"tags":[11,1816,36,7182,4098,1777,674,107,1011,27,303,12,626,2694,25],"class_list":{"0":"post-560981","1":"post","2":"type-post","3":"status-publish","4":"format-standard","5":"has-post-thumbnail","7":"category-paris","8":"tag-actualites","9":"tag-air-france","10":"tag-airbus","11":"tag-aviation","12":"tag-crash","13":"tag-eu","14":"tag-europe","15":"tag-fil-info","16":"tag-fr","17":"tag-france","18":"tag-justice","19":"tag-news","20":"tag-paris","21":"tag-proces","22":"tag-republique-francaise"},"share_on_mastodon":{"url":"https:\/\/pubeurope.com\/@fr\/115618519746686005","error":""},"_links":{"self":[{"href":"https:\/\/www.europesays.com\/fr\/wp-json\/wp\/v2\/posts\/560981","targetHints":{"allow":["GET"]}}],"collection":[{"href":"https:\/\/www.europesays.com\/fr\/wp-json\/wp\/v2\/posts"}],"about":[{"href":"https:\/\/www.europesays.com\/fr\/wp-json\/wp\/v2\/types\/post"}],"author":[{"embeddable":true,"href":"https:\/\/www.europesays.com\/fr\/wp-json\/wp\/v2\/users\/2"}],"replies":[{"embeddable":true,"href":"https:\/\/www.europesays.com\/fr\/wp-json\/wp\/v2\/comments?post=560981"}],"version-history":[{"count":0,"href":"https:\/\/www.europesays.com\/fr\/wp-json\/wp\/v2\/posts\/560981\/revisions"}],"wp:featuredmedia":[{"embeddable":true,"href":"https:\/\/www.europesays.com\/fr\/wp-json\/wp\/v2\/media\/560982"}],"wp:attachment":[{"href":"https:\/\/www.europesays.com\/fr\/wp-json\/wp\/v2\/media?parent=560981"}],"wp:term":[{"taxonomy":"category","embeddable":true,"href":"https:\/\/www.europesays.com\/fr\/wp-json\/wp\/v2\/categories?post=560981"},{"taxonomy":"post_tag","embeddable":true,"href":"https:\/\/www.europesays.com\/fr\/wp-json\/wp\/v2\/tags?post=560981"}],"curies":[{"name":"wp","href":"https:\/\/api.w.org\/{rel}","templated":true}]}}