{"id":560991,"date":"2025-11-26T23:13:16","date_gmt":"2025-11-26T23:13:16","guid":{"rendered":"https:\/\/www.europesays.com\/fr\/560991\/"},"modified":"2025-11-26T23:13:16","modified_gmt":"2025-11-26T23:13:16","slug":"handball-championnat-du-monde-feminin-live-les-resultats-lallemagne-reussit-son-entree-sports-infos-ski","status":"publish","type":"post","link":"https:\/\/www.europesays.com\/fr\/560991\/","title":{"rendered":"Handball &#8211; Championnat du monde f\u00e9minin &#8211; LIVE &#8211; Les r\u00e9sultats &#8211; L&rsquo;Allemagne r\u00e9ussit son entr\u00e9e &#8211; Sports Infos &#8211; Ski"},"content":{"rendered":"<p>\u00c0 suivre en int\u00e9gralit\u00e9 sur beIN SPORTS.<\/p>\n<p>Mercredi 26 novembre 2025<\/p>\n<p>Tour pr\u00e9liminaire<\/p>\n<p><strong>26\/11<\/strong><\/p>\n<p>\ud83c\uddea\ud83c\uddf8 Espagne vs \ud83c\uddf5\ud83c\uddfe Paraguay : 26\/17<br \/>&#13;<br \/>\n\ud83c\udde9\ud83c\uddea Allemagne vs \ud83c\uddee\ud83c\uddf8 Islande : 32\/25<br \/>&#13;<br \/>\n\ud83c\uddf2\ud83c\uddea Mont\u00e9n\u00e9gro vs \ud83c\uddeb\ud83c\uddf4 \u00celes F\u00e9ro\u00e9 : 32\/27<br \/>&#13;<br \/>\n\ud83c\uddf7\ud83c\uddf8 Serbie vs \ud83c\uddfa\ud83c\uddfe Uruguay : 31\/19<br \/>&#13;<br \/>\n\u00a0<\/p>\n<p><strong>27\/11<\/strong><\/p>\n<p><strong>Tour pr\u00e9liminaire \u2013 Groupe A<\/strong><br \/>&#13;<br \/>\nRotterdam \/ Ahoy<br \/>&#13;<br \/>\n\ud83c\uddf7\ud83c\uddf4 Roumanie vs \ud83c\udded\ud83c\uddf7 Croatie<br \/>&#13;<br \/>\nHeure locale 18:00 \u2013 GMT 17:00<\/p>\n<p><strong>Tour pr\u00e9liminaire \u2013 Groupe G<\/strong><br \/>&#13;<br \/>\nStuttgart \/ Porsche-Arena<br \/>&#13;<br \/>\n\ud83c\udde7\ud83c\uddf7 Br\u00e9sil vs \ud83c\udde8\ud83c\uddfa Cuba<br \/>&#13;<br \/>\nHeure locale 18:00 \u2013 GMT 17:00<\/p>\n<p><strong>Tour pr\u00e9liminaire \u2013 Groupe B<\/strong><br \/>&#13;<br \/>\n&lsquo;s-Hertogenbosch \/ Maaspoort<br \/>&#13;<br \/>\n\ud83c\udde8\ud83c\udded Suisse vs \ud83c\uddee\ud83c\uddf7 Iran<br \/>&#13;<br \/>\nHeure locale 18:00 \u2013 GMT 17:00<\/p>\n<p><strong>Tour pr\u00e9liminaire \u2013 Groupe H<\/strong><br \/>&#13;<br \/>\nTrier \/ SWT Arena<br \/>&#13;<br \/>\n\ud83c\udde6\ud83c\uddf4 Angola vs \ud83c\uddf0\ud83c\uddff Kazakhstan<br \/>&#13;<br \/>\nHeure locale 18:00 \u2013 GMT 17:00<\/p>\n<p><strong>Tour pr\u00e9liminaire \u2013 Groupe H<\/strong><br \/>&#13;<br \/>\nTrier \/ SWT Arena<br \/>&#13;<br \/>\n\ud83c\uddf3\ud83c\uddf4 Norv\u00e8ge vs \ud83c\uddf0\ud83c\uddf7 Cor\u00e9e<br \/>&#13;<br \/>\nHeure locale 20:30 \u2013 GMT 19:30<\/p>\n<p><strong>Tour pr\u00e9liminaire \u2013 Groupe A<\/strong><br \/>&#13;<br \/>\nRotterdam \/ Ahoy<br \/>&#13;<br \/>\n\ud83c\udde9\ud83c\uddf0 Danemark vs \ud83c\uddef\ud83c\uddf5 Japon<br \/>&#13;<br \/>\nHeure locale 20:30 \u2013 GMT 19:30<\/p>\n<p><strong>Tour pr\u00e9liminaire \u2013 Groupe G<\/strong><br \/>&#13;<br \/>\nStuttgart \/ Porsche-Arena<br \/>&#13;<br \/>\n\ud83c\uddf8\ud83c\uddea Su\u00e8de vs \ud83c\udde8\ud83c\uddff Tch\u00e9quie<br \/>&#13;<br \/>\nHeure locale 20:30 \u2013 GMT 19:30<\/p>\n<p><strong>Tour pr\u00e9liminaire \u2013 Groupe B<\/strong><br \/>&#13;<br \/>\n&lsquo;s-Hertogenbosch \/ Maaspoort<br \/>&#13;<br \/>\n\ud83c\udded\ud83c\uddfa Hongrie vs \ud83c\uddf8\ud83c\uddf3 S\u00e9n\u00e9gal<br \/>&#13;<br \/>\nHeure locale 20:30 \u2013 GMT 19:30<\/p>\n<p>A SUIVRE<\/p>\n","protected":false},"excerpt":{"rendered":"\u00c0 suivre en int\u00e9gralit\u00e9 sur beIN SPORTS. Mercredi 26 novembre 2025 Tour pr\u00e9liminaire 26\/11 \ud83c\uddea\ud83c\uddf8 Espagne vs \ud83c\uddf5\ud83c\uddfe&hellip;\n","protected":false},"author":2,"featured_media":560992,"comment_status":"","ping_status":"","sticky":false,"template":"","format":"standard","meta":{"footnotes":""},"categories":[1587],"tags":[11,672,1804,3477,1805,49832,1803,1777,674,41349,1801,1792,1114,10837,12,24649,8975,15971,5240,1802,1980,8974,2955],"class_list":{"0":"post-560991","1":"post","2":"type-post","3":"status-publish","4":"format-standard","5":"has-post-thumbnail","7":"category-allemagne","8":"tag-actualites","9":"tag-allemagne","10":"tag-bundesrepublik-deutschland","11":"tag-cette","12":"tag-de","13":"tag-decembre","14":"tag-deutschland","15":"tag-eu","16":"tag-europe","17":"tag-feminins","18":"tag-germany","19":"tag-handball","20":"tag-infos","21":"tag-mondiaux","22":"tag-news","23":"tag-novembre","24":"tag-page","25":"tag-prevus","26":"tag-programme","27":"tag-republique-federale-dallemagne","28":"tag-resultats","29":"tag-retrouvez","30":"tag-videos"},"share_on_mastodon":{"url":"https:\/\/pubeurope.com\/@fr\/115618539430172306","error":""},"_links":{"self":[{"href":"https:\/\/www.europesays.com\/fr\/wp-json\/wp\/v2\/posts\/560991","targetHints":{"allow":["GET"]}}],"collection":[{"href":"https:\/\/www.europesays.com\/fr\/wp-json\/wp\/v2\/posts"}],"about":[{"href":"https:\/\/www.europesays.com\/fr\/wp-json\/wp\/v2\/types\/post"}],"author":[{"embeddable":true,"href":"https:\/\/www.europesays.com\/fr\/wp-json\/wp\/v2\/users\/2"}],"replies":[{"embeddable":true,"href":"https:\/\/www.europesays.com\/fr\/wp-json\/wp\/v2\/comments?post=560991"}],"version-history":[{"count":0,"href":"https:\/\/www.europesays.com\/fr\/wp-json\/wp\/v2\/posts\/560991\/revisions"}],"wp:featuredmedia":[{"embeddable":true,"href":"https:\/\/www.europesays.com\/fr\/wp-json\/wp\/v2\/media\/560992"}],"wp:attachment":[{"href":"https:\/\/www.europesays.com\/fr\/wp-json\/wp\/v2\/media?parent=560991"}],"wp:term":[{"taxonomy":"category","embeddable":true,"href":"https:\/\/www.europesays.com\/fr\/wp-json\/wp\/v2\/categories?post=560991"},{"taxonomy":"post_tag","embeddable":true,"href":"https:\/\/www.europesays.com\/fr\/wp-json\/wp\/v2\/tags?post=560991"}],"curies":[{"name":"wp","href":"https:\/\/api.w.org\/{rel}","templated":true}]}}