{"id":561006,"date":"2025-11-26T23:24:13","date_gmt":"2025-11-26T23:24:13","guid":{"rendered":"https:\/\/www.europesays.com\/fr\/561006\/"},"modified":"2025-11-26T23:24:13","modified_gmt":"2025-11-26T23:24:13","slug":"la-chronique-de-dominique-monami-on-sous-estime-encore-ce-que-realise-elise-mertens","status":"publish","type":"post","link":"https:\/\/www.europesays.com\/fr\/561006\/","title":{"rendered":"La chronique de Dominique Monami\u00a0: \u00ab\u00a0On sous-estime encore ce que r\u00e9alise Elise Mertens\u00a0\u00bb"},"content":{"rendered":"<p class=\"ap-StoryElement ap-StoryElement--mb ap-StoryText\">On a par ailleurs v\u00e9cu une grande campagne en Coupe Davis : battre l&rsquo;Australie chez elle, puis la France lors du Final 8, c&rsquo;est exceptionnel. Cette \u00e9quipe est jeune, soud\u00e9e, ambitieuse et fi\u00e8re de repr\u00e9senter la Belgique. \u00c7a se voit, \u00e7a se sent, et \u00e7a donne envie d&rsquo;y croire.<\/p>\n<blockquote class=\"ap-StoryQuote ap-StoryQuote--pullquote\"><p>guillement<\/p>\n<p class=\"ap-StoryQuote-text\">Le Roland-Garros sans Belge au deuxi\u00e8me tour a \u00e9t\u00e9 le point le plus bas de la saison tennistique.<\/p>\n<\/blockquote>\n<p class=\"ap-StoryElement ap-StoryElement--mb ap-StoryText\">Petit b\u00e9mol pour les lev\u00e9es du Grand Chelem, qui n&rsquo;ont pas souri \u00e0 nos compatriotes. Le Roland-Garros sans Belge au deuxi\u00e8me tour a \u00e9t\u00e9 le point le plus bas de la saison tennistique. Mais il faut aussi relever ce que beaucoup oublient : les tirages, la pression, les attentes. Sur l&rsquo;herbe, puis lors de l&rsquo;US Open et en fin de saison, ils ont bien redress\u00e9 la barre.<\/p>\n<p class=\"ap-StoryElement ap-StoryElement--mb ap-StoryText\">Je veux aussi parler d&rsquo;Elise Mertens. On la sous-estime, encore et toujours, parce qu&rsquo;elle est arriv\u00e9e juste apr\u00e8s l&rsquo;\u00e8re Henin-Clijsters. Pourtant, elle reste depuis des ann\u00e9es entre la 10e et la 30e place, tout en menant une carri\u00e8re de double exceptionnelle, terminant encore dans le top 5 mondial. \u00c0 Roland-Garros, elle avait eu la malchance de tomber contre Lo\u00efs Boisson, r\u00e9v\u00e9lation et future demi-finaliste\u2026 Elise est stable et solide. Certes, elle n&rsquo;a peut-\u00eatre pas une personnalit\u00e9 flamboyante, mais elle m\u00e9rite mille fois plus de lumi\u00e8re. Je le dis, je suis fan d&rsquo;Elise.<\/p>\n<p class=\"ap-StoryElement ap-StoryElement--mb ap-StoryText\">Et puis, cerise sur le g\u00e2teau, comme chez les hommes, on a une belle g\u00e9n\u00e9ration qui arrive chez les dames. Sofia Costoulas se rapproche enfin du niveau qu&rsquo;on lui pr\u00e9disait. Hanne Vandewinkel progresse \u00e0 grands pas. Et Jeline Vandromme, r\u00e9cemment finaliste au W75 de P\u00e9tange, est d\u00e9j\u00e0 dans le top 375, confirmant une progression fulgurante. En Billie Jean King Cup, avec cette \u00e9quipe, la Belgique est revenue dans le Groupe mondial : c&rsquo;est de bon augure pour l&rsquo;avenir.<\/p>\n","protected":false},"excerpt":{"rendered":"On a par ailleurs v\u00e9cu une grande campagne en Coupe Davis : battre l&rsquo;Australie chez elle, puis la&hellip;\n","protected":false},"author":2,"featured_media":561007,"comment_status":"","ping_status":"","sticky":false,"template":"","format":"standard","meta":{"footnotes":""},"categories":[1415],"tags":[1011,27,4175,4171,60,1467,45665],"class_list":{"0":"post-561006","1":"post","2":"type-post","3":"status-publish","4":"format-standard","5":"has-post-thumbnail","7":"category-tennis","8":"tag-fr","9":"tag-france","10":"tag-open-daustralie","11":"tag-roland-garros","12":"tag-sports","13":"tag-tennis","14":"tag-us-open-de-tennis"},"share_on_mastodon":{"url":"https:\/\/pubeurope.com\/@fr\/115618582559089860","error":""},"_links":{"self":[{"href":"https:\/\/www.europesays.com\/fr\/wp-json\/wp\/v2\/posts\/561006","targetHints":{"allow":["GET"]}}],"collection":[{"href":"https:\/\/www.europesays.com\/fr\/wp-json\/wp\/v2\/posts"}],"about":[{"href":"https:\/\/www.europesays.com\/fr\/wp-json\/wp\/v2\/types\/post"}],"author":[{"embeddable":true,"href":"https:\/\/www.europesays.com\/fr\/wp-json\/wp\/v2\/users\/2"}],"replies":[{"embeddable":true,"href":"https:\/\/www.europesays.com\/fr\/wp-json\/wp\/v2\/comments?post=561006"}],"version-history":[{"count":0,"href":"https:\/\/www.europesays.com\/fr\/wp-json\/wp\/v2\/posts\/561006\/revisions"}],"wp:featuredmedia":[{"embeddable":true,"href":"https:\/\/www.europesays.com\/fr\/wp-json\/wp\/v2\/media\/561007"}],"wp:attachment":[{"href":"https:\/\/www.europesays.com\/fr\/wp-json\/wp\/v2\/media?parent=561006"}],"wp:term":[{"taxonomy":"category","embeddable":true,"href":"https:\/\/www.europesays.com\/fr\/wp-json\/wp\/v2\/categories?post=561006"},{"taxonomy":"post_tag","embeddable":true,"href":"https:\/\/www.europesays.com\/fr\/wp-json\/wp\/v2\/tags?post=561006"}],"curies":[{"name":"wp","href":"https:\/\/api.w.org\/{rel}","templated":true}]}}