{"id":561008,"date":"2025-11-26T23:28:12","date_gmt":"2025-11-26T23:28:12","guid":{"rendered":"https:\/\/www.europesays.com\/fr\/561008\/"},"modified":"2025-11-26T23:28:12","modified_gmt":"2025-11-26T23:28:12","slug":"cyclisme-interview-geoffrey-bouchard-pourquoi-je-nai-pas-pris-ma-retraite","status":"publish","type":"post","link":"https:\/\/www.europesays.com\/fr\/561008\/","title":{"rendered":"Cyclisme. INTERVIEW &#8211; Geoffrey Bouchard : \u00abPourquoi je n&rsquo;ai pas pris ma retraite&#8230; \u00bb"},"content":{"rendered":"<p> Lire la suite de l&rsquo;article&#13;<\/p>\n<blockquote class=\"instagram-media\" style=\"background: #FFF; border: 0; border-radius: 3px; box-shadow: 0 0 1px 0 rgba(0,0,0,0.5),0 1px 10px 0 rgba(0,0,0,0.15); margin: 1px; max-width: 540px; min-width: 326px; padding: 0; width: calc(100% - 2px);\" data-instgrm-permalink=\"https:\/\/www.instagram.com\/reel\/DRcAhFGCKHe\/?utm_source=ig_embed&amp;utm_campaign=loading\" data-instgrm-version=\"14\"><p>&#13;<br \/>\n&#13;\n<\/p><\/blockquote>\n<p>&#13;<br \/>\n&#13;<\/p>\n<p>\u00a0<\/p>\n<p>&#13;<br \/>\n\u00ab\u00a0Une fin de carri\u00e8re un peu triste, maintenant&#8230;\u00a0\u00bb&#13;<\/p>\n<p><strong>Bonjour Geoffrey, bienvenue sur Cyclism&rsquo;Actu. La nouvelle a surpris : vous aviez annonc\u00e9 votre retraite, puis un mois apr\u00e8s votre arriv\u00e9e chez TotalEnergies. Comment allez-vous et quelles ont \u00e9t\u00e9 les r\u00e9actions autour de vous ?<\/strong><\/p>\n<p>&#13;<\/p>\n<p>Ces derni\u00e8res semaines, j\u2019ai v\u00e9cu un vrai ascenseur \u00e9motionnel. Malheureusement, je suis tomb\u00e9 pendant le Tour du Luxembourg, j\u2019ai pris la d\u00e9cision d\u2019arr\u00eater ma carri\u00e8re, avec une conjoncture un peu particuli\u00e8re, l\u2019arr\u00eat de plusieurs \u00e9quipes\u2026 Et puis le t\u00e9l\u00e9phone a ressonn\u00e9, ce qui m\u2019a surpris. On a r\u00e9ussi \u00e0 trouver un terrain d\u2019entente avec TotalEnergies et je suis super heureux de d\u00e9buter cette nouvelle aventure.<\/p>\n<p>&#13;<\/p>\n<p>\u00a0<\/p>\n<p>&#13;<\/p>\n<p><strong>Vous aviez annonc\u00e9 mi-octobre que vous alliez mettre un terme \u00e0 votre carri\u00e8re. Pourquoi cette d\u00e9cision-l\u00e0, pourquoi \u00e0 ce moment ?<\/strong><\/p>\n<p>&#13;<\/p>\n<p>J\u2019\u00e9tais bless\u00e9, je n\u2019\u00e9tais plus ma\u00eetre de mon destin. J\u2019ai pass\u00e9 un mois \u00e0 attendre, \u00e0 ne rien faire\u2026 Je voulais que \u00e7a avance, je voulais du concret. J\u2019avais m\u00eame entam\u00e9 les d\u00e9marches pour ma reconversion, je devais faire le DEJEPS. Et puis, d\u00e8s que j\u2019ai pu refaire un peu de sport, j\u2019ai retrouv\u00e9 l\u2019envie : courir, \u00eatre dehors, refaire du v\u00e9lo. Ma carri\u00e8re s\u2019\u00e9tait termin\u00e9e bizarrement sur une chute, au tout d\u00e9but d\u2019une course, alors qu\u2019il ne se passait rien. J\u2019avais peur d\u2019avoir des remords. Quand l\u2019opportunit\u00e9 s\u2019est pr\u00e9sent\u00e9e, le projet \u00e9tait all\u00e9chant, \u00e7a r\u00e9pondait aux attentes de mon futur employeur, alors je me suis dit : pourquoi pas ? J\u2019ai aussi sond\u00e9 ma famille, ma compagne, parce qu\u2019on venait de vivre une fin de carri\u00e8re un peu triste, un peu bizarre. Maintenant, c\u2019est reparti, je suis motiv\u00e9 comme un cadet.<\/p>\n<p>&#13;<\/p>\n<p>\u00a0<\/p>\n<p>&#13;<\/p>\n<p><strong>Comment les contacts avec TotalEnergies se sont-ils faits ?<\/strong><\/p>\n<p>&#13;<\/p>\n<p>Ce sont eux qui m\u2019ont relanc\u00e9. Je n\u2019avais pas eu de contacts avant. Ils m\u2019ont expos\u00e9 le projet, expliqu\u00e9 ce que fait l\u2019\u00e9quipe, leurs valeurs\u2026 et \u00e7a a match\u00e9.<\/p>\n<p>&#13;<\/p>\n<p>\u00a0<\/p>\n<p>&#13;<\/p>\n<p><strong>Y a-t-il eu un \u00e9l\u00e9ment particulier qui vous a convaincu ?<\/strong><\/p>\n<p>&#13;<\/p>\n<p>Je ne remplissais plus les attentes de Decathlon AG2R La Mondiale. En septembre, ils m\u2019ont annonc\u00e9 que je n\u2019\u00e9tais pas conserv\u00e9. J\u2019ai toujours eu un profil offensif, h\u00e9rit\u00e9 de mes ann\u00e9es amateurs. Avec TotalEnergies, j\u2019ai l\u2019opportunit\u00e9 de courir de mani\u00e8re d\u00e9complex\u00e9e, d\u2019attaquer. Sortir un peu du sch\u00e9ma WorldTour, d\u00e9couvrir d\u2019autres courses\u2026 c\u2019\u00e9tait une vraie volont\u00e9 et \u00e7a m\u2019enchante.<\/p>\n<p>&#13;<\/p>\n<p style=\"text-align: center;\">\n<p>&#13;<\/p>\n<p>\u00a0<\/p>\n<p>&#13;<br \/>\n\u00ab\u00a0L&rsquo;ADN de Decathlon AG2R a \u00e9volu\u00e9\u00a0\u00bb&#13;<\/p>\n<p><strong>Que retenez-vous de vos 7 ann\u00e9es chez Decathlon AG2R ?<\/strong><\/p>\n<p>&#13;<\/p>\n<p>Mon pass\u00e9 amateur m\u2019a aid\u00e9 \u00e0 me projeter \u00e0 l\u2019avant. \u00c7a m\u2019a permis d\u2019aller chercher des points en montagne, d\u2019exister sur les Grands Tours. J\u2019ai parfois manqu\u00e9 de chance, mais j\u2019ai quand m\u00eame gagn\u00e9 sur le Tour des Alpes. J\u2019ai vu l\u2019\u00e9quipe grandir tr\u00e8s vite et je pense qu\u2019ils ont un tr\u00e8s bon projet. Mais je ne correspondais plus \u00e0 ce qu\u2019ils recherchaient.<\/p>\n<p>&#13;<\/p>\n<p>\u00a0<\/p>\n<p>&#13;<\/p>\n<p><strong>Pourquoi n\u2019avez-vous pas \u00e9t\u00e9 renouvel\u00e9 ?<\/strong><\/p>\n<p>&#13;<\/p>\n<p>L\u2019\u00e9quipe se concentre davantage sur le sprint. Historiquement, AG2R, c\u2019\u00e9tait une \u00e9quipe offensive, qui allait dans les \u00e9chapp\u00e9es, qui jouait les classements g\u00e9n\u00e9raux. L\u2019ADN a \u00e9volu\u00e9. Et du coup, \u00e7a ne correspondait plus \u00e0 mon profil.<\/p>\n<p>&#13;<\/p>\n<p>\u00a0<\/p>\n<p>&#13;<\/p>\n<p><strong>Vous avez c\u00f4toy\u00e9 Paul Seixas quelques mois. Qu\u2019avez-vous pens\u00e9 de lui ?<\/strong><\/p>\n<p>&#13;<\/p>\n<p>D\u00e8s le stage de d\u00e9cembre, on a vu qu\u2019il \u00e9tait tr\u00e8s solide. Il avait une mani\u00e8re un peu particuli\u00e8re de p\u00e9daler, on disait en rigolant que c\u2019\u00e9tait parce qu\u2019il avait \u00ab\u00a0un morceau de poumon en plus\u00a0\u00bb. Il a de superbes qualit\u00e9s physiques et est tr\u00e8s bien dans sa t\u00eate. Je lui souhaite le meilleur, m\u00eame si on sera adversaires l\u2019an prochain.<\/p>\n<p>&#13;<\/p>\n<p style=\"text-align: center;\">\n<p>&#13;<\/p>\n<p>\u00a0<\/p>\n<p>&#13;<br \/>\n<strong>\u00ab\u00a0Le Tour de France 2026 ?\u00a0<\/strong>Il faudra \u00eatre honn\u00eate au moment venu\u00a0\u00bb&#13;<\/p>\n<p><strong>Quels seront vos objectifs pour 2026 avec TotalEnergies ?<\/strong><\/p>\n<p>&#13;<\/p>\n<p>Je suis plut\u00f4t grimpeur, j\u2019habite en Savoie au pied des montagnes. L\u2019objectif est de renforcer ce secteur dans l\u2019\u00e9quipe, d\u2019apporter mon exp\u00e9rience, de retrouver du plaisir et de la grinta. Le v\u00e9lo a \u00e9volu\u00e9, mais je vais donner le maximum. J\u2019ai \u00e9t\u00e9 tr\u00e8s bien accueilli quand je suis pass\u00e9 en Vend\u00e9e et j\u2019ai h\u00e2te d\u2019\u00eatre dans cette dynamique.<\/p>\n<p>&#13;<\/p>\n<p>\u00a0<\/p>\n<p>&#13;<\/p>\n<p><strong>Le Tour de France 2026 pourrait-il devenir un objectif ?<\/strong><\/p>\n<p>&#13;<\/p>\n<p>Il faudra \u00eatre honn\u00eate au moment venu. Je reviens de loin. Mais si physiquement je suis dans les clous, oui, \u00e7a pourrait devenir un objectif. En 2022, j\u2019avais d\u00fb quitter le Tour \u00e0 cause d\u2019un test Covid positif. \u00c7a serait beau de vivre enfin un Tour r\u00e9ussi, chez moi en Savoie avec des \u00e9tapes proches de chez moi.<\/p>\n<p>&#13;<\/p>\n<p>\u00a0<\/p>\n<p>&#13;<\/p>\n<p><strong>Quelles sont vos prochaines \u00e9ch\u00e9ances ?<\/strong><\/p>\n<p>&#13;<\/p>\n<p>On va rapidement se retrouver en stage \u00e0 Calpe. J\u2019ai d\u00e9j\u00e0 eu des contacts avec Beno\u00eet Genauzeau, avec Jean-Ren\u00e9 Bernaudeau. Pour l\u2019instant, je travaille avec mon entra\u00eeneur pour retrouver la condition. Je veux m\u2019adapter \u00e0 l\u2019\u00e9quipe et prendre un maximum de choses pour briller.<\/p>\n<p><script async src=\"\/\/www.instagram.com\/embed.js\"><\/script><\/p>\n","protected":false},"excerpt":{"rendered":"Lire la suite de l&rsquo;article&#13; &#13; &#13; &#13; &#13; \u00a0 &#13; \u00ab\u00a0Une fin de carri\u00e8re un peu triste,&hellip;\n","protected":false},"author":2,"featured_media":561009,"comment_status":"","ping_status":"","sticky":false,"template":"","format":"standard","meta":{"footnotes":""},"categories":[1411],"tags":[1154,207,211,1011,27,2173,209,60,210,212,208,213],"class_list":{"0":"post-561008","1":"post","2":"type-post","3":"status-publish","4":"format-standard","5":"has-post-thumbnail","7":"category-cyclisme","8":"tag-cycling","9":"tag-cyclisme","10":"tag-ffc","11":"tag-fr","12":"tag-france","13":"tag-interview","14":"tag-route","15":"tag-sports","16":"tag-tour-de-france","17":"tag-uci","18":"tag-velo","19":"tag-world-tour"},"share_on_mastodon":{"url":"https:\/\/pubeurope.com\/@fr\/115618598440671831","error":""},"_links":{"self":[{"href":"https:\/\/www.europesays.com\/fr\/wp-json\/wp\/v2\/posts\/561008","targetHints":{"allow":["GET"]}}],"collection":[{"href":"https:\/\/www.europesays.com\/fr\/wp-json\/wp\/v2\/posts"}],"about":[{"href":"https:\/\/www.europesays.com\/fr\/wp-json\/wp\/v2\/types\/post"}],"author":[{"embeddable":true,"href":"https:\/\/www.europesays.com\/fr\/wp-json\/wp\/v2\/users\/2"}],"replies":[{"embeddable":true,"href":"https:\/\/www.europesays.com\/fr\/wp-json\/wp\/v2\/comments?post=561008"}],"version-history":[{"count":0,"href":"https:\/\/www.europesays.com\/fr\/wp-json\/wp\/v2\/posts\/561008\/revisions"}],"wp:featuredmedia":[{"embeddable":true,"href":"https:\/\/www.europesays.com\/fr\/wp-json\/wp\/v2\/media\/561009"}],"wp:attachment":[{"href":"https:\/\/www.europesays.com\/fr\/wp-json\/wp\/v2\/media?parent=561008"}],"wp:term":[{"taxonomy":"category","embeddable":true,"href":"https:\/\/www.europesays.com\/fr\/wp-json\/wp\/v2\/categories?post=561008"},{"taxonomy":"post_tag","embeddable":true,"href":"https:\/\/www.europesays.com\/fr\/wp-json\/wp\/v2\/tags?post=561008"}],"curies":[{"name":"wp","href":"https:\/\/api.w.org\/{rel}","templated":true}]}}