{"id":561012,"date":"2025-11-26T23:31:35","date_gmt":"2025-11-26T23:31:35","guid":{"rendered":"https:\/\/www.europesays.com\/fr\/561012\/"},"modified":"2025-11-26T23:31:35","modified_gmt":"2025-11-26T23:31:35","slug":"apres-14-ans-les-bayonnais-retrouvent-le-musee-bonnat-helleu","status":"publish","type":"post","link":"https:\/\/www.europesays.com\/fr\/561012\/","title":{"rendered":"Apr\u00e8s 14 ans, les Bayonnais retrouvent le mus\u00e9e Bonnat-Helleu"},"content":{"rendered":"<p>L&rsquo;institution rouvre enfin ses portes le\u00a027\u00a0novembre, forte d\u2019une extension am\u00e9nag\u00e9e dans une ancienne \u00e9cole.<\/p>\n<p>Depuis la gare de Bayonne, il faut compter cinq minutes de marche. La vue qui se d\u00e9ploie sur le pont Saint-Esprit ne manque pas de panache. Petit virage \u00e0 gauche, puis \u00e0 droite. Une odeur de chocolat chaud embaume la rue Jacques Laffitte o\u00f9 se trouve la nouvelle entr\u00e9e du mus\u00e9e Bonnat-Helleu, fond\u00e9 en 1891 et baptis\u00e9 du nom de deux grands peintres et collectionneurs locaux. Leurs legs successifs, entre 1922 et 2011, constituent le c\u0153ur d\u2019un fonds de 7 000 \u0153uvres\u00a0\u2014 peintures, sculptures, dessins et objets\u00a0d\u2019art\u00a0\u2014,\u00a0allant de l\u2019Antiquit\u00e9 au XX\u1d49\u00a0si\u00e8cle.\u00a0Le parcours en comprend quelque 2 500. \u00ab\u00a0Nous avons fait le choix de l\u2019\u00e9pure dans la mise en espace. Quand il y en a trop, l\u2019\u0153il ne sait plus o\u00f9 regarder ; or notre souhait, c\u2019est v\u00e9ritablement que les gens voient\u00a0\u00bb, explique H\u00e9l\u00e8ne Ferron, la directrice des collections. La fermeture de l\u2019\u00e9tablissement, au lendemain d\u2019une temp\u00eate, a dur\u00e9 quatorze ans. Il n\u2019en fallait pas moins pour mener des \u00e9tudes, repenser l\u2019accrochage, pr\u00e9parer l\u2019entr\u00e9e du mus\u00e9e dans le XXIe si\u00e8cle&#8230; Le\u00a0budget total\u00a0du projet\u00a0s\u2019\u00e9l\u00e8ve \u00e0\u00a029 millions d\u2019euros, dont\u00a014\u00a0financ\u00e9s par la\u00a0Ville de Bayonne, le reste\u2026<\/p>\n","protected":false},"excerpt":{"rendered":"L&rsquo;institution rouvre enfin ses portes le\u00a027\u00a0novembre, forte d\u2019une extension am\u00e9nag\u00e9e dans une ancienne \u00e9cole. Depuis la gare de&hellip;\n","protected":false},"author":2,"featured_media":561013,"comment_status":"","ping_status":"","sticky":false,"template":"","format":"standard","meta":{"footnotes":""},"categories":[1358],"tags":[1348,1384,1385,9202,1386,58,59,1011,27,53431,7107],"class_list":{"0":"post-561012","1":"post","2":"type-post","3":"status-publish","4":"format-standard","5":"has-post-thumbnail","7":"category-arts-et-design","8":"tag-arts","9":"tag-arts-and-design","10":"tag-arts-et-design","11":"tag-bayonne","12":"tag-design","13":"tag-divertissement","14":"tag-entertainment","15":"tag-fr","16":"tag-france","17":"tag-musee-bonnat-helleu","18":"tag-musees"},"share_on_mastodon":{"url":"https:\/\/pubeurope.com\/@fr\/115618610118204018","error":""},"_links":{"self":[{"href":"https:\/\/www.europesays.com\/fr\/wp-json\/wp\/v2\/posts\/561012","targetHints":{"allow":["GET"]}}],"collection":[{"href":"https:\/\/www.europesays.com\/fr\/wp-json\/wp\/v2\/posts"}],"about":[{"href":"https:\/\/www.europesays.com\/fr\/wp-json\/wp\/v2\/types\/post"}],"author":[{"embeddable":true,"href":"https:\/\/www.europesays.com\/fr\/wp-json\/wp\/v2\/users\/2"}],"replies":[{"embeddable":true,"href":"https:\/\/www.europesays.com\/fr\/wp-json\/wp\/v2\/comments?post=561012"}],"version-history":[{"count":0,"href":"https:\/\/www.europesays.com\/fr\/wp-json\/wp\/v2\/posts\/561012\/revisions"}],"wp:featuredmedia":[{"embeddable":true,"href":"https:\/\/www.europesays.com\/fr\/wp-json\/wp\/v2\/media\/561013"}],"wp:attachment":[{"href":"https:\/\/www.europesays.com\/fr\/wp-json\/wp\/v2\/media?parent=561012"}],"wp:term":[{"taxonomy":"category","embeddable":true,"href":"https:\/\/www.europesays.com\/fr\/wp-json\/wp\/v2\/categories?post=561012"},{"taxonomy":"post_tag","embeddable":true,"href":"https:\/\/www.europesays.com\/fr\/wp-json\/wp\/v2\/tags?post=561012"}],"curies":[{"name":"wp","href":"https:\/\/api.w.org\/{rel}","templated":true}]}}