{"id":561026,"date":"2025-11-26T23:39:29","date_gmt":"2025-11-26T23:39:29","guid":{"rendered":"https:\/\/www.europesays.com\/fr\/561026\/"},"modified":"2025-11-26T23:39:29","modified_gmt":"2025-11-26T23:39:29","slug":"les-10-bons-plans-amazon-qui-valent-vraiment-le-coup-au-black-friday-sont-dans-ce-guide","status":"publish","type":"post","link":"https:\/\/www.europesays.com\/fr\/561026\/","title":{"rendered":"Les 10 bons plans Amazon qui valent vraiment le coup au Black Friday sont dans ce guide"},"content":{"rendered":"<p>Le Black Friday 2025 est un long mois de promotions diverses et vari\u00e9es. C\u00f4t\u00e9 tech et divertissement, on a pas mal de choses qui pourront ravir celles et ceux qui cherchent \u00e0 offrir ou s\u2019offrir de beaux cadeaux \u00e0 No\u00ebl. Sur Amazon, entre les consoles du moment, des smartphones excellents ou des t\u00e9l\u00e9s et autres enceintes, on en a vraiment pour tous les go\u00fbts.<\/p>\n<p>La r\u00e9daction de Numerama v\u00e9rifie que tous les prix des bons plans relay\u00e9s sont soit au plus bas jamais publi\u00e9, soit \u00e0 \u00e9galit\u00e9 avec un autre prix le plus bas. Ainsi, vous \u00e9chappez aux faux bons plans qui pullulent sur le web en cette p\u00e9riode de consommation.<\/p>\n<p>PlayStation 5 standard avec FIFA\/FC 26<\/p>\n<p><a href=\"https:\/\/www.numerama.com\/wp-content\/uploads\/2025\/11\/ps5-slim-numerique-black-friday-2-1024x576-1.jpg\" target=\"_blank\" rel=\"noopener\"><img decoding=\"async\" width=\"1024\" height=\"576\" loading=\"lazy\" alt=\"ps5-slim-numerique-black-friday-2-1024\u00d7576\" title=\"ps5-slim-numerique-black-friday-2-1024\u00d7576\" class=\"wp-image-2127307 placeholder-default wp-image\" src=\"https:\/\/www.europesays.com\/fr\/wp-content\/uploads\/2025\/11\/ps5-slim-numerique-black-friday-2-1024x576-1.jpg\" \/><\/a><\/p>\n<p><strong>Le pitch ? <\/strong>Un pack console <a href=\"https:\/\/www.numerama.com\/consoles\/playstation-5-slim\/\" target=\"_blank\" rel=\"noopener\">PlayStation 5 standard<\/a> avec lecteur Blu-ray et le jeu <a href=\"https:\/\/www.numerama.com\/jeux-video\/ea-sports-fc-26\/\" target=\"_blank\" rel=\"noopener\">EA SPORTS FC 26<\/a> (code de t\u00e9l\u00e9chargement). La PS5 n\u2019est plus \u00e0 pr\u00e9senter, elle offre des temps de chargement quasi instantan\u00e9s gr\u00e2ce \u00e0 son disque SSD ultra-rapide, une interface utilisateur intuitive et des graphismes avanc\u00e9s avec le ray tracing. Elle est livr\u00e9e avec une manette DualSense sans fil pour jouer tout de suite. Bref, la console id\u00e9ale pour profiter des jeux PS5 et de la r\u00e9trocompatibilit\u00e9 PS4.<\/p>\n<p><strong>Pourquoi l\u2019acheter ? <\/strong>C\u2019est LA console next-gen \u00e0 avoir, avec un jeu offert en prime. \u00c0 449 \u20ac, c\u2019est une excellente affaire pour entrer dans l\u2019univers PlayStation 5 avec LE jeu de foot par excellence (votre OM virtuel pourra avoir sa deuxi\u00e8me \u00e9toile).<\/p>\n<p>Sonos Era 100 \u2013 Enceinte intelligente<\/p>\n<p><a href=\"https:\/\/www.numerama.com\/wp-content\/uploads\/2023\/03\/img-1835.jpg\" target=\"_blank\" rel=\"noopener\"><img decoding=\"async\" width=\"1024\" height=\"576\" loading=\"lazy\" alt=\"La Sonos Era 100 \/\/ Source : Maxime Claudel pour Numerama\" title=\"La Sonos Era 100 \/\/ Source : Maxime Claudel pour Numerama\" class=\"wp-image-1318638 placeholder-default wp-image\" src=\"https:\/\/www.europesays.com\/fr\/wp-content\/uploads\/2025\/11\/img-1835-1024x576.jpg\" \/><\/a><\/p>\n<p><strong>Le pitch ? <\/strong>Une enceinte intelligente Wi-Fi et Bluetooth compatible avec Amazon Alexa, disponible en blanc ou noir. Puissance de sortie de 10 Watts avec r\u00e9ponse en fr\u00e9quence de 60 Hz et technologie st\u00e9r\u00e9o. L\u2019<a href=\"https:\/\/www.numerama.com\/tech\/1318396-test-de-la-sonos-era-100-lexcellence-dans-la-polyvalence.html\" target=\"_blank\" rel=\"noopener\">Era 100<\/a> de Sonos offre un son riche et immersif dans un format compact, parfait pour n\u2019importe quelle pi\u00e8ce de la maison. Compatible avec l\u2019\u00e9cosyst\u00e8me Sonos pour un syst\u00e8me audio multi-pi\u00e8ces.<\/p>\n<p><strong>Pourquoi l\u2019acheter ? <\/strong>Sonos, c\u2019est la r\u00e9f\u00e9rence en audio connect\u00e9. \u00c0 189 \u20ac au lieu de 229 \u20ac, c\u2019est le moment d\u2019investir dans une enceinte qui va durer des ann\u00e9es et offrir un son exceptionnel. Vous pouvez en prendre plusieurs pour avoir un son surround.<\/p>\n<p>Microsoft Surface Pro 11 \u2013 Snapdragon X Elite<\/p>\n<p><a href=\"https:\/\/www.numerama.com\/wp-content\/uploads\/2025\/03\/surface-pro-11.jpg\" target=\"_blank\" rel=\"noopener\"><img decoding=\"async\" width=\"1024\" height=\"576\" loading=\"lazy\" alt=\"Microsoft Surface Pro 11 \/\/ Source : Microsoft\" title=\"Microsoft Surface Pro 11 \/\/ Source : Microsoft\" class=\"wp-image-1937095 placeholder-default wp-image\" src=\"https:\/\/www.europesays.com\/fr\/wp-content\/uploads\/2025\/11\/surface-pro-11-1024x576.jpg\" \/><\/a><\/p>\n<p><strong>Le pitch ?<\/strong> Un PC portable 2-en-1 avec \u00e9cran tactile OLED 13 pouces, processeur Snapdragon X Elite (12 c\u0153urs), 16 Go de <a href=\"https:\/\/www.numerama.com\/tech\/730345-cest-quoi-la-ram.html\" target=\"_blank\" rel=\"noopener\">RAM<\/a> et SSD de 512 Go. Le <a href=\"https:\/\/www.numerama.com\/tablettes\/surface-pro-11\/\" target=\"_blank\" rel=\"noopener\">Surface Pro<\/a> offre la polyvalence d\u2019une tablette avec la puissance d\u2019un ordinateur portable, id\u00e9al pour les professionnels nomades qui sont allergiques \u00e0 macOS. Compatible Windows 11 Home avec clavier AZERTY RGB. \u00c9cran haute r\u00e9solution 3K avec taux de rafra\u00eechissement de 120 Hz.<\/p>\n<p><strong>Pourquoi l\u2019acheter ? <\/strong>Le Surface Pro avec processeur ARM Snapdragon X Elite, c\u2019est une autonomie record, un silence absolu, et des performances exceptionnelles. \u00c0 1 249 \u20ac au lieu de 1 779 \u20ac, c\u2019est une affaire en or.<\/p>\n<p>Xiaomi TV F Pro 75 pouces<\/p>\n<p><a href=\"https:\/\/www.numerama.com\/wp-content\/uploads\/2025\/11\/preblackfriday-numerama-xiaomi-tv-f-pro-75.jpg\" target=\"_blank\" rel=\"noopener\"><img decoding=\"async\" width=\"1024\" height=\"576\" loading=\"lazy\" alt=\"Xiaomi TV F Pro 75 \/\/ Source : Montage Numerama\" title=\"Xiaomi TV F Pro 75 \/\/ Source : Montage Numerama\" class=\"wp-image-2116499 placeholder-default wp-image\" src=\"https:\/\/www.europesays.com\/fr\/wp-content\/uploads\/2025\/11\/preblackfriday-numerama-xiaomi-tv-f-pro-75-1024x576.jpg\" \/><\/a><\/p>\n<p><strong>Le pitch ? <\/strong>Un smart TV <a href=\"https:\/\/www.numerama.com\/tech\/1150528-quest-ce-que-la-4k.html\" data-popover-target=\"definition\" data-tag=\"Qu\u2019est-ce que la d\u00e9finition 4K\u00a0?\" data-chapo=\"La 4K est une d\u00e9finition d\u2019image dont la taille minimale est th\u00e9oriquement de 4 096 pixels. Par abus de langage, on qualifie d\u00e9sormais les \u00e9crans proposant une d\u00e9finition minimale de 3 840 x 2 160 pixels de t\u00e9l\u00e9viseurs 4K.\" data-image=\"https:\/\/c0.lestechnophiles.com\/www.numerama.com\/wp-content\/uploads\/2022\/10\/chauhan-moniz-3a0bs74t8zc-unsplash-1024x576.jpg?key=601d780f\" target=\"_blank\" rel=\"noopener\">4K UHD<\/a> QLED de 190 cm (75 pouces) avec contr\u00f4le vocal Alexa et HDR10+. Mode Game Boost 120 Hz pour les joueurs, MEMC pour des images fluides et compatible AirPlay pour diffuser depuis vos appareils Apple. La TV Xiaomi inclut des applications Prime Video et Alexa pr\u00e9install\u00e9es, id\u00e9ale pour le streaming et le gaming.<\/p>\n<p><strong>Pourquoi l\u2019acheter ? <\/strong>75 pouces en QLED avec Fire TV \u00e0 499 \u20ac, c\u2019est du jamais vu. Xiaomi propose un rapport qualit\u00e9-prix imbattable pour transformer votre salon en salle de cin\u00e9ma.<\/p>\n<p>Apple iPhone 16 \u2013 128 Go<\/p>\n<p><a href=\"https:\/\/www.numerama.com\/wp-content\/uploads\/2024\/11\/black-friday-2024-iphone-16.jpg\" target=\"_blank\" rel=\"noopener\"><img decoding=\"async\" width=\"1024\" height=\"681\" loading=\"lazy\" alt=\"iPhone 16 bf 2024 \/\/ Source : Montage Numerama\" title=\"iPhone 16 bf 2024 \/\/ Source : Montage Numerama\" class=\"wp-image-1855850 placeholder-default wp-image\" src=\"https:\/\/www.europesays.com\/fr\/wp-content\/uploads\/2025\/11\/black-friday-2024-iphone-16-1024x681.jpg\" \/><\/a><\/p>\n<p><strong>Le pitch ?<\/strong> L\u2019<a href=\"https:\/\/www.numerama.com\/smartphones\/iphone-16\/\" target=\"_blank\" rel=\"noopener\">iPhone 16<\/a> en noir avec 128 Go de stockage. L\u2019avant-derni\u00e8re g\u00e9n\u00e9ration d\u2019iPhone offrant des performances encore \u00e0 la pointe, un syst\u00e8me photo avanc\u00e9 et une autonomie am\u00e9lior\u00e9e. Compatible avec l\u2019\u00e9cosyst\u00e8me Apple (AirPods, Apple Watch, etc.) et b\u00e9n\u00e9ficiant de mises \u00e0 jour iOS pendant plusieurs ann\u00e9es. Disponible en plusieurs coloris (noir, blanc, bleu clair, violet, rose).<\/p>\n<p><strong>Pourquoi l\u2019acheter ? <\/strong>L\u2019iPhone 16 \u00e0 799 \u20ac au lieu de 869 \u20ac, c\u2019est rare. Si vous voulez <a href=\"https:\/\/www.numerama.com\/tech\/1814876-test-des-iphone-16-et-iphone-16-plus-nos-coups-de-coeur-chez-apple-en-2024.html\" target=\"_blank\" rel=\"noopener\">l\u2019un des avant-derniers iPhone<\/a> sans vous ruiner, c\u2019est maintenant ou jamais.<\/p>\n<p>CMF Phone 2 Pro \u2013 Smartphone 5G<\/p>\n<p><a href=\"https:\/\/www.numerama.com\/wp-content\/uploads\/2025\/11\/cmf-phone-2-pro-black-friday-1.jpg\" target=\"_blank\" rel=\"noopener\"><img decoding=\"async\" width=\"1024\" height=\"576\" loading=\"lazy\" alt=\"CMF Phone 2 Pro\" title=\"CMF Phone 2 Pro\" class=\"wp-image-2127211 placeholder-default wp-image\" src=\"https:\/\/www.europesays.com\/fr\/wp-content\/uploads\/2025\/11\/cmf-phone-2-pro-black-friday-1-1024x576.jpg\" \/><\/a><\/p>\n<p><strong>Le pitch ?<\/strong> Un smartphone 5G avec appareil photo 50 MP et zoom 20x, \u00e9cran AMOLED FHD+ de 6,77 pouces \u00e0 120 Hz, batterie de 5 000 mAh et syst\u00e8me Nothing OS 3.2. \u00c9quip\u00e9 de 8 Go de RAM et 128 Go de stockage, disponible en blanc ou vert menthe. Design modulaire unique sign\u00e9 CMF by Nothing (on adore).<\/p>\n<p><strong>Pourquoi l\u2019acheter ? <\/strong><a href=\"https:\/\/www.numerama.com\/smartphones\/cmf-phone-2-pro\/\" target=\"_blank\" rel=\"noopener\">CMF by Nothing<\/a> propose un smartphone 5G ultra-complet \u00e0 prix cass\u00e9 : 251 \u20ac pour un \u00e9cran 120 Hz, une batterie g\u00e9ante et un design modulaire unique. <\/p>\n<p>ASUS Vivobook S 15 \u2013 Snapdragon X Plus<\/p>\n<p><a href=\"https:\/\/www.numerama.com\/wp-content\/uploads\/2024\/11\/copie-de-prebf-numerama-solo-28.jpg\" target=\"_blank\" rel=\"noopener\"><img decoding=\"async\" width=\"1024\" height=\"576\" loading=\"lazy\" alt=\"ASUS VivoBook 15 pouces \/\/ Source : Numerama\" title=\"ASUS VivoBook 15 pouces \/\/ Source : Numerama\" class=\"wp-image-1839818 placeholder-default wp-image\" src=\"https:\/\/www.europesays.com\/fr\/wp-content\/uploads\/2025\/11\/copie-de-prebf-numerama-solo-28-1024x576.jpg\" \/><\/a><\/p>\n<p><strong>Le pitch ? <\/strong>Un PC portable 15,6 pouces 3K OLED \u00e0 120 Hz avec processeur Qualcomm Snapdragon X Plus (8 c\u0153urs), 16 Go de RAM LPDDR5X et SSD de 512 Go. Fonctionne sous Windows 11 Home avec clavier AZERTY RGB r\u00e9tro\u00e9clair\u00e9. Design ultra-fin et l\u00e9ger, id\u00e9al pour la mobilit\u00e9.<\/p>\n<p><strong>Pourquoi l\u2019acheter ? <\/strong>Un PC portable ARM avec \u00e9cran OLED 3K pour 629 \u20ac au lieu de 769 \u20ac, c\u2019est une aubaine. L\u2019autonomie et les performances du Snapdragon X Plus suffisent pour les t\u00e2ches de bureautique avanc\u00e9e.<\/p>\n<p>Apple MacBook Air 13 pouces M4<\/p>\n<p><a href=\"https:\/\/www.numerama.com\/wp-content\/uploads\/2025\/11\/macbook-air-m4-13-black-friday.jpg\" target=\"_blank\" rel=\"noopener\"><img decoding=\"async\" width=\"1024\" height=\"576\" loading=\"lazy\" alt=\"MacBook Air M4 (13&quot;)\" title=\"MacBook Air M4 (13&quot;)\" class=\"wp-image-2125321 placeholder-default wp-image\" src=\"https:\/\/www.europesays.com\/fr\/wp-content\/uploads\/2025\/11\/macbook-air-m4-13-black-friday-1024x576.jpg\" \/><\/a>MacBook Air M4 (13\u2033) \/\/ Source : Numerama<\/p>\n<p><strong>Le pitch ?<\/strong> MacBook Air 13 pouces avec puce M4, \u00e9cran Liquid Retina de 13,6 pouces, 16 Go de m\u00e9moire unifi\u00e9e et stockage SSD de 256 Go. Design ultra-fin et l\u00e9ger, disponible en coloris Minuit (noir bleut\u00e9) ainsi qu\u2019en argent, or et bleu ciel. <\/p>\n<p><strong>Pourquoi l\u2019acheter ? <\/strong><a href=\"https:\/\/www.numerama.com\/tech\/1923273-test-du-macbook-air-m4-le-seul-ordinateur-portable-qui-merite-votre-attention.html\" target=\"_blank\" rel=\"noopener\">Le MacBook Air M4<\/a> \u00e0 899 \u20ac au lieu de 1 089 \u20ac, c\u2019est THE deal. Performances exceptionnelles, autonomie de folie, et design iconique Apple. Parfait pour les cr\u00e9atifs, les \u00e9tudiants, les professionnels de l\u2019image, les r\u00e9dacteurs, les vid\u00e9astes\u2026 bref, c\u2019est notre gros coup de c\u0153ur c\u00f4t\u00e9 informatique mobile.<\/p>\n<p>Google Pixel 9a \u2013 Smartphone Android<\/p>\n<p><a href=\"https:\/\/www.numerama.com\/wp-content\/uploads\/2025\/11\/google-pixel-9a-black-friday.jpg\" target=\"_blank\" rel=\"noopener\"><img decoding=\"async\" width=\"1024\" height=\"576\" loading=\"lazy\" alt=\"Google Pixel 9a\" title=\"Google Pixel 9a\" class=\"wp-image-2125401 placeholder-default wp-image\" src=\"https:\/\/www.europesays.com\/fr\/wp-content\/uploads\/2025\/11\/google-pixel-9a-black-friday-1024x576.jpg\" \/><\/a>Google Pixel 9a \/\/ Source : Numerama<\/p>\n<p><strong>Le pitch ? <\/strong>Smartphone Android avec appareil photo IA, batterie longue dur\u00e9e et s\u00e9curit\u00e9 robuste. Disponible en porcelaine (rose p\u00e2le) avec 128 Go de stockage. Le Pixel 9a offre l\u2019exp\u00e9rience Android pure sign\u00e9e Google avec mises \u00e0 jour garanties pendant plusieurs ann\u00e9es et fonctionnalit\u00e9s IA exclusives. On adore la gamme Pixel sur Numerama.<\/p>\n<p><strong>Pourquoi l\u2019acheter ? <\/strong><a href=\"https:\/\/www.numerama.com\/smartphones\/pixel-9a\/\" target=\"_blank\" rel=\"noopener\">Le Pixel 9a<\/a> \u00e0 399 \u20ac au lieu de 434 \u20ac, c\u2019est l\u2019excellence Android by Google \u00e0 prix mini. Photo IA exceptionnelle, mises \u00e0 jour garanties 7 ans. Bref, foncez.<\/p>\n<p>Nintendo Switch 2 + Mario Kart World<\/p>\n<p><a href=\"https:\/\/www.numerama.com\/wp-content\/uploads\/2025\/10\/nintendo-switch-2-black-friday.jpg\" target=\"_blank\" rel=\"noopener\"><img decoding=\"async\" width=\"1024\" height=\"576\" loading=\"lazy\" alt=\"Nintendo Switch 2 + Mario Kart World\" title=\"Nintendo Switch 2 + Mario Kart World\" class=\"wp-image-2108167 placeholder-default wp-image\" src=\"https:\/\/www.europesays.com\/fr\/wp-content\/uploads\/2025\/11\/1764200367_324_nintendo-switch-2-black-friday-1024x576.jpg\" \/><\/a>Nintendo Switch 2 + Mario Kart World \/\/ Source : Numerama<\/p>\n<p><strong>Le pitch ? <\/strong>Un pack console <a href=\"https:\/\/www.numerama.com\/consoles\/switch-2\/\" target=\"_blank\" rel=\"noopener\">Nintendo Switch 2<\/a> avec le jeu Mario Kart World. La nouvelle g\u00e9n\u00e9ration de console Nintendo offre des graphismes am\u00e9lior\u00e9s et de nouvelles fonctionnalit\u00e9s tout en conservant le concept hybride salon\/portable. Le pack inclut une console Nintendo Switch 2, deux manettes Joy-Con 2 (G+D), un support Joy-Con 2, une station d\u2019accueil Nintendo Switch 2, un c\u00e2ble HDMI ultra haute vitesse, un adaptateur secteur, un c\u00e2ble de recharge USB-C et un code de t\u00e9l\u00e9chargement pour <a href=\"https:\/\/www.numerama.com\/pop-culture\/1991761-test-de-mario-kart-world-le-mode-survie-change-absolument-tout.html\" target=\"_blank\" rel=\"noopener\">Mario Kart World<\/a>. <\/p>\n<p><strong>Pourquoi l\u2019acheter ? <\/strong>C\u2019est, \u00e0 date, la meilleure console de Nintendo. Pour jouer aux derniers titres iconiques dans les meilleures conditions, c\u2019est la console qu\u2019il vous faut. Oh et n\u2019oubliez pas de <a href=\"https:\/\/www.numerama.com\/pop-culture\/2081835-la-version-complete-de-hades-2-est-la-8-points-a-retenir-sur-le-roguelite.html\" target=\"_blank\" rel=\"noopener\">prendre Had\u00e8s 2 au passage<\/a>.<\/p>\n<p>Nos guides du Black Friday<\/p>\n<p><a href=\"https:\/\/www.numerama.com\/tech\/2122651-voici-les-10-meilleurs-deals-amazon-pour-la-black-friday-week.html\" target=\"_blank\" rel=\"noopener\">\u27a1\ufe0f Voici les 10 meilleurs deals Amazon pour la Black Friday Week<\/a><\/p>\n<p><a href=\"https:\/\/www.numerama.com\/tech\/2116129-voici-les-meilleures-promos-sur-les-televiseurs-pendant-le-black-friday.html\" target=\"_blank\" rel=\"noopener\">\u27a1\ufe0f Voici les meilleures promos sur les t\u00e9l\u00e9viseurs pendant le Black Friday<\/a><\/p>\n<p><a href=\"https:\/\/www.numerama.com\/tech\/2111847-voici-les-meilleures-promos-sur-les-smartphones-pendant-le-black-friday.html\" target=\"_blank\" rel=\"noopener\">\u27a1\ufe0f Les meilleures promos sur les smartphones pendant le Black Friday<\/a><\/p>\n<p><a href=\"https:\/\/www.numerama.com\/pop-culture\/2117473-si-vous-aimez-lespace-ces-lego-en-promo-pour-le-black-friday-devraient-vous-plaire.html\" target=\"_blank\" rel=\"noopener\">\u27a1\ufe0f Si vous aimez l\u2019espace, ces Lego en promo pour le Black Friday devraient vous plaire<\/a><\/p>\n<p><a href=\"https:\/\/www.numerama.com\/vroom\/2115057-on-a-trouve-8-excellents-velos-electriques-a-prix-hallucinant-dans-le-bike-friday-dupway.html\" target=\"_blank\" rel=\"noopener\">\u27a1\ufe0f 8 excellents v\u00e9los \u00e9lectriques \u00e0 prix hallucinant dans le \u00ab\u00a0Bike Friday\u00a0\u00bb<\/a><\/p>\n<p><a href=\"https:\/\/www.numerama.com\/tech\/2109653-la-fnac-et-darty-jouent-deja-le-jeu-du-black-friday-voici-les-meilleures-promos-disponibles.html\" target=\"_blank\" rel=\"noopener\">\u27a1\ufe0f Les meilleures promos chez La Fnac et Darty<\/a><\/p>\n<p><a href=\"https:\/\/www.numerama.com\/tech\/2106091-boulanger-degaine-son-black-friday-en-avance-voici-les-meilleures-promos.html\" target=\"_blank\" rel=\"noopener\">\u27a1\ufe0f Les meilleurs bons plans chez Boulanger<\/a><\/p>\n<p>Nos derniers bons plans du Balck Friday<\/p>\n<p><a href=\"https:\/\/www.numerama.com\/tech\/2126657-vous-ne-trouverez-pas-plus-gros-que-cet-enorme-forfait-5g-sur-le-reseau-de-bouygues-telecom.html\" target=\"_blank\" rel=\"noopener\">\ud83d\udc49 Vous ne trouverez pas plus gros que cet \u00e9norme forfait 5G sur le r\u00e9seau de Bouygues Telecom<br \/><\/a><a href=\"https:\/\/www.numerama.com\/tech\/2125875-airpods-4-vs-google-pixels-buds-2a-lesquels-choisir-en-promo-pendant-le-black-friday.html\" target=\"_blank\" rel=\"noopener\">\ud83d\udc49 AirPods 4 vs Google Pixels Buds 2a\u00a0: lesquels choisir en promo pendant le Black Friday\u00a0?<\/a><\/p>\n<p>Black Friday 2025 : tout ce qu\u2019il faut savoir<\/p>\n<p>Depuis une dizaine d\u2019ann\u00e9es, le <a href=\"https:\/\/www.numerama.com\/tag\/black-friday\/\" target=\"_blank\" rel=\"noopener\">Black Friday<\/a> s\u2019est infiltr\u00e9 dans le calendrier commercial des grandes marques et enseignes fran\u00e7aises. Avec l\u2019exp\u00e9rience, on peut vous dire que cet \u00e9v\u00e8nement fait partie des meilleurs moments pour faire de bonnes affaires.<\/p>\n<p>Les dates du Black Friday<\/p>\n<p>Bien qu\u2019il porte encore le nom du vendredi noir, le Black Friday s\u2019\u00e9tend d\u00e9sormais sur un mois chez la plupart des revendeurs. Un format moins typique qui lui retire un peu son petit c\u00f4t\u00e9 FOMO. On dirait presque les soldes, finalement. Mais c\u2019est aussi moins le rush, ce qui est finalement une bonne chose pour ceux qui veulent faire des achats plus raisonn\u00e9s. Globalement, on peut r\u00e9sumer ce Black Friday en quatre temps forts :<\/p>\n<ul class=\"wp-block-list\">\n<li>D\u00e9but novembre\u00a0: les avant-premi\u00e8res Black Friday<\/li>\n<li>20\u00a0novembre\u00a0: la Black Week commence environ 1 semaine avant le jour J<\/li>\n<li>28 novembre : la date officielle du Black Friday (mais g\u00e9n\u00e9ralement les offres commencent avant et se prolongent le week-end)<\/li>\n<li>1\u1d49\u02b3\u00a0d\u00e9cembre\u00a0: le Cyber Monday<\/li>\n<\/ul>\n<p>Quels sites participent au Black Friday ?<\/p>\n<p>Dans les cat\u00e9gories qui nous int\u00e9ressent sur Numerama, on peut lister les r\u00e9ductions des enseignes suivantes :<\/p>\n<p>Que faut-il acheter pendant le Black Friday ?<\/p>\n<p>Bonne question. Globalement tous les rayons profitent des remises, mais il ne faut pour autant pas se jeter sur les premiers prix brad\u00e9s. N\u2019oubliez pas que <a href=\"https:\/\/www.numerama.com\/tech\/1834992-balck-friday-2025-dates-offres-et-sites.html\" target=\"_blank\" rel=\"noopener\">pour les enseignes ce moment est aussi l\u2019occasion de d\u00e9stocker de vieux produits<\/a>, dont les plus remis\u00e9s fr\u00f4lent parfois l\u2019obsolescence.<\/p>\n<p>Qu\u2019il s\u2019agisse d\u2019un t\u00e9l\u00e9viseur, d\u2019un smartphone, d\u2019un casque sans-fil, d\u2019un aspirateur balai, on ne peut que vous conseiller de suivre <a href=\"https:\/\/www.numerama.com\/tag\/guide-dachat\/\" target=\"_blank\" rel=\"noopener\">nos guides d\u2019achats<\/a> d\u00e9di\u00e9s pour savoir quels mod\u00e8les valent le coup en 2025.<\/p>\n<p>Pour les produits phares comme des AirPods, des PS5, un iPhone, un Galaxy S25, la question se pose moins, mais sachez que <a href=\"https:\/\/www.numerama.com\/tag\/test\/\" target=\"_blank\" rel=\"noopener\">nos tests<\/a> sont l\u00e0 pour vous aider \u00e0 savoir s\u2019ils m\u00e9ritent votre argent.<\/p>\n<p>Quoi qu\u2019il en soit chez Numerama nous faisons d\u00e9j\u00e0 le tri \u00e0 votre place en relayant uniquement <a href=\"https:\/\/www.numerama.com\/tag\/bons-plans\/\" target=\"_blank\" rel=\"noopener\">des bons plans<\/a> pertinents : des offres sur des produits \u00e0 la fois int\u00e9ressant et dont le prix est le meilleur observ\u00e9 en ligne.<\/p>\n<p>            <img decoding=\"async\" src=\"https:\/\/www.europesays.com\/fr\/wp-content\/uploads\/2025\/04\/iPhone-16-pro.png\" alt=\"Toute l'actu tech en un clien d'oeil\"\/><\/p>\n<p class=\"card-install-pwa__title\">Toute l&rsquo;actu tech en un clin d&rsquo;\u0153il<\/p>\n<p class=\"card-install-pwa__description\">Ajoutez Numerama \u00e0 votre \u00e9cran d&rsquo;accueil et restez connect\u00e9s au futur !<\/p>\n<p>            <img decoding=\"async\" src=\"https:\/\/www.numerama.com\/wp-content\/themes\/numerama-next\/assets\/images\/premium\/logo-card-pwa-coupe.svg\" alt=\"Logo PWA\"\/><\/p>\n<p>       Installer Numerama<\/p>\n","protected":false},"excerpt":{"rendered":"Le Black Friday 2025 est un long mois de promotions diverses et vari\u00e9es. C\u00f4t\u00e9 tech et divertissement, on&hellip;\n","protected":false},"author":2,"featured_media":561027,"comment_status":"","ping_status":"","sticky":false,"template":"","format":"standard","meta":{"footnotes":""},"categories":[7],"tags":[62374,677,2938,15124,16677,1011,27,183,43,40,41,39,64121,42,44],"class_list":{"0":"post-561026","1":"post","2":"type-post","3":"status-publish","4":"format-standard","5":"has-post-thumbnail","7":"category-sciences-et-technologies","8":"tag-black-friday-2025","9":"tag-bons-plans","10":"tag-bons-plans-gaming","11":"tag-bons-plans-smartphones","12":"tag-bons-plans-tv","13":"tag-fr","14":"tag-france","15":"tag-playstation","16":"tag-science","17":"tag-science-and-technology","18":"tag-sciences","19":"tag-sciences-et-technologies","20":"tag-selections-black-friday","21":"tag-technologies","22":"tag-technology"},"share_on_mastodon":{"url":"https:\/\/pubeurope.com\/@fr\/115618643178771154","error":""},"_links":{"self":[{"href":"https:\/\/www.europesays.com\/fr\/wp-json\/wp\/v2\/posts\/561026","targetHints":{"allow":["GET"]}}],"collection":[{"href":"https:\/\/www.europesays.com\/fr\/wp-json\/wp\/v2\/posts"}],"about":[{"href":"https:\/\/www.europesays.com\/fr\/wp-json\/wp\/v2\/types\/post"}],"author":[{"embeddable":true,"href":"https:\/\/www.europesays.com\/fr\/wp-json\/wp\/v2\/users\/2"}],"replies":[{"embeddable":true,"href":"https:\/\/www.europesays.com\/fr\/wp-json\/wp\/v2\/comments?post=561026"}],"version-history":[{"count":0,"href":"https:\/\/www.europesays.com\/fr\/wp-json\/wp\/v2\/posts\/561026\/revisions"}],"wp:featuredmedia":[{"embeddable":true,"href":"https:\/\/www.europesays.com\/fr\/wp-json\/wp\/v2\/media\/561027"}],"wp:attachment":[{"href":"https:\/\/www.europesays.com\/fr\/wp-json\/wp\/v2\/media?parent=561026"}],"wp:term":[{"taxonomy":"category","embeddable":true,"href":"https:\/\/www.europesays.com\/fr\/wp-json\/wp\/v2\/categories?post=561026"},{"taxonomy":"post_tag","embeddable":true,"href":"https:\/\/www.europesays.com\/fr\/wp-json\/wp\/v2\/tags?post=561026"}],"curies":[{"name":"wp","href":"https:\/\/api.w.org\/{rel}","templated":true}]}}