{"id":561030,"date":"2025-11-26T23:41:16","date_gmt":"2025-11-26T23:41:16","guid":{"rendered":"https:\/\/www.europesays.com\/fr\/561030\/"},"modified":"2025-11-26T23:41:16","modified_gmt":"2025-11-26T23:41:16","slug":"deux-militaires-de-la-garde-nationale-vises-par-des-tirs-pres-de-la-maison-blanche-a-washington","status":"publish","type":"post","link":"https:\/\/www.europesays.com\/fr\/561030\/","title":{"rendered":"Deux militaires de la garde nationale vis\u00e9s par des tirs pr\u00e8s de la Maison-Blanche \u00e0 Washington"},"content":{"rendered":"<p class=\"paragraph text_align_left lp-f-body-02\">Washington sur le qui-vive. Deux militaires de la garde nationale ont \u00e9t\u00e9 touch\u00e9s par des tirs ce mercredi pr\u00e8s de <a href=\"https:\/\/www.leparisien.fr\/international\/etats-unis\/cest-dune-vulgarite-extreme-la-maison-blanche-royaume-du-bling-bling-de-donald-trump-24-10-2025-DYZQZBPH5FBEJG7JC6WCXY3O5M.php\" target=\"_self\" rel=\"noopener\">la Maison-Blanche<\/a> dans la capitale f\u00e9d\u00e9rale, annonce la presse am\u00e9ricaine. \u00ab Ils sont d\u00e9c\u00e9d\u00e9s \u00bb, a fait savoir peu apr\u00e8s Patrick Morrisey, le gouverneur de l\u2019\u00c9tat de Virginie-Occidentale, d\u2019o\u00f9 ils \u00e9taient originaires, avant de revenir sur ses d\u00e9clarations : \u00ab Nous recevons \u00e0 pr\u00e9sent des informations contradictoires sur l\u2019\u00e9tat de nos deux gardes nationaux et nous vous tiendrons au courant de la situation quand nous aurons des informations plus compl\u00e8tes \u00bb. L\u2019\u00e9tat de sant\u00e9 des deux militaires \u00e9tait donc toujours incertain dans la soir\u00e9e.<\/p>\n<p class=\"paragraph text_align_left lp-f-body-02\">Un suspect a \u00e9t\u00e9 arr\u00eat\u00e9, a fait savoir la police de la capitale am\u00e9ricaine sur X, tandis que des h\u00e9licopt\u00e8res survolent la zone. Des journalistes de l\u2019AFP ont vu, \u00e0 deux rues de la Maison Blanche, une personne v\u00eatue d\u2019un uniforme militaire \u00eatre \u00e9vacu\u00e9e sur un brancard.<\/p>\n<p><img decoding=\"async\" class=\"image \" loading=\"lazy\" src=\"https:\/\/www.europesays.com\/fr\/wp-content\/uploads\/2025\/11\/TULCHBE2EBHSNLHTJ5RAFNOULE.jpg\" alt=\"Un militaire a \u00e9t\u00e9 \u00e9vacu\u00e9 sur un brancard. AFP\/Sebastian Smith\" align=\"\" data-rubrique-principale=\"\" data-article-type=\"\" fetchpriority=\"auto\"\/>Un militaire a \u00e9t\u00e9 \u00e9vacu\u00e9 sur un brancard. AFP\/Sebastian Smith <\/p>\n<p class=\"paragraph text_align_left lp-f-body-02\">\u00ab L\u2019animal qui a tir\u00e9 sur les deux gardes nationaux \u00bb est \u00ab aussi gravement bless\u00e9 \u00bb, a d\u00e9clar\u00e9 Donald Trump sur son r\u00e9seau Truth social. \u00ab Il paiera malgr\u00e9 tout tr\u00e8s cher \u00bb son acte, a ajout\u00e9 le pr\u00e9sident am\u00e9ricain qui suit la situation de sa r\u00e9sidence de Mar-a-Lago en Floride, o\u00f9 il compte passer jeudi la f\u00eate de Thanksgiving.<\/p>\n<p class=\"paragraph text_align_left lp-f-body-02\">\u00ab Merci de prier avec moi pour les deux gardes nationaux qui viennent d\u2019\u00eatre touch\u00e9s par balle il y a quelques instants \u00e0 Washington DC \u00bb, a d\u00e9clar\u00e9 sur X Kristi Noem, ministre de la S\u00e9curit\u00e9 int\u00e9rieure.<\/p>\n<p>P\u00e9rim\u00e8tre boucl\u00e9<\/p>\n<p class=\"paragraph text_align_left lp-f-body-02\">\u00ab La Maison Blanche est inform\u00e9e et suit cette situation tragique, le pr\u00e9sident est tenu au courant \u00bb, a d\u00e9clar\u00e9 \u00e0 la presse Karoline Leavitt, la porte-parole de la Maison Blanche.<\/p>\n<p><img decoding=\"async\" class=\"image \" loading=\"lazy\" src=\"https:\/\/www.europesays.com\/fr\/wp-content\/uploads\/2025\/11\/JDSW6VI575FQPCB7PU6NVYAPY4.jpg\" alt=\"Des membres de la Garde Nationale apr\u00e8s les tirs pr\u00e8s de la Maison Blanche \u00e0 Washington. Reuters\/Nathan Howard\" align=\"\" data-rubrique-principale=\"\" data-article-type=\"\" fetchpriority=\"auto\"\/>Des membres de la Garde Nationale apr\u00e8s les tirs pr\u00e8s de la Maison Blanche \u00e0 Washington. Reuters\/Nathan Howard<\/p>\n<p class=\"paragraph text_align_left lp-f-body-02\">\u00ab On a entendu des coups de feu. On attendait au feu rouge et il y a eu plusieurs coups de feu \u00bb, a racont\u00e9 Angela Perry, une agente de s\u00e9curit\u00e9 de 42 ans, en voiture avec ses deux enfants. \u00ab On pouvait voir des membres de la Garde nationale courir vers le m\u00e9tro, armes \u00e0 la main \u00bb, a-t-elle ajout\u00e9.<\/p>\n<p class=\"paragraph text_align_left lp-f-body-02\">\u00ab On \u00e9tait sur le chemin du retour quand on a vu plein de flics et de voitures de police passer \u00e0 toute vitesse devant nous \u00bb, a de son c\u00f4t\u00e9 dit \u00e0 l\u2019AFP Mohammed Elkattabi, un directeur commercial de 47 ans qui venait de visiter la Maison Blanche avec sa famille.<\/p>\n<p class=\"paragraph text_align_left lp-f-body-02\">\u00ab On a vu deux civi\u00e8res \u00bb, a continu\u00e9 ce touriste venu d\u2019Atlanta, dans le sud du pays, pour visiter la capitale am\u00e9ricaine en pleine p\u00e9riode des f\u00eates de Thanksgiving. Son fils de six ans, a-t-il pr\u00e9cis\u00e9, \u00ab apprend l\u2019histoire \u00e0 l\u2019\u00e9cole et il a maintenant pu voir l\u2019histoire en direct \u00bb, dans un pays marqu\u00e9 par les violences politiques et les crimes par armes \u00e0 feu.<\/p>\n<p class=\"paragraph text_align_left lp-f-body-02\">La zone a \u00e9t\u00e9 boucl\u00e9e et des dizaines de v\u00e9hicules de police et d\u2019autres forces de s\u00e9curit\u00e9 locales comme nationales ont \u00e9t\u00e9 d\u00e9p\u00each\u00e9s sur les lieux.<\/p>\n<p>Militaires d\u00e9ploy\u00e9s<\/p>\n<p class=\"paragraph text_align_left lp-f-body-02\">Des militaires des gardes nationaux <a href=\"https:\/\/www.leparisien.fr\/international\/etats-unis\/quest-ce-que-la-garde-nationale-que-donald-trump-deploie-pour-nettoyer-washington-12-08-2025-4TAHLF246NG2LBROQB2LMT7W7I.php\" target=\"_self\" rel=\"noopener\">sont d\u00e9ploy\u00e9s<\/a>, \u00e0 la demande du pr\u00e9sident Donald Trump, depuis ao\u00fbt dans la capitale am\u00e9ricaine. Ils \u00e9taient 2 175 militaires d\u00e9ploy\u00e9s mi-novembre, selon de r\u00e9centes statistiques militaires. Ils seront 500 suppl\u00e9mentaires, a annonc\u00e9 le chef du Pentagone apr\u00e8s cet incident. La municipalit\u00e9 accuse l\u2019ex\u00e9cutif f\u00e9d\u00e9ral d\u2019outrepasser ses pouvoirs.<\/p>\n<p class=\"paragraph text_align_left lp-f-body-02\">Depuis juin, le pr\u00e9sident r\u00e9publicain a envoy\u00e9 la Garde nationale successivement \u00e0 Los Angeles (ouest), Washington et Memphis (sud), \u00e0 chaque fois contre l\u2019avis des autorit\u00e9s locales d\u00e9mocrates, disant ces renforts n\u00e9cessaires pour lutter contre la criminalit\u00e9 et appuyer la police f\u00e9d\u00e9rale de l\u2019immigration (ICE).<\/p>\n<p class=\"paragraph text_align_left lp-f-body-02\">La municipalit\u00e9 de Washington, au statut unique, n\u2019est rattach\u00e9e \u00e0 aucun \u00c9tat am\u00e9ricain, et dispose d\u2019une autonomie limit\u00e9e puisque le Congr\u00e8s a comp\u00e9tence sur ses affaires.<\/p>\n","protected":false},"excerpt":{"rendered":"Washington sur le qui-vive. Deux militaires de la garde nationale ont \u00e9t\u00e9 touch\u00e9s par des tirs ce mercredi&hellip;\n","protected":false},"author":2,"featured_media":561031,"comment_status":"","ping_status":"","sticky":false,"template":"","format":"standard","meta":{"footnotes":""},"categories":[5],"tags":[11,73,118,1011,27,14,12,28],"class_list":{"0":"post-561030","1":"post","2":"type-post","3":"status-publish","4":"format-standard","5":"has-post-thumbnail","7":"category-international","8":"tag-actualites","9":"tag-etats-unis","10":"tag-faits-divers","11":"tag-fr","12":"tag-france","13":"tag-international","14":"tag-news","15":"tag-world"},"share_on_mastodon":{"url":"https:\/\/pubeurope.com\/@fr\/115618650373967971","error":""},"_links":{"self":[{"href":"https:\/\/www.europesays.com\/fr\/wp-json\/wp\/v2\/posts\/561030","targetHints":{"allow":["GET"]}}],"collection":[{"href":"https:\/\/www.europesays.com\/fr\/wp-json\/wp\/v2\/posts"}],"about":[{"href":"https:\/\/www.europesays.com\/fr\/wp-json\/wp\/v2\/types\/post"}],"author":[{"embeddable":true,"href":"https:\/\/www.europesays.com\/fr\/wp-json\/wp\/v2\/users\/2"}],"replies":[{"embeddable":true,"href":"https:\/\/www.europesays.com\/fr\/wp-json\/wp\/v2\/comments?post=561030"}],"version-history":[{"count":0,"href":"https:\/\/www.europesays.com\/fr\/wp-json\/wp\/v2\/posts\/561030\/revisions"}],"wp:featuredmedia":[{"embeddable":true,"href":"https:\/\/www.europesays.com\/fr\/wp-json\/wp\/v2\/media\/561031"}],"wp:attachment":[{"href":"https:\/\/www.europesays.com\/fr\/wp-json\/wp\/v2\/media?parent=561030"}],"wp:term":[{"taxonomy":"category","embeddable":true,"href":"https:\/\/www.europesays.com\/fr\/wp-json\/wp\/v2\/categories?post=561030"},{"taxonomy":"post_tag","embeddable":true,"href":"https:\/\/www.europesays.com\/fr\/wp-json\/wp\/v2\/tags?post=561030"}],"curies":[{"name":"wp","href":"https:\/\/api.w.org\/{rel}","templated":true}]}}