{"id":561044,"date":"2025-11-26T23:48:17","date_gmt":"2025-11-26T23:48:17","guid":{"rendered":"https:\/\/www.europesays.com\/fr\/561044\/"},"modified":"2025-11-26T23:48:17","modified_gmt":"2025-11-26T23:48:17","slug":"la-seyne-sur-mer-rehabilitation-de-la-corniche-tamaris-on-fait-le-point","status":"publish","type":"post","link":"https:\/\/www.europesays.com\/fr\/561044\/","title":{"rendered":"La Seyne-sur-Mer. R\u00e9habilitation de la corniche Tamaris : on fait le point"},"content":{"rendered":"<p>                    Par<br \/>\n        <strong><br \/>\n            <a href=\"https:\/\/actu.fr\/auteur\/laetitia-soula-gmail-com\" title=\"Consulter tous les articles de Laetitia Soula\" target=\"_blank\" rel=\"noopener\">Laetitia Soula<\/a><br \/>\n                    <\/strong><\/p>\n<p>        Publi\u00e9 le<\/p>\n<p>            26 nov. 2025 \u00e0 8h56<br \/>\n        ; mis \u00e0 jour le 26 nov. 2025 \u00e0 15h19    <\/p>\n<p>C\u2019est l\u2019un des dossiers structurants de <strong>Toulon Provence M\u00e9tropole<\/strong> (TPM), qui a d\u00e9but\u00e9 en 2021 avec le lancement des <strong>\u00e9tudes de conception<\/strong>.<\/p>\n<p class=\" wall-content\">A\u00a0<a href=\"https:\/\/actu.fr\/provence-alpes-cote-d-azur\/la-seyne-sur-mer_83126\" target=\"_blank\" rel=\"noopener\"><strong>La Seyne-sur-Mer<\/strong><\/a>, la <strong>corniche Tamaris<\/strong>, p\u00e9pite touristique dans le d\u00e9partement du <a href=\"https:\/\/actu.fr\/provence-alpes-cote-d-azur\/var_83\" target=\"_blank\" rel=\"noopener\"><strong>Var<\/strong><\/a>, fait peau neuve sur ses <strong>4,5 km<\/strong> de long en bordure de <strong>M\u00e9diterran\u00e9e<\/strong>. On fait le point.<\/p>\n<p>De gros travaux structurels<\/p>\n<p class=\" wall-content\">Haltes contemplatives, <strong>esplanades<\/strong>, squares, <strong>pontons promenades<\/strong> sur l\u2019eau\u2026 Reliant <a href=\"https:\/\/actu.fr\/provence-alpes-cote-d-azur\/saint-mandrier-sur-mer_83153\" target=\"_blank\" rel=\"noopener\"><strong>Saint-Mandrier<\/strong><\/a> et le quartier des Sablettes au centre-ville de <strong>La Seyne-sur-Mer<\/strong>, la corniche Tamaris veut accueillir une <strong>circulation apais\u00e9e<\/strong>, avec une piste cyclable du nord au sud, des <strong>zones pi\u00e9tonnes<\/strong> et une dizaine d\u2019espaces am\u00e9nag\u00e9s.\u00a0<\/p>\n<p class=\" wall-content\">La chauss\u00e9e, tr\u00e8s d\u00e9grad\u00e9e, pr\u00e9sentant un <strong>danger d\u2019affaissement<\/strong> et les diff\u00e9rents r\u00e9seaux (assainissement, eau potable) \u00e9tant <strong>vieillissants<\/strong>, il n\u2019\u00e9tait pas envisageable de refaire uniquement l\u2019enrob\u00e9e de la voie : entreprendre <strong>de gros travaux structurels<\/strong> devenait n\u00e9cessaire.<\/p>\n<blockquote class=\"ac-article-quote wall-content\">\n<p>Plus de 2 000 personnes ont particip\u00e9 aux r\u00e9unions publiques, ateliers de concertation ou diagnostics, et pr\u00e8s de 1\u00a0500 contributions ont \u00e9t\u00e9 recueillies dans le cadre de l\u2019enqu\u00eate en ligne et sur les r\u00e9seaux sociaux<\/p>\n<p>    <strong>Les services de Toulon Provence M\u00e9tropole<\/strong>\n            <\/p><\/blockquote>\n<p>Concertation avec les habitants<\/p>\n<p class=\" wall-content\">Ce grand projet, dont le financement s\u2019\u00e9l\u00e8ve \u00e0 la rondelette somme de <strong>39 millions d\u2019euros<\/strong>, fait l\u2019objet d\u2019une <strong>concertation avec les habitants<\/strong>. Les prochaines \u00e9ch\u00e9ances sont les suivantes :<\/p>\n<ul class=\" wall-content\">\n<li>F\u00e9vrier 2026 : d\u00e9p\u00f4t du dossier de <strong>demande d\u2019autorisation environnementale<\/strong> et de l\u2019\u00e9tude d\u2019impact,<\/li>\n<li>1er semestre 2026\u00a0: <strong>enqu\u00eate publique<\/strong>,<\/li>\n<li>2e semestre 2026 \u00e0 1er semestre 2028 : <strong>travaux<\/strong> phase sud,<\/li>\n<li>2e semestre 2028 \u00e0 2e semestre 2029 : <strong>travaux<\/strong> phase nord.<\/li>\n<\/ul>\n<p>Votre r\u00e9gion, votre actu !<\/p>\n<p>Recevez chaque jour les infos qui comptent pour vous.<\/p>\n<p>\t<a href=\"https:\/\/actu.fr\/newsletter\" class=\"ac-btn ac-btn--corner ac-btn--medium ac-btn--blue800\" target=\"_blank\" rel=\"noopener\">S&rsquo;incrire<\/a><\/p>\n<p>    <img   decoding=\"async\" loading=\"lazy\" src=\"https:\/\/www.europesays.com\/fr\/wp-content\/uploads\/2025\/11\/calendrier-corniche-credit-ville-de-la-seyne-sur-mer-960x640.jpg\" alt=\"Calendrier pr\u00e9visionnel du projet de r\u00e9habilitation pour la corniche Tamaris \u00e0 La Seyne-sur-Mer (Var).\" width=\"960\" height=\"640\"\/><br \/>\n    Calendrier pr\u00e9visionnel du projet de r\u00e9habilitation pour la corniche Tamaris \u00e0 La Seyne-sur-Mer (Var). (\u00a9TPM)<\/p>\n<p class=\" wall-content\">Si le calendrier est respect\u00e9, les <strong>travaux<\/strong> devraient donc commencer en 2026, pour <strong>s\u2019achever en 2029<\/strong>, selon les derni\u00e8res informations communiqu\u00e9es par les services de la m\u00e9tropole.<\/p>\n<p><img decoding=\"async\" src=\"https:\/\/www.europesays.com\/fr\/wp-content\/uploads\/2025\/11\/corniche-tamaris3-credit-ville-de-la-seyne-sur-mer-640x427.jpg\" alt=\"\" width=\"640\" height=\"427\" loading=\"lazy\"\/>Zoom sur l\u2019Institut Michel-Pacha<\/p>\n<p>Sur la fameuse corniche, \u00e0 La Seyne-sur-Mer, l&rsquo;Institut de biologie marine Michel-Pacha, connu comme la \u00ab\u00a0station de biologie maritime de Tamaris\u00a0\u00bb, \u00e9tait d\u00e9saffect\u00e9 en 2008. D\u2019importants travaux de r\u00e9habilitation ont permis de restaurer l\u2019\u00e9difice, des fondations \u00e0 la charpente en passant par les ornements et corniches mauresques en fa\u00e7ade, qui ont retrouv\u00e9 tout leur \u00e9clat. L\u2019objectif\u00a0? Accueillir un centre international de s\u00e9minaires.<\/p>\n<p>Plus d\u2019infos sur le site de Toulon Provence M\u00e9tropole (<a href=\"https:\/\/metropoletpm.fr\/grands-projets\/rehabilitation-de-la-corniche-tamaris\" target=\"_blank\" rel=\"noopener\">TPM<\/a>).<\/p>\n<p class=\" wall-content\">Personnalisez votre actualit\u00e9 en ajoutant vos villes et m\u00e9dias en favori avec <a href=\"https:\/\/moncompte.actu.fr\" title=\"D\u00e9couvez Mon Actu\" rel=\"nofollow noopener\" data-trk=\"{&quot;cta&quot;:{&quot;action&quot;:&quot;https:\\\/\\\/moncompte.actu.fr&quot;,&quot;category&quot;:&quot;mon compte&quot;,&quot;from&quot;:&quot;article footer&quot;,&quot;name&quot;:&quot;Mon actu&quot;,&quot;type&quot;:&quot;cta&quot;}}\" target=\"_blank\">Mon Actu<\/a>.<\/p>\n","protected":false},"excerpt":{"rendered":"Par Laetitia Soula Publi\u00e9 le 26 nov. 2025 \u00e0 8h56 ; mis \u00e0 jour le 26 nov. 2025&hellip;\n","protected":false},"author":2,"featured_media":561045,"comment_status":"","ping_status":"","sticky":false,"template":"","format":"standard","meta":{"footnotes":""},"categories":[9619],"tags":[1111,11,1777,674,1011,27,12,882,5765,25,104,2310,2086,1352],"class_list":{"0":"post-561044","1":"post","2":"type-post","3":"status-publish","4":"format-standard","5":"has-post-thumbnail","7":"category-toulon","8":"tag-actu","9":"tag-actualites","10":"tag-eu","11":"tag-europe","12":"tag-fr","13":"tag-france","14":"tag-news","15":"tag-provence-alpes-cote-dazur","16":"tag-renovation-urbaine","17":"tag-republique-francaise","18":"tag-societe","19":"tag-toulon","20":"tag-travaux","21":"tag-urbanisme"},"share_on_mastodon":{"url":"https:\/\/pubeurope.com\/@fr\/115618677681209085","error":""},"_links":{"self":[{"href":"https:\/\/www.europesays.com\/fr\/wp-json\/wp\/v2\/posts\/561044","targetHints":{"allow":["GET"]}}],"collection":[{"href":"https:\/\/www.europesays.com\/fr\/wp-json\/wp\/v2\/posts"}],"about":[{"href":"https:\/\/www.europesays.com\/fr\/wp-json\/wp\/v2\/types\/post"}],"author":[{"embeddable":true,"href":"https:\/\/www.europesays.com\/fr\/wp-json\/wp\/v2\/users\/2"}],"replies":[{"embeddable":true,"href":"https:\/\/www.europesays.com\/fr\/wp-json\/wp\/v2\/comments?post=561044"}],"version-history":[{"count":0,"href":"https:\/\/www.europesays.com\/fr\/wp-json\/wp\/v2\/posts\/561044\/revisions"}],"wp:featuredmedia":[{"embeddable":true,"href":"https:\/\/www.europesays.com\/fr\/wp-json\/wp\/v2\/media\/561045"}],"wp:attachment":[{"href":"https:\/\/www.europesays.com\/fr\/wp-json\/wp\/v2\/media?parent=561044"}],"wp:term":[{"taxonomy":"category","embeddable":true,"href":"https:\/\/www.europesays.com\/fr\/wp-json\/wp\/v2\/categories?post=561044"},{"taxonomy":"post_tag","embeddable":true,"href":"https:\/\/www.europesays.com\/fr\/wp-json\/wp\/v2\/tags?post=561044"}],"curies":[{"name":"wp","href":"https:\/\/api.w.org\/{rel}","templated":true}]}}