{"id":56105,"date":"2025-04-27T05:40:10","date_gmt":"2025-04-27T05:40:10","guid":{"rendered":"https:\/\/www.europesays.com\/fr\/56105\/"},"modified":"2025-04-27T05:40:10","modified_gmt":"2025-04-27T05:40:10","slug":"concurrence-de-lasie-nuisances-a-paris-le-quartier-du-sentier-sest-vide-de-ses-commerces-de-gros","status":"publish","type":"post","link":"https:\/\/www.europesays.com\/fr\/56105\/","title":{"rendered":"Concurrence de l&rsquo;Asie, nuisances&#8230; \u00c0 Paris, le quartier du Sentier s&rsquo;est vid\u00e9 de ses commerces de gros"},"content":{"rendered":"<p>            Par<br \/>\n        <strong><br \/>\n            <a href=\"https:\/\/actu.fr\/auteur\/redaction-paris\" title=\"Consulter tous les articles de R\u00e9daction Paris\" rel=\"nofollow noopener\" target=\"_blank\">R\u00e9daction Paris<\/a><br \/>\n        <\/strong><\/p>\n<p>        Publi\u00e9 le<\/p>\n<p>            27 avr. 2025 \u00e0 6h34        <\/p>\n<p>Ray\u00e9s de la carte. Mercredi 23 avril 2025, l\u2019Atelier parisien d\u2019urbanisme (Apur) a publi\u00e9 <a href=\"https:\/\/www.apur.org\/fr\/nos-travaux\/mutations-commerces-gros-paris-nouvelles-occupations-rez-chaussee\" rel=\"nofollow noopener\" target=\"_blank\">une \u00e9tude<\/a> selon laquelle le nombre de <strong>commerces de gros<\/strong> situ\u00e9s en pied d\u2019immeuble dans la <a href=\"https:\/\/actu.fr\/paris\/dernieres-actus\" rel=\"nofollow noopener\" target=\"_blank\">capitale<\/a> a chut\u00e9 de 77\u2009% entre 2003 et 2023. En cause : la d\u00e9localisation de la production, des nuisances pour le voisinage et de la hausse des <a href=\"https:\/\/actu.fr\/ile-de-france\/paris_75056\/immobilier-a-paris-dans-ces-arrondissements-les-prix-atteignent-des-niveaux-jamais-vus-depuis-des-annees_62198923.html\" rel=\"nofollow noopener\" target=\"_blank\">prix de l\u2019immobilier<\/a>.<\/p>\n<p>Des locaux plus vastes et moins chers<\/p>\n<p class=\" wall-content\">Ces commerces destin\u00e9s aux professionnels ont longtemps \u00e9t\u00e9 <strong>regroup\u00e9s g\u00e9ographiquement par secteur d\u2019activit\u00e9<\/strong> dans le Sentier (2e) et \u00e0 Sedaine-Popincourt (11e) pour l\u2019habillement et le textile, ou \u00e0 Beaubourg-Temple (3e) pour la bijouterie, la maroquinerie et les chaussures.<\/p>\n<p class=\" wall-content\">Alors qu\u2019ils occupaient \u00ab\u2009plus de 3\u2009400 locaux en rez-de-chauss\u00e9e des rues parisiennes au d\u00e9but des ann\u00e9es 2000, ils n\u2019en occupent plus que 782 en 2023\u2009\u00bb, rel\u00e8ve l\u2019\u00e9tude de l\u2019Apur, r\u00e9alis\u00e9e \u00e0 partir des donn\u00e9es de l\u2019enqu\u00eate sur le commerce de 2023.<\/p>\n<p class=\" wall-content\">\n<p class=\" wall-content\">Ce d\u00e9part s\u2019explique notamment par un \u00ab\u2009d\u00e9clin de la fabrication et des ateliers de confection, souvent situ\u00e9s en \u00e9tage, qui fonctionnaient en synergie avec les commerces implant\u00e9s au rez-de-chauss\u00e9e\u2009\u00bb.<br \/>\u00ab\u2009Avec la lib\u00e9ralisation des importations et la suppression des quotas textiles \u00e0 partir des ann\u00e9es 2000, les grandes cha\u00eenes de pr\u00eat-\u00e0-porter ont d\u00e9laiss\u00e9 les ateliers du Sentier pour ceux situ\u00e9s en Asie, o\u00f9 les <a href=\"https:\/\/actu.fr\/normandie\/barentin_76057\/a-barentin-l-usine-tecumseh-ferme-pour-aller-en-asie-le-groupe-s-explique_59678494.html\" rel=\"nofollow noopener\" target=\"_blank\">prix \u00e9taient beaucoup plus bas<\/a>. Les ateliers de confection ont disparu petit \u00e0 petit\u2009\u00bb, note l\u2019Apur, qui estime aujourd\u2019hui leur nombre \u00e0 \u00ab\u2009moins de 200\u2009\u00bb dans le 2e arrondissement de la capitale.<\/p>\n<p class=\" wall-content\">\u00c0 la recherche de locaux \u00ab\u2009plus vastes et moins chers\u2009\u00bb, ces commerces sont d\u2019abord partis en premi\u00e8re couronne \u00e0 partir du d\u00e9but des ann\u00e9es 2000, notamment \u00e0 <a href=\"https:\/\/actu.fr\/ile-de-france\/aubervilliers_93001\" rel=\"nofollow noopener\" target=\"_blank\">Aubervilliers<\/a> (Seine-Saint-Denis), puis \u00e0 <a href=\"https:\/\/actu.fr\/ile-de-france\/tremblay-en-france_93073\" rel=\"nofollow noopener\" target=\"_blank\">Tremblay-en-France<\/a> avec de nouveaux \u00e9quipements d\u00e9di\u00e9s et la proximit\u00e9 de l\u2019<a href=\"https:\/\/actu.fr\/tag\/aeroport-roissy-charles-de-gaulle\" rel=\"nofollow noopener\" target=\"_blank\">a\u00e9roport Roissy Charles-de-Gaulle<\/a>.<\/p>\n<p>Vid\u00e9os : en ce moment sur Actu<\/p>\n<p class=\" wall-content\">Les commerces de gros ont \u00e9galement \u00e9t\u00e9 pouss\u00e9s hors de la capitale en raison de difficult\u00e9s d\u2019acc\u00e8s, de <a href=\"https:\/\/actu.fr\/tag\/circulation\" rel=\"nofollow noopener\" target=\"_blank\">circulation<\/a> et de<a href=\"https:\/\/actu.fr\/ile-de-france\/paris_75056\/dans-cette-rue-de-paris-des-places-de-stationnement-et-de-livraison-sucrees-sans-delai-ni-concertation_61267323.html\" rel=\"nofollow noopener\" target=\"_blank\"> stationnement<\/a> ou encore des plaintes de riverains li\u00e9es au bruit, et \u00e0 des ramassages d\u2019emballages cartonn\u00e9s de plus en plus nombreux.<\/p>\n<p class=\" wall-content\">Les nouveaux commerces ont majoritairement \u00e9t\u00e9 remplac\u00e9s par des commerces de d\u00e9tail, r\u00e9partis entre commerces de destination (62\u2009%), commerces et services de proximit\u00e9 (17\u2009%) et des bars-caf\u00e9s-restaurants (21\u2009%).<\/p>\n<p class=\" wall-content\">En vingt ans, plusieurs politiques ont \u00e9t\u00e9 mises en place par la <a href=\"https:\/\/actu.fr\/tag\/mairie-de-paris\" rel=\"nofollow noopener\" target=\"_blank\">Ville de Paris<\/a>, notamment au travers du plan local d\u2019urbanisme (PLU), afin de lutter contre la mono-activit\u00e9, contre la vacance des locaux, et aider \u00e0 la r\u00e9implantation de commerces de proximit\u00e9 destin\u00e9s \u00e0 la population locale, souligne l\u2019Apur.<\/p>\n<p class=\" wall-content\">avec AFP<\/p>\n<p class=\" wall-content\">Suivez toute l\u2019actualit\u00e9 de vos villes et m\u00e9dias favoris en vous inscrivant \u00e0 <a href=\"https:\/\/moncompte.actu.fr\" title=\"D\u00e9couvez Mon Actu\" rel=\"nofollow noopener\" data-trk=\"{&quot;cta&quot;:{&quot;action&quot;:&quot;https:\\\/\\\/moncompte.actu.fr&quot;,&quot;category&quot;:&quot;mon compte&quot;,&quot;from&quot;:&quot;article footer&quot;,&quot;name&quot;:&quot;Mon actu&quot;,&quot;type&quot;:&quot;cta&quot;}}\" target=\"_blank\">Mon Actu<\/a>.<\/p>\n","protected":false},"excerpt":{"rendered":"Par R\u00e9daction Paris Publi\u00e9 le 27 avr. 2025 \u00e0 6h34 Ray\u00e9s de la carte. Mercredi 23 avril 2025,&hellip;\n","protected":false},"author":2,"featured_media":56106,"comment_status":"","ping_status":"","sticky":false,"template":"","format":"standard","meta":{"footnotes":""},"categories":[1888],"tags":[11,215,33,1777,674,1011,27,1116,12,626,25],"class_list":{"0":"post-56105","1":"post","2":"type-post","3":"status-publish","4":"format-standard","5":"has-post-thumbnail","7":"category-paris","8":"tag-actualites","9":"tag-commerce","10":"tag-economie","11":"tag-eu","12":"tag-europe","13":"tag-fr","14":"tag-france","15":"tag-immobilier","16":"tag-news","17":"tag-paris","18":"tag-republique-francaise"},"share_on_mastodon":{"url":"https:\/\/pubeurope.com\/@fr\/114408326908653546","error":""},"_links":{"self":[{"href":"https:\/\/www.europesays.com\/fr\/wp-json\/wp\/v2\/posts\/56105","targetHints":{"allow":["GET"]}}],"collection":[{"href":"https:\/\/www.europesays.com\/fr\/wp-json\/wp\/v2\/posts"}],"about":[{"href":"https:\/\/www.europesays.com\/fr\/wp-json\/wp\/v2\/types\/post"}],"author":[{"embeddable":true,"href":"https:\/\/www.europesays.com\/fr\/wp-json\/wp\/v2\/users\/2"}],"replies":[{"embeddable":true,"href":"https:\/\/www.europesays.com\/fr\/wp-json\/wp\/v2\/comments?post=56105"}],"version-history":[{"count":0,"href":"https:\/\/www.europesays.com\/fr\/wp-json\/wp\/v2\/posts\/56105\/revisions"}],"wp:featuredmedia":[{"embeddable":true,"href":"https:\/\/www.europesays.com\/fr\/wp-json\/wp\/v2\/media\/56106"}],"wp:attachment":[{"href":"https:\/\/www.europesays.com\/fr\/wp-json\/wp\/v2\/media?parent=56105"}],"wp:term":[{"taxonomy":"category","embeddable":true,"href":"https:\/\/www.europesays.com\/fr\/wp-json\/wp\/v2\/categories?post=56105"},{"taxonomy":"post_tag","embeddable":true,"href":"https:\/\/www.europesays.com\/fr\/wp-json\/wp\/v2\/tags?post=56105"}],"curies":[{"name":"wp","href":"https:\/\/api.w.org\/{rel}","templated":true}]}}